{"id":71973,"date":"2015-12-14T04:24:43","date_gmt":"2015-12-14T03:24:43","guid":{"rendered":"http:\/\/gazdasagportal.hu\/?p=71973"},"modified":"2015-12-13T20:46:33","modified_gmt":"2015-12-13T19:46:33","slug":"a-heten-borus-ido-inkabb-eso-csak-nehol-fordulhat-ho","status":"publish","type":"post","link":"https:\/\/gazdasagportal.hu\/index.php\/a-heten-borus-ido-inkabb-eso-csak-nehol-fordulhat-ho\/","title":{"rendered":"A h\u00e9ten bor\u00fas id\u0151, ink\u00e1bb es\u0151, csak n\u00e9hol fordulhat h\u00f3"},"content":{"rendered":"<p><strong>A h\u00e9ten is folytat\u00f3dik a bor\u00fas id\u0151, ink\u00e1bb es\u0151re kell k\u00e9sz\u00fclni, csak n\u00e9hol fordulhat el\u0151 havas es\u0151, h\u00f3. M\u00e9g melegszik is az id\u0151, a h\u00e9t m\u00e1sodik fel\u00e9ben t\u00f6bb helyen 10 Celsius-fokn\u00e1l is melegebb lehet &#8211; der\u00fcl ki az Orsz\u00e1gos Meteorol\u00f3giai Szolg\u00e1lat vas\u00e1rnap az MTI-hez eljuttatott,  orsz\u00e1gos, k\u00f6z\u00e9pt\u00e1v\u00fa el\u0151rejelz\u00e9s\u00e9b\u0151l.<\/strong><!--more--><\/p>\n<div class=\"ads-in-post1\"><div id=\"gazdasagportal.hu_fullbanner_wideboard\"><\/div>\r\n<\/div>\n<p>    H\u00e9tf\u0151re virrad\u00f3 \u00e9jszaka els\u0151sorban d\u00e9len \u00e9s keleten k\u00e9pz\u0151dik k\u00f6d, ami d\u00e9lel\u0151tt feloszlik, de p\u00e1r\u00e1s marad a leveg\u0151. Napk\u00f6zben \u00e1ltal\u00e1ban felh\u0151s vagy er\u0151sen felh\u0151s lesz az \u00e9g, csak r\u00f6videbb napos id\u0151szakok lehetnek. Sz\u00e1mottev\u0151 csapad\u00e9k tov\u00e1bbra sem lesz. A legalacsonyabb h\u0151m\u00e9rs\u00e9klet m\u00ednusz 5 \u00e9s plusz 1, a legmagasabb nappali h\u0151m\u00e9rs\u00e9klet plusz 5 fok k\u00f6r\u00fcl v\u00e1rhat\u00f3.<br \/>\n    Kedden er\u0151sen felh\u0151s, vagy borult lesz az \u00e9g, t\u00f6bb helyen p\u00e1r\u00e1ss\u00e1gra, els\u0151sorban a Dun\u00e1nt\u00falon foltokban tart\u00f3sabb k\u00f6dre is k\u00e9sz\u00fcl kell. Csapad\u00e9k nem val\u00f3sz\u00edn\u0171. A leghidegebb \u00f3r\u00e1kban m\u00ednusz 3 \u00e9s plusz 2, napk\u00f6zben, plusz 1-6 fok k\u00f6z\u00f6tt alakul a h\u0151m\u00e9rs\u00e9klet.<br \/>\n    Szerd\u00e1n is t\u00f6bbnyire er\u0151sen felh\u0151s vagy borult, p\u00e1r\u00e1s lesz az id\u0151, n\u00e9hol lehet szit\u00e1l\u00e1s is. A minimumh\u0151m\u00e9rs\u00e9klet m\u00ednusz 2 \u00e9s plusz 3, maximumh\u0151m\u00e9rs\u00e9klet plusz 2-7 fok k\u00f6z\u00f6tt alakul.<br \/>\n    Cs\u00fct\u00f6rt\u00f6k\u00f6n t\u00f6bb helyen val\u00f3sz\u00edn\u0171 es\u0151, az \u00c9szaki-k\u00f6z\u00e9phegys\u00e9g t\u00e9rs\u00e9g\u00e9ben \u00e9s Szabolcsban havas es\u0151, h\u00f3 is. A legalacsonyabb h\u0151m\u00e9rs\u00e9klet m\u00ednusz 1 \u00e9s plusz 3, a legmagasabb h\u0151m\u00e9rs\u00e9klet plusz 1-6 fok k\u00f6z\u00f6tt val\u00f3sz\u00edn\u0171.<br \/>\n    P\u00e9nteken sz\u00f3rv\u00e1nyosan v\u00e1rhat\u00f3 kisebb es\u0151. A leghidegebb \u00f3r\u00e1kban 0 \u00e9s plusz 5 fok k\u00f6z\u00f6tt alakul a h\u0151m\u00e9rs\u00e9klet. Nappal plusz 4-10 fokig melegszik a leveg\u0151.<br \/>\n    Helyenk\u00e9nt vas\u00e1rnap is er\u0151s lesz a sz\u00e9l, n\u00e9hol fut\u00f3 z\u00e1por is lehet. A leghidegebb \u00f3r\u00e1kban plusz 1-6 fok lehet. Napk\u00f6zben 8-13 fokig melegszik a leveg\u0151 &#8211; olvashat\u00f3 az el\u0151rejelz\u00e9sben.(MTI)<\/p>\n","protected":false},"excerpt":{"rendered":"<p>A h\u00e9ten is folytat\u00f3dik a bor\u00fas id\u0151, ink\u00e1bb es\u0151re kell k\u00e9sz\u00fclni, csak n\u00e9hol fordulhat el\u0151 havas es\u0151, h\u00f3. M\u00e9g melegszik is az id\u0151, a h\u00e9t m\u00e1sodik fel\u00e9ben t\u00f6bb helyen 10 Celsius-fokn\u00e1l is melegebb lehet &#8211; der\u00fcl ki az Orsz\u00e1gos Meteorol\u00f3giai Szolg\u00e1lat vas\u00e1rnap az MTI-hez eljuttatott, orsz\u00e1gos, k\u00f6z\u00e9pt\u00e1v\u00fa el\u0151rejelz\u00e9s\u00e9b\u0151l.<\/p>\n","protected":false},"author":1,"featured_media":0,"comment_status":"open","ping_status":"closed","sticky":false,"template":"","format":"standard","meta":[],"categories":[4],"tags":[],"_links":{"self":[{"href":"https:\/\/gazdasagportal.hu\/index.php\/wp-json\/wp\/v2\/posts\/71973"}],"collection":[{"href":"https:\/\/gazdasagportal.hu\/index.php\/wp-json\/wp\/v2\/posts"}],"about":[{"href":"https:\/\/gazdasagportal.hu\/index.php\/wp-json\/wp\/v2\/types\/post"}],"author":[{"embeddable":true,"href":"https:\/\/gazdasagportal.hu\/index.php\/wp-json\/wp\/v2\/users\/1"}],"replies":[{"embeddable":true,"href":"https:\/\/gazdasagportal.hu\/index.php\/wp-json\/wp\/v2\/comments?post=71973"}],"version-history":[{"count":1,"href":"https:\/\/gazdasagportal.hu\/index.php\/wp-json\/wp\/v2\/posts\/71973\/revisions"}],"predecessor-version":[{"id":71974,"href":"https:\/\/gazdasagportal.hu\/index.php\/wp-json\/wp\/v2\/posts\/71973\/revisions\/71974"}],"wp:attachment":[{"href":"https:\/\/gazdasagportal.hu\/index.php\/wp-json\/wp\/v2\/media?parent=71973"}],"wp:term":[{"taxonomy":"category","embeddable":true,"href":"https:\/\/gazdasagportal.hu\/index.php\/wp-json\/wp\/v2\/categories?post=71973"},{"taxonomy":"post_tag","embeddable":true,"href":"https:\/\/gazdasagportal.hu\/index.php\/wp-json\/wp\/v2\/tags?post=71973"}],"curies":[{"name":"wp","href":"https:\/\/api.w.org\/{rel}","templated":true}]}}