{"id":71970,"date":"2015-12-14T04:44:15","date_gmt":"2015-12-14T03:44:15","guid":{"rendered":"http:\/\/gazdasagportal.hu\/?p=71970"},"modified":"2015-12-13T20:38:14","modified_gmt":"2015-12-13T19:38:14","slug":"orban-keszen-allok-a-folytatasra","status":"publish","type":"post","link":"https:\/\/gazdasagportal.hu\/index.php\/orban-keszen-allok-a-folytatasra\/","title":{"rendered":"Orb\u00e1n: k\u00e9szen \u00e1llok a folytat\u00e1sra"},"content":{"rendered":"<p><strong>Orb\u00e1n Viktor korm\u00e1nyf\u0151 k\u00e9szen \u00e1ll arra, hogy k\u00e9t \u00e9v m\u00falva &#8211; ha meglesz a bizalom &#8211; vezesse a Fideszt \u00e9s sz\u00f6vets\u00e9geseit a v\u00e1laszt\u00e1si kamp\u00e1nyban, \u00e9s gy\u0151zelem eset\u00e9n folytassa a munk\u00e1t a korm\u00e1ny \u00e9l\u00e9n.<!--more--><\/p>\n<p> A minisztereln\u00f6k, a Fidesz \u00fajrav\u00e1lasztott eln\u00f6ke ezt a t\u00f6bb mint egy \u00f3r\u00e1s, t\u00f6bb helyen szem\u00e9lyes hangv\u00e9tel\u0171 besz\u00e9d\u00e9ben k\u00f6z\u00f6lte a Fidesz XXVI., tiszt\u00faj\u00edt\u00f3 kongresszus\u00e1n, Budapesten, a Hungexp\u00f3n, ahol bejelentette azt is: 5 sz\u00e1zal\u00e9kra cs\u00f6kken a lak\u00e1s\u00e9p\u00edt\u00e9s \u00e1f\u00e1ja. Buzd\u00edtott tov\u00e1bb\u00e1 a betelep\u00edt\u00e9si kv\u00f3ta elleni pet\u00edci\u00f3 al\u00e1\u00edr\u00e1s\u00e1ra, \u00e9s s\u00fcrgette a visszat\u00e9r\u00e9st a demokratikus Eur\u00f3p\u00e1hoz.<\/strong><br \/>\n<div class=\"ads-in-post1\"><div id=\"gazdasagportal.hu_fullbanner_wideboard\"><\/div>\r\n<\/div>\n<p>    Orb\u00e1n Viktort &#8211; aki 2003 \u00f3ta a Fidesz eln\u00f6ke, kor\u00e1bban pedig 1993 \u00e9s 2000 k\u00f6z\u00f6tt is \u0151 \u00e1llt a p\u00e1rt \u00e9l\u00e9n &#8211; az 1177 \u00e9rv\u00e9nyes szavazatb\u00f3l 1174 vokssal v\u00e1lasztott\u00e1k \u00fajra p\u00e1rteln\u00f6kk\u00e9 a k\u00fcld\u00f6ttek.<br \/>\n    <a href=\"https:\/\/gazdasagportal.hu\/wp-content\/uploads\/2015\/12\/orban_viktor.jpg\"><img decoding=\"async\" loading=\"lazy\" src=\"https:\/\/gazdasagportal.hu\/wp-content\/uploads\/2015\/12\/orban_viktor-300x199.jpg\" alt=\"orban_viktor\" width=\"300\" height=\"199\" class=\"alignleft size-medium wp-image-71971\" srcset=\"https:\/\/gazdasagportal.hu\/wp-content\/uploads\/2015\/12\/orban_viktor-300x199.jpg 300w, https:\/\/gazdasagportal.hu\/wp-content\/uploads\/2015\/12\/orban_viktor.jpg 600w\" sizes=\"(max-width: 300px) 100vw, 300px\" \/><\/a>A minisztereln\u00f6k besz\u00e9d\u00e9ben K\u00f6z\u00e9p-Eur\u00f3pa legr\u00e9gebbi, legnagyobb \u00e9s legsikeresebb p\u00e1rtj\u00e1nak nevezte a Fideszt, amelynek imm\u00e1r csaknem 30 \u00e9ves t\u00f6rt\u00e9net\u00e9re visszautalva kijelentette: &#8222;30 \u00e9ve itt vagyunk (&#8230;), \u00e9s a k\u00f6vetkez\u0151 30 \u00e9vben is itt lesz\u00fcnk&#8221;. A Fidesz politik\u00e1j\u00e1t jellemezve hangs\u00falyozta: a korm\u00e1nyp\u00e1rt mindig a magyar \u00e9rdekeket k\u00e9pviseli, mert ha \u0151k nem v\u00e9dik meg a magyarokat, senki m\u00e1s nem fogja. &#8222;El\u0151\u00e1llunk valamivel, azt mondj\u00e1k, lehetetlen (&#8230;), azt\u00e1n csak lesnek, mint ponty a szatyorban, amikor m\u00e9gis megcsin\u00e1ljuk&#8221; &#8211; p\u00e9ld\u00e1zta, megism\u00e9telve: &#8222;a mindennapi patriotizmus \u00e9lett\u00f6rv\u00e9ny a Fideszben&#8221;.<br \/>\n    Mint fogalmazott: hisz\u00fcnk Magyarorsz\u00e1gban \u00e9s a magyarokban, hisz\u00fcnk abban, hogy a magyarok b\u00e1rmilyen rossz helyzetb\u0151l fel tudj\u00e1k emelni az orsz\u00e1got. A magyar nemzet se eltart\u00f3ja, se eltartottja nem akar lenni m\u00e1s n\u00e9peknek: csak erre lehetett \u00e9p\u00edteni 2010-ben is, amikor egy cs\u0151d sz\u00e9l\u00e9n \u00e1ll\u00f3 orsz\u00e1got b\u00edztak a Fideszre a v\u00e1laszt\u00f3k &#8211; hangs\u00falyozta, hozz\u00e1t\u00e9ve: az\u00f3ta \u00f6t \u00e9v telt, \u00e9s ma Eur\u00f3pa legbiztosabb pontja Magyarorsz\u00e1g.<br \/>\n    Az \u00fajrav\u00e1lasztott p\u00e1rteln\u00f6k besz\u00e9d\u00e9ben elmondta, a k\u00f6vetkez\u0151 \u00e9vekben a polg\u00e1ri berendezked\u00e9s\u00e9rt fognak dolgozni. Ennek fontos r\u00e9sze a magyar csal\u00e1dok t\u00e1mogat\u00e1sa, mert n\u00e9lk\u00fcl\u00fck nincs er\u0151s \u00e9s sikeres orsz\u00e1g. A c\u00e9l, hogy minden csal\u00e1d feje felett legyen saj\u00e1t fed\u00e9l, ez\u00e9rt javasolj\u00e1k, hogy a k\u00f6vetkez\u0151 n\u00e9gy \u00e9vben a lak\u00e1s\u00e9p\u00edt\u00e9s \u00e1f\u00e1ja 27-r\u0151l 5 sz\u00e1zal\u00e9kra cs\u00f6kkenjen. Az err\u0151l sz\u00f3l\u00f3 t\u00f6rv\u00e9nyjavaslat h\u00e9tf\u0151n ker\u00fcl a parlament el\u00e9 &#8211; jelentette be.<br \/>\n    Orb\u00e1n Viktor a c\u00e9lok k\u00f6z\u00f6tt eml\u00edtette a teljes foglalkoztatotts\u00e1got, valamint a nemzeti ipar fejleszt\u00e9s\u00e9t, a magyar gazd\u00e1k f\u00f6ldh\u00f6z juttat\u00e1s\u00e1t \u00e9s a b\u00fcrokr\u00e1cia visszanyes\u00e9s\u00e9t. Ezekb\u0151l sz\u00fcletik meg a k\u00f6vetkez\u0151 n\u00e9h\u00e1ny sz\u00e1zezer munkahely &#8211; jelezte.<br \/>\n    A polg\u00e1ri berendezked\u00e9s harmadik c\u00e9lja &#8211; folytatta -, hogy a magyar embereknek ne kelljen f\u00e9lelemben \u00e9lni\u00fck a b\u0171n\u00f6z\u00f6k, terrorist\u00e1k \u00e9s illeg\u00e1lis bev\u00e1ndorl\u00f3k miatt. Ehhez szerinte szigor\u00fa, de m\u00e9lt\u00e1nyos jogszab\u00e1lyokra, er\u0151s, felk\u00e9sz\u00fclt, fiatal rend\u0151rs\u00e9gre, elsz\u00e1nt terrorelh\u00e1r\u00edt\u00e1sra \u00e9s magabiztos katasztr\u00f3fav\u00e9delemre van sz\u00fcks\u00e9g.<br \/>\n    Magyarorsz\u00e1g v\u00e9delme k\u00f6zben azt is l\u00e1tni kell, hogy Eur\u00f3pa inv\u00e1zi\u00f3 alatt \u00e1ll, \u00fagy fest, mint egy csatat\u00e9r &#8211; fogalmazott, majd hozz\u00e1tette, ami most l\u00e1tszik, az csak a j\u00e9ghegy cs\u00facsa, mivel t\u00edzmilli\u00f3k indulhatnak m\u00e9g Eur\u00f3p\u00e1ba, amely most az\u00e9rt gyenge, mert vezet\u0151i verg\u0151dnek ahelyett, hogy cselekedn\u00e9nek.<br \/>\n    A korm\u00e1nyf\u0151 szerint r\u00e1ad\u00e1sul a baloldali elit \u00e9s sz\u00e1mos orsz\u00e1g vezet\u0151je azon t\u00f6ri a fej\u00e9t, mik\u00e9nt fogadhatn\u00e1nak be m\u00e9g t\u00f6bb bev\u00e1ndorl\u00f3t ahelyett, hogy l\u00e9p\u00e9seket tenn\u00e9nek az \u00e1radat meg\u00e1ll\u00edt\u00e1s\u00e1ra.<br \/>\n    Minden j\u00f3zanul gondolkod\u00f3 el\u0151tt vil\u00e1gos ugyanis, hogy Eur\u00f3pa nem b\u00edr el ennyi embert, ell\u00e1t\u00f3rendszere \u00f6sszeroppanna ekkora teher alatt &#8211; mondta, majd kiemelte, s\u00f6t\u00e9tebb felh\u0151k is gy\u00fclekeznek, hiszen a n\u00e9pv\u00e1ndorl\u00e1s fenyeget\u00e9st jelent az eur\u00f3pai ember biztons\u00e1g\u00e1ra is, a terrorizmus \u00e9s a b\u0171n\u00f6z\u00e9s n\u00f6veked\u00e9s\u00e9vel. Ut\u00f3bbir\u00f3l sz\u00f3lva azt mondta, b\u00e1r err\u0151l nem szabad Eur\u00f3p\u00e1ban besz\u00e9lni, a t\u00e9nyek m\u00e9gis azt mutatj\u00e1k, hogy ahol sok bev\u00e1ndorl\u00f3 telepedett le, ott azonnal megn\u0151tt a b\u0171n\u00f6z\u00e9s.<br \/>\n    Orb\u00e1n Viktor al\u00e1h\u00fazta, az Eur\u00f3p\u00e1ba \u00e9rkez\u0151knek esz\u00fck \u00e1g\u00e1ban sincs feladni saj\u00e1t \u00e9letform\u00e1jukat, ez\u00e9rt, ha csendben is, de a felsz\u00edn alatt egy p\u00e1rhuzamos t\u00e1rsadalom vil\u00e1ga \u00e9p\u00fcl a m\u00e9lyben, amely lassan, de biztosan kisebbs\u00e9gbe szor\u00edtja a &#8222;mi vil\u00e1gunkat&#8221;. &#8222;Ha \u00edgy megy tov\u00e1bb, el fogjuk vesz\u00edteni Eur\u00f3p\u00e1t&#8221; &#8211; fogalmazott, hozz\u00e1t\u00e9ve, hogy az eur\u00f3pai vezet\u0151k m\u00e9gis \u00fajabb megh\u00edv\u00f3kat k\u00fcldenek egy kitervelt \u00e9s ir\u00e1ny\u00edtott folyamat r\u00e9szek\u00e9nt, amelyben egy bizarr nagykoal\u00edci\u00f3 j\u00f6tt l\u00e9tre embercsemp\u00e9szek, emberjogi aktivist\u00e1k  \u00e9s br\u00fcsszeli b\u00fcrokrat\u00e1k k\u00f6z\u00f6tt, akik azon dolgoznak, hogy biztons\u00e1gosan \u00e9s gyorsan idesz\u00e1ll\u00edthass\u00e1k a migr\u00e1nsokat. A minisztereln\u00f6k szerint ebben a folyamatban programad\u00f3nk\u00e9nt Magyarorsz\u00e1g is k\u00e9pviselteti mag\u00e1t &#8222;egy h\u00edres \u00e9s h\u00edrhedt fia \u00e1ltal&#8221;.<br \/>\n    Szerinte a kontinenst s\u00fajt\u00f3 &#8222;v\u00e9gzetes k\u00f3rs\u00e1g&#8221; szellemi term\u00e9szet\u0171, a bajok k\u00f6z\u00f6s nevez\u0151je pedig az, hogy Eur\u00f3pa nem v\u00e1llalja mag\u00e1t, az eur\u00f3pai szellem emberei pedig olyan m\u00e1sodlagos dolgokat tolnak el\u0151t\u00e9rbe, mint az emberi jogok, a halad\u00e1s, a nyitotts\u00e1g, az \u00fajfajta csal\u00e1dok, a tolerancia. &#8222;Ezek sz\u00e9p \u00e9s kedves dolgok, de val\u00f3j\u00e1ban m\u00e1sodlagosak, mert csak sz\u00e1rmaz\u00e9kok&#8221; &#8211; fejtette ki, kiemelve, hogy Eur\u00f3pa m\u00e1r nem hisz abban, amib\u0151l ezek a dolgok sz\u00e1rmaznak: a kereszt\u00e9nys\u00e9gben, a j\u00f3zan \u00e9szben, a katonai er\u00e9nyekben \u00e9s a nemzeti b\u00fcszkes\u00e9gben.<br \/>\n    Kijelentette tov\u00e1bb\u00e1, az a t\u00e9ny, hogy l\u00e9tezik eur\u00f3pai civiliz\u00e1ci\u00f3, m\u00e9g nem jelenti, hogy jobb vagy rosszabb lenne m\u00e1sokn\u00e1l, csak annyit jelent: &#8222;ezek mi vagyunk, azok pedig ti vagytok&#8221;.<br \/>\n    A minisztereln\u00f6k mindenkit buzd\u00edtott arra, hogy \u00edrj\u00e1k al\u00e1 a Fidesz pet\u00edci\u00f3j\u00e1t &#8211; a magyarok \u00e1ltal elutas\u00edtott &#8211; k\u00f6telez\u0151 betelep\u00edt\u00e9si kv\u00f3ta ellen.<br \/>\n    Megjegyezte azt is, hogy a migr\u00e1ns\u00fcgyben Eur\u00f3p\u00e1ban &#8222;egy ir\u00e1ny\u00edtott m\u00e9diavil\u00e1g t\u00e1rul fel a szem\u00fcnk el\u0151tt&#8221;. Szerinte a gondolat-, a sz\u00f3l\u00e1s- \u00e9s a sajt\u00f3szabads\u00e1g ma Magyarorsz\u00e1gon sz\u00ednesebb, sz\u00e9lesebb \u00e9s m\u00e9lyebb, mint t\u0151l\u00fcnk nyugatra.<\/p>\n<p><strong>Orb\u00e1n Viktor szerint Eur\u00f3pa meg\u00faj\u00edt\u00e1s\u00e9rt ki\u00e1lt, le kell z\u00e1rni a liber\u00e1lis politika korszak\u00e1t, \u00e9s vissza kell t\u00e9rni a demokratikus Eur\u00f3p\u00e1hoz.<\/strong><\/p>\n<p>    \u00dagy fogalmazott: az elm\u00falt 25 \u00e9v egy nagy liber\u00e1lis korszak volt Eur\u00f3p\u00e1ban, voltak nagy pillanatai, m\u00e1ra azonban a liber\u00e1lis politika elvesztette vonzerej\u00e9t, &#8222;kifulladt, lemer\u00fclt&#8221;, szembefordult a szabads\u00e1ggal, ez\u00e9rt szembeker\u00fclt az emberekkel, a demokr\u00e1ci\u00e1val.<br \/>\n    Az Eur\u00f3pai Uni\u00f3nak \u00faj szab\u00e1lyokra van sz\u00fcks\u00e9ge, \u00e9s a k\u00f6vetkez\u0151 eur\u00f3pai korszak vagy demokratikus lesz, vagy nem lesz &#8211; mondta a p\u00e1rteln\u00f6k, aki ism\u00e9t elutas\u00edtotta az &#8222;Eur\u00f3pai Egyes\u00fclt \u00c1llamok&#8221; gondolat\u00e1t &#8211; amely mellett a baloldal &#8222;agit\u00e1l&#8221; -, \u00e9s ki\u00e1llt a nemzetek Eur\u00f3p\u00e1ja mellett.<br \/>\n    Orb\u00e1n Viktor besz\u00e9d\u00e9ben hosszan sz\u00f3lt a Fidesz helyzet\u00e9r\u0151l, az \u0151 j\u00f6v\u0151beli szerepv\u00e1llal\u00e1s\u00e1r\u00f3l \u00e9s a polg\u00e1ri oldalr\u00f3l.<br \/>\n    K\u00f6z\u00f6lte: k\u00e9szen \u00e1ll arra, hogy k\u00e9t \u00e9v m\u00falva &#8211; ha meglesz a bizalom &#8211; vezesse a Fideszt \u00e9s sz\u00f6vets\u00e9geseit a v\u00e1laszt\u00e1si kamp\u00e1nyban, \u00e9s gy\u0151zelem eset\u00e9n folytassa a munk\u00e1t a korm\u00e1ny \u00e9l\u00e9n. Szavait \u00e9l\u00e9nk taps fogadta a k\u00fcld\u00f6ttek r\u00e9sz\u00e9r\u0151l.<br \/>\n    A k\u00f6vetkez\u0151 k\u00e9t \u00e9v legfontosabb feladata az eln\u00f6k sz\u00e1m\u00e1ra, hogy felk\u00e9sz\u00edtse a Fideszt \u00e9s sz\u00f6vets\u00e9geseit a v\u00e1laszt\u00e1sra &#8211; r\u00f6gz\u00edtette a minisztereln\u00f6k.<br \/>\n    &#8222;J\u00f3 aleln\u00f6k\u00f6ket kaptam ehhez a munk\u00e1hoz, olyanokat, akiket kem\u00e9ny f\u00e1b\u00f3l faragtak, \u00e9s tudj\u00e1k, mi a rend&#8221; &#8211; tette hozz\u00e1 Orb\u00e1n Viktor, aki azt mondta: ezt a k\u00e9t \u00e9vet nem levezet\u00e9snek sz\u00e1nja, hanem felk\u00e9sz\u00fcl\u00e9snek.<br \/>\n    Mint mondta, mindig is azt gondolta, vannak olyan vezet\u0151ik \u00e9s egy\u00e9nis\u00e9geik a Fideszben, akik el tudn\u00e1k v\u00e9gezni a munk\u00e1j\u00e1t, \u00e9s hasonl\u00f3 sikerrel vezetn\u00e9k a sz\u00f6vets\u00e9g\u00fcket, mint \u0151 tette. Nem pont ugyan\u00fagy, ugyanabban a st\u00edlusban, nem ugyanazokkal a m\u00f3dszerekkel, de hasonl\u00f3 eredm\u00e9nnyel.<br \/>\n    Akkor mi\u00e9rt \u00e9ppen \u00e9n? &#8211; tette fel a k\u00e9rd\u00e9st, amire \u00fagy v\u00e1laszolt: el\u0151sz\u00f6r is az\u00e9rt, mert a feles\u00e9ge nem tiltotta meg. M\u00e1sodszor az\u00e9rt, mert a j\u00e1rt utat nem akarj\u00e1k elhagyni a j\u00e1ratlan\u00e9rt, &#8222;ma m\u00e9g nem&#8221;.<br \/>\n    Harmadszor pedig az\u00e9rt &#8211; folytatta -, mert neh\u00e9z id\u0151ket \u00e9lnek, \u00e9s amik j\u00f6nnek, azok sem lesznek kev\u00e9sb\u00e9 vesz\u00e9lyesek, s ilyenkor az egys\u00e9g a legfontosabb. Magyarorsz\u00e1g egys\u00e9ge, a K\u00e1rp\u00e1t-medencei magyars\u00e1g egys\u00e9ge \u00e9s a vil\u00e1g magyars\u00e1g\u00e1nak egys\u00e9ge &#8211; r\u00f6gz\u00edtette a korm\u00e1nyf\u0151, aki hozz\u00e1tette: az egys\u00e9g nem azonos az egysz\u00edn\u0171s\u00e9ggel, az egysz\u00edn\u0171 egys\u00e9g sz\u00fcrkes\u00e9ghez, fizikai \u00e9s szellemi renyhes\u00e9ghez, elbutul\u00e1shoz vezet, \u00e9s sz\u00fcks\u00e9gszer\u0171en sz\u00e9tm\u00e1llik.<br \/>\n    Nek\u00fcnk olyan egys\u00e9g kell &#8211; folytatta a korm\u00e1nyf\u0151 -, amelyben mindenki \u00f6nmaga maradhat, a saj\u00e1t \u00e9letfelfog\u00e1s\u00e1t k\u00f6vetheti, saj\u00e1t hangszer\u00e9n j\u00e1tszik, a v\u00e9g\u00e9n m\u00e9gis k\u00e1pr\u00e1zatos, mag\u00e1val ragad\u00f3 \u00f6sszhangzat \u00e9s harm\u00f3nia keletkezik. \u0150 ezt a Fideszt k\u00e9pviseli \u00e9s ez\u00e9rt dolgozik &#8211; jelezte.<br \/>\n    Kit\u00e9rt arra is, hogy n\u00e1la a legmagasabb vezet\u00e9si elv a tisztelet. Mindenkinek megadja azt, ami j\u00e1r neki, \u0151 &#8211; fogalmazott &#8211; &#8222;nem korb\u00e1csos ember&#8221;, t\u00f6bbre tartja a vit\u00e1t a parancsn\u00e1l, a bel\u00e1t\u00e1st a k\u00e9nyszern\u00e9l. A sikerhez nem csak soksz\u00edn\u0171s\u00e9g, alkot\u00f3i szabads\u00e1g \u00e9s l\u00e9gk\u00f6r, de \u00e1tl\u00e1that\u00f3 \u00e9s mindenki \u00e1ltal tiszteletben tartott bels\u0151 rend is kell. Sz\u00e9p dolog a bar\u00e1ts\u00e1g, a vag\u00e1nys\u00e1g, az \u00e1t\u00fct\u0151 tehets\u00e9g, a lend\u00fclet \u00e9s a fiatalos fick\u00e1ndoz\u00e1s, de ha a k\u00f6z\u00f6ss\u00e9g\u00fck \u00e9rdek\u00e9ben, becs\u00fclet\u00e9r\u0151l, erej\u00e9r\u0151l \u00e9s cselekv\u0151k\u00e9pess\u00e9g\u00e9r\u0151l van sz\u00f3, senki sem l\u00e9phet \u00e1t egy bizonyos hat\u00e1rt &#8211; fejtette ki. Ez olyan t\u00f6rv\u00e9ny, amelynek \u00e9rv\u00e9nyt szerezni a mindenkori eln\u00f6k felel\u0151ss\u00e9ge \u00e9s k\u00f6teless\u00e9ge &#8211; jelentette ki.<br \/>\n    Hozz\u00e1tette: \u00fajrav\u00e1lasztott eln\u00f6kk\u00e9nt a soksz\u00edn\u0171, vibr\u00e1l\u00f3, szellemd\u00fas, a k\u00fcl\u00f6nb\u00f6z\u0151 vonulatokat egys\u00e9gbe f\u00e9s\u00fcl\u0151, de rendezett politik\u00e1t k\u00e9pvisel, a kereszt\u00e9ny polg\u00e1ri nemzeti k\u00f6z\u00f6ss\u00e9gnek, Magyarorsz\u00e1gnak \u00e9s a K\u00e1rp\u00e1t-medencei magyars\u00e1gnak itt \u00e9s most erre van sz\u00fcks\u00e9ge.<br \/>\n    Orb\u00e1n Viktor kiemelte azt is, hogy h\u00e1ny k\u00f6zjogi m\u00e9lt\u00f3s\u00e1got, \u00e1llami vezet\u0151t adott a Fidesz Magyarorsz\u00e1gon. P\u00e9ldak\u00e9nt hozta \u00c1der J\u00e1nos k\u00f6zt\u00e1rsas\u00e1gi eln\u00f6k\u00f6t, aki &#8222;m\u00e9lt\u00f3 m\u00f3don testes\u00edti meg haz\u00e1nk nemzeti egys\u00e9g\u00e9t, \u00e9s akire mindannyian b\u00fcszk\u00e9k lehet\u00fcnk&#8221;. &#8222;R\u00e1ad\u00e1sul a felh\u0151tlen j\u00f3kedv \u00e9s az \u00f6nfeledt mosolyg\u00e1s dolg\u00e1ban m\u00e9g \u00f3ri\u00e1si eln\u00f6ki tartal\u00e9kokkal rendelkez\u00fcnk&#8221; &#8211; tette hozz\u00e1.<br \/>\n    Megeml\u00edtette m\u00e9g az el\u0151z\u0151 \u00e1llamf\u0151t, Schmitt P\u00e1lt \u00e9s Matolcsy Gy\u00f6rgy jegybankeln\u00f6k\u00f6t is, aki &#8222;fel\u00e9p\u00edtette a magyar gazdas\u00e1got szolg\u00e1l\u00f3 p\u00e9nzpolitik\u00e1t&#8221;.<br \/>\n    &#8222;\u00d6sszess\u00e9g\u00e9ben 10. \u00e9ve vagyunk Magyarorsz\u00e1g robosztus korm\u00e1nyp\u00e1rtja. (&#8230;) Mit akarhatunk m\u00e9g egy\u00e1ltal\u00e1n? (&#8230;) Mi tart benn\u00fcnket egyben? Deutsch, Pokorni, Navracsics, Farkas, Kubatov, Schmitt. Hogy is vagyunk mi egy v\u00e9rb\u0151l val\u00f3k?&#8221; &#8211; tette fel a k\u00e9rd\u00e9st, a v\u00e1laszt, a k\u00f6z\u00f6ss\u00e9g \u00f6sszetart\u00e1s\u00e1t pedig abban l\u00e1tta: &#8222;mindannyian azt gondoljuk, hogy az \u00e9let\u00fcnk csak akkor \u00e9rtelmes, \u00e9rt\u00e9kes, akkor van s\u00falya, ha azzal a saj\u00e1t \u00e9let\u00fcnkn\u00e9l fontosabb \u00e9s jelent\u0151sebb dolgot szolg\u00e1lunk&#8221;.<br \/>\n    &#8222;Mi azt gondoljuk a Fideszben (&#8230;), hogy \u00e9let\u00fcnk s\u00faly\u00e1t, \u00e9rtelm\u00e9t \u00e9s fontoss\u00e1g\u00e1t a szolg\u00e1lat, a n\u00e1lunk fontosabb dolgok szolg\u00e1lata adja&#8221; &#8211; z\u00e1rta besz\u00e9d\u00e9t Orb\u00e1n Viktor a szok\u00e1sos Hajr\u00e1, Magyarorsz\u00e1g, hajr\u00e1, magyarok fordulattal.(MTI)<\/p><div id=\"gazda-2120959048\" class=\"gazda-tartalomban gazda-entity-placement\"><script async src=\"https:\/\/pagead2.googlesyndication.com\/pagead\/js\/adsbygoogle.js\"><\/script>\r\n<ins class=\"adsbygoogle\"\r\n     style=\"display:block\"\r\n     data-ad-format=\"fluid\"\r\n     data-ad-layout-key=\"-6t+ed+2i-1n-4w\"\r\n     data-ad-client=\"ca-pub-1959107119989764\"\r\n     data-ad-slot=\"4008251320\"><\/ins>\r\n<script>\r\n     (adsbygoogle = window.adsbygoogle || []).push({});\r\n<\/script><\/div>\n","protected":false},"excerpt":{"rendered":"<p>Orb\u00e1n Viktor korm\u00e1nyf\u0151 k\u00e9szen \u00e1ll arra, hogy k\u00e9t \u00e9v m\u00falva &#8211; ha meglesz a bizalom &#8211; vezesse a Fideszt \u00e9s sz\u00f6vets\u00e9geseit a v\u00e1laszt\u00e1si kamp\u00e1nyban, \u00e9s gy\u0151zelem eset\u00e9n folytassa a munk\u00e1t a korm\u00e1ny \u00e9l\u00e9n.<\/p>\n","protected":false},"author":1,"featured_media":71971,"comment_status":"open","ping_status":"closed","sticky":false,"template":"","format":"standard","meta":[],"categories":[146,4,18],"tags":[],"_links":{"self":[{"href":"https:\/\/gazdasagportal.hu\/index.php\/wp-json\/wp\/v2\/posts\/71970"}],"collection":[{"href":"https:\/\/gazdasagportal.hu\/index.php\/wp-json\/wp\/v2\/posts"}],"about":[{"href":"https:\/\/gazdasagportal.hu\/index.php\/wp-json\/wp\/v2\/types\/post"}],"author":[{"embeddable":true,"href":"https:\/\/gazdasagportal.hu\/index.php\/wp-json\/wp\/v2\/users\/1"}],"replies":[{"embeddable":true,"href":"https:\/\/gazdasagportal.hu\/index.php\/wp-json\/wp\/v2\/comments?post=71970"}],"version-history":[{"count":1,"href":"https:\/\/gazdasagportal.hu\/index.php\/wp-json\/wp\/v2\/posts\/71970\/revisions"}],"predecessor-version":[{"id":71972,"href":"https:\/\/gazdasagportal.hu\/index.php\/wp-json\/wp\/v2\/posts\/71970\/revisions\/71972"}],"wp:featuredmedia":[{"embeddable":true,"href":"https:\/\/gazdasagportal.hu\/index.php\/wp-json\/wp\/v2\/media\/71971"}],"wp:attachment":[{"href":"https:\/\/gazdasagportal.hu\/index.php\/wp-json\/wp\/v2\/media?parent=71970"}],"wp:term":[{"taxonomy":"category","embeddable":true,"href":"https:\/\/gazdasagportal.hu\/index.php\/wp-json\/wp\/v2\/categories?post=71970"},{"taxonomy":"post_tag","embeddable":true,"href":"https:\/\/gazdasagportal.hu\/index.php\/wp-json\/wp\/v2\/tags?post=71970"}],"curies":[{"name":"wp","href":"https:\/\/api.w.org\/{rel}","templated":true}]}}