{"id":71962,"date":"2015-12-13T15:05:58","date_gmt":"2015-12-13T14:05:58","guid":{"rendered":"http:\/\/gazdasagportal.hu\/?p=71962"},"modified":"2015-12-13T14:16:42","modified_gmt":"2015-12-13T13:16:42","slug":"heti-makronaptar-nem-lesz-piacmozgato-adat-a-jovo-heten-2","status":"publish","type":"post","link":"https:\/\/gazdasagportal.hu\/index.php\/heti-makronaptar-nem-lesz-piacmozgato-adat-a-jovo-heten-2\/","title":{"rendered":"Heti makronapt\u00e1r &#8211; Nem lesz piacmozgat\u00f3 adat a j\u00f6v\u0151 h\u00e9ten"},"content":{"rendered":"<p><strong>J\u00f6v\u0151 h\u00e9ten kamatd\u00f6nt\u0151 \u00fcl\u00e9st tart a Magyar Nemzeti Bank (MNB) Monet\u00e1ris Tan\u00e1csa, de nem v\u00e1rhat\u00f3 a kamatszint v\u00e1ltoz\u00e1sa. Ezen k\u00edv\u00fcl ipari termel\u00e9si, \u00e9p\u00edt\u0151ipari, valamint kereseti adatok is megjelennek, de egyik sem lesz piacmozgat\u00f3 hat\u00e1s\u00fa.<\/strong><!--more--><\/p>\n<div class=\"ads-in-post1\"><div id=\"gazdasagportal.hu_fullbanner_wideboard\"><\/div>\r\n<\/div>\n<p>    A K\u00f6zponti Statisztikai Hivatal (KSH) h\u00e9tf\u0151n teszi k\u00f6zz\u00e9 az okt\u00f3beri ipari termel\u00e9s adataira vonatkoz\u00f3 m\u00e1sodik becsl\u00e9s\u00e9t. A december 8-\u00e1n k\u00f6zz\u00e9tett els\u0151 becsl\u00e9s szerint okt\u00f3berben az ipari termel\u00e9s volumene 10,1 sz\u00e1zal\u00e9kkal haladta meg az egy \u00e9vvel kor\u00e1bbit, az el\u0151z\u0151 h\u00f3naphoz viszony\u00edtva pedig 1,7 sz\u00e1zal\u00e9kkal n\u0151tt. A munkanaphat\u00e1st\u00f3l megtiszt\u00edtott index 12,7 sz\u00e1zal\u00e9kkal emelkedett \u00e9ves \u00f6sszevet\u00e9sben. A termel\u00e9s az \u00e9v els\u0151 t\u00edz h\u00f3napj\u00e1ban 7,1 sz\u00e1zal\u00e9kkal magasabb volt, mint az el\u0151z\u0151 \u00e9v azonos id\u0151szak\u00e1ban.<br \/>\n    Szint\u00e9n h\u00e9tf\u0151n jelenik meg a mez\u0151gazdas\u00e1gi termel\u0151i \u00e1rak okt\u00f3beri alakul\u00e1s\u00e1r\u00f3l sz\u00f3l\u00f3 adatk\u00f6zl\u00e9s. Szeptemberben a mez\u0151gazdas\u00e1gi termel\u0151i \u00e1rak 1,2 sz\u00e1zal\u00e9kkal haladt\u00e1k meg az egy \u00e9vvel kor\u00e1bbiakat \u00e9s ezzel t\u00f6bb mint k\u00e9t \u00e9ve, 2013 j\u00faniusa \u00f3ta el\u0151sz\u00f6r emelkedtek \u00e9ves \u00f6sszehasonl\u00edt\u00e1sban. A n\u00f6veked\u00e9st a n\u00f6v\u00e9nyi term\u00e9kek \u00e1r\u00e1nak 8,5 sz\u00e1zal\u00e9kos emelked\u00e9se okozta, mik\u00f6zben az \u00e9l\u0151 \u00e1llatok \u00e9s \u00e1llati term\u00e9kek \u00e1ra tov\u00e1bbra is cs\u00f6kkent, 9,1 sz\u00e1zal\u00e9kkal.<br \/>\n    Kedden tartja soron k\u00f6vetkez\u0151, decemberi kamatd\u00f6nt\u0151 \u00fcl\u00e9s\u00e9t a monet\u00e1ris tan\u00e1cs, piaci elemz\u0151k egybehangz\u00f3 v\u00e9lem\u00e9nye szerint a test\u00fclet novemberhez hasonl\u00f3an nem v\u00e1ltoztat az alapkamat 1,35 sz\u00e1zal\u00e9kos szintj\u00e9n. Novemberben az alapkamat m\u00e1r a negyedik egym\u00e1st k\u00f6vet\u0151 h\u00f3napban maradt rekordalacsony szinten. M\u00e1r a j\u00faliusi kamatd\u00f6nt\u0151 \u00fcl\u00e9s ut\u00e1n Matolcsy Gy\u00f6rgy jegybankeln\u00f6k bejelentette, hogy v\u00e9get \u00e9rt az alapkamat-cs\u00f6kkent\u00e9si ciklus.<br \/>\n    Szerd\u00e1n az \u00e9p\u00edt\u0151ipari termel\u00e9s okt\u00f3beri adatait k\u00f6zli a KSH. Szeptemberben 8,1 sz\u00e1zal\u00e9kkal n\u0151tt az \u00e9p\u00edt\u0151ipari termel\u00e9s volumene az egy \u00e9vvel kor\u00e1bbihoz k\u00e9pest, az el\u0151z\u0151 h\u00f3naphoz hasonl\u00edtva pedig 8,3 sz\u00e1zal\u00e9kkal n\u0151tt. A termel\u00e9s mindk\u00e9t \u00e9p\u00edtm\u00e9nycsoportban emelkedett, az \u00e9p\u00fcletek \u00e9p\u00edt\u00e9se 6,0 az egy\u00e9b \u00e9p\u00edtm\u00e9nyek\u00e9 9,9 sz\u00e1zal\u00e9kkal haladta meg a tavaly szeptemberit.<br \/>\n    P\u00e9nteken a keresetek okt\u00f3beri alakul\u00e1s\u00e1t teszi k\u00f6zz\u00e9 a KSH. Szeptemberben 5,1 sz\u00e1zal\u00e9kkal n\u0151ttek a brutt\u00f3 \u00e1tlagkeresetek a nemzetgazdas\u00e1gban, a k\u00f6zfoglalkoztatottak n\u00e9lk\u00fcl sz\u00e1molva 5,3 sz\u00e1zal\u00e9kos volt a n\u00f6veked\u00e9s az egy \u00e9vvel kor\u00e1bbihoz k\u00e9pest. Mivel szeptemberben a fogyaszt\u00f3i \u00e1rak 0,4 sz\u00e1zal\u00e9kkal alacsonyabbak voltak az egy \u00e9vvel kor\u00e1bbiakn\u00e1l, a re\u00e1lb\u00e9rek m\u00e9g nagyobb m\u00e9rt\u00e9kben emelkedtek: 5,5, illetve a k\u00f6zfoglalkoztatottak n\u00e9lk\u00fcl 5,7 sz\u00e1zal\u00e9kkal. Id\u00e9n az els\u0151 kilenc h\u00f3napban a nett\u00f3 \u00e9s a brutt\u00f3 keresetek egyar\u00e1nt 3,9 sz\u00e1zal\u00e9kkal emelkedtek. A fogyaszt\u00f3i \u00e1rak 0,3 sz\u00e1zal\u00e9kos m\u00e9rs\u00e9kl\u0151d\u00e9se mellett a re\u00e1lkereset 4,2 sz\u00e1zal\u00e9kkal emelkedett.<br \/>\n     Szint\u00e9n p\u00e9nteken jelenik meg a kiskereskedelmi forgalom okt\u00f3beri adataira vonatkoz\u00f3 m\u00e1sodik becsl\u00e9s. A december 3-\u00e1n k\u00f6zz\u00e9tett els\u0151 becsl\u00e9s szerint a kiskereskedelmi forgalom volumene okt\u00f3berben 4,0 sz\u00e1zal\u00e9kkal n\u0151tt a szeptemberi 5,1 sz\u00e1zal\u00e9kos emelked\u00e9s ut\u00e1n az egy \u00e9vvel kor\u00e1bbihoz k\u00e9pest, a napt\u00e1rhat\u00e1st\u00f3l megtiszt\u00edtott adat pedig 4,5 sz\u00e1zal\u00e9kos n\u00f6veked\u00e9st mutat. Elemz\u0151k szerint az \u00e9v h\u00e1tral\u00e9v\u0151 r\u00e9sz\u00e9ben tov\u00e1bb n\u00f6vekedhet a kiskereskedelmi forgalom.(MTI)<\/p>\n","protected":false},"excerpt":{"rendered":"<p>J\u00f6v\u0151 h\u00e9ten kamatd\u00f6nt\u0151 \u00fcl\u00e9st tart a Magyar Nemzeti Bank (MNB) Monet\u00e1ris Tan\u00e1csa, de nem v\u00e1rhat\u00f3 a kamatszint v\u00e1ltoz\u00e1sa. Ezen k\u00edv\u00fcl ipari termel\u00e9si, \u00e9p\u00edt\u0151ipari, valamint kereseti adatok is megjelennek, de egyik sem lesz piacmozgat\u00f3 hat\u00e1s\u00fa.<\/p>\n","protected":false},"author":1,"featured_media":0,"comment_status":"open","ping_status":"closed","sticky":false,"template":"","format":"standard","meta":[],"categories":[19],"tags":[],"_links":{"self":[{"href":"https:\/\/gazdasagportal.hu\/index.php\/wp-json\/wp\/v2\/posts\/71962"}],"collection":[{"href":"https:\/\/gazdasagportal.hu\/index.php\/wp-json\/wp\/v2\/posts"}],"about":[{"href":"https:\/\/gazdasagportal.hu\/index.php\/wp-json\/wp\/v2\/types\/post"}],"author":[{"embeddable":true,"href":"https:\/\/gazdasagportal.hu\/index.php\/wp-json\/wp\/v2\/users\/1"}],"replies":[{"embeddable":true,"href":"https:\/\/gazdasagportal.hu\/index.php\/wp-json\/wp\/v2\/comments?post=71962"}],"version-history":[{"count":1,"href":"https:\/\/gazdasagportal.hu\/index.php\/wp-json\/wp\/v2\/posts\/71962\/revisions"}],"predecessor-version":[{"id":71963,"href":"https:\/\/gazdasagportal.hu\/index.php\/wp-json\/wp\/v2\/posts\/71962\/revisions\/71963"}],"wp:attachment":[{"href":"https:\/\/gazdasagportal.hu\/index.php\/wp-json\/wp\/v2\/media?parent=71962"}],"wp:term":[{"taxonomy":"category","embeddable":true,"href":"https:\/\/gazdasagportal.hu\/index.php\/wp-json\/wp\/v2\/categories?post=71962"},{"taxonomy":"post_tag","embeddable":true,"href":"https:\/\/gazdasagportal.hu\/index.php\/wp-json\/wp\/v2\/tags?post=71962"}],"curies":[{"name":"wp","href":"https:\/\/api.w.org\/{rel}","templated":true}]}}