{"id":71960,"date":"2015-12-13T14:24:26","date_gmt":"2015-12-13T13:24:26","guid":{"rendered":"http:\/\/gazdasagportal.hu\/?p=71960"},"modified":"2015-12-13T14:15:30","modified_gmt":"2015-12-13T13:15:30","slug":"fidesz-kongresszus-orban-az-egyeduli-elnokjelolt-harom-uj-alelnok-lehet","status":"publish","type":"post","link":"https:\/\/gazdasagportal.hu\/index.php\/fidesz-kongresszus-orban-az-egyeduli-elnokjelolt-harom-uj-alelnok-lehet\/","title":{"rendered":"Fidesz-kongresszus &#8211; Orb\u00e1n az egyed\u00fcli eln\u00f6kjel\u00f6lt, h\u00e1rom \u00faj aleln\u00f6k lehet"},"content":{"rendered":"<p><strong>Orb\u00e1n Viktor korm\u00e1nyf\u0151, a Fidesz jelenlegi vezet\u0151je az egyetlen p\u00e1rteln\u00f6kjel\u00f6lt a Fidesz XXVI. kongresszus\u00e1n.<\/strong><!--more--><\/p>\n<div class=\"ads-in-post1\"><div id=\"gazdasagportal.hu_fullbanner_wideboard\"><\/div>\r\n<\/div>\n<p>    A Hungexp\u00f3n tartott vas\u00e1rnapi tiszt\u00faj\u00edt\u00f3 tan\u00e1cskoz\u00e1son Kontr\u00e1t K\u00e1roly, a sz\u00e1mvizsg\u00e1l\u00f3 bizotts\u00e1g tagja bejelentette azt is: aleln\u00f6knek Guly\u00e1s Gergelyt, Kubatov G\u00e1bort, N\u00e9meth Szil\u00e1rdot \u00e9s Pelczn\u00e9 G\u00e1ll Ildik\u00f3t jel\u00f6lt\u00e9k. K\u00f6z\u00fcl\u00fck Pelczn\u00e9 G\u00e1ll Ildik\u00f3 eddig is bet\u00f6lt\u00f6tte ezt a tiszts\u00e9get, m\u00e1sik h\u00e1rom jelenlegi aleln\u00f6kt\u00e1rsa, K\u00f3sa Lajos, L\u00e1z\u00e1r J\u00e1nos \u00e9s Pokorni Zolt\u00e1n lek\u00f6sz\u00f6n a posztr\u00f3l. K\u00f3sa Lajos azonban a Fidesz parlamenti frakci\u00f3vezet\u0151jek\u00e9nt tagja marad az eln\u00f6ks\u00e9gnek.     A mand\u00e1tumvizsg\u00e1l\u00f3, \u00fcgyrendi \u00e9s \u00f6sszef\u00e9rhetetlens\u00e9gi bizotts\u00e1g tagj\u00e1nak jel\u00f6lt\u00e9k Boh\u00e1cs Zsoltot, B\u00f3ka Istv\u00e1nt, Erd\u0151s Norbertet, Nagy G\u00e1bor Tam\u00e1st \u00e9s R\u00e9p\u00e1ssy R\u00f3bertet.<br \/>\n    A voksol\u00e1s egy \u00f3r\u00e1n \u00e1t tart.(MTI)<\/p>\n","protected":false},"excerpt":{"rendered":"<p>Orb\u00e1n Viktor korm\u00e1nyf\u0151, a Fidesz jelenlegi vezet\u0151je az egyetlen p\u00e1rteln\u00f6kjel\u00f6lt a Fidesz XXVI. kongresszus\u00e1n.<\/p>\n","protected":false},"author":1,"featured_media":0,"comment_status":"open","ping_status":"closed","sticky":false,"template":"","format":"standard","meta":[],"categories":[4,18],"tags":[],"_links":{"self":[{"href":"https:\/\/gazdasagportal.hu\/index.php\/wp-json\/wp\/v2\/posts\/71960"}],"collection":[{"href":"https:\/\/gazdasagportal.hu\/index.php\/wp-json\/wp\/v2\/posts"}],"about":[{"href":"https:\/\/gazdasagportal.hu\/index.php\/wp-json\/wp\/v2\/types\/post"}],"author":[{"embeddable":true,"href":"https:\/\/gazdasagportal.hu\/index.php\/wp-json\/wp\/v2\/users\/1"}],"replies":[{"embeddable":true,"href":"https:\/\/gazdasagportal.hu\/index.php\/wp-json\/wp\/v2\/comments?post=71960"}],"version-history":[{"count":1,"href":"https:\/\/gazdasagportal.hu\/index.php\/wp-json\/wp\/v2\/posts\/71960\/revisions"}],"predecessor-version":[{"id":71961,"href":"https:\/\/gazdasagportal.hu\/index.php\/wp-json\/wp\/v2\/posts\/71960\/revisions\/71961"}],"wp:attachment":[{"href":"https:\/\/gazdasagportal.hu\/index.php\/wp-json\/wp\/v2\/media?parent=71960"}],"wp:term":[{"taxonomy":"category","embeddable":true,"href":"https:\/\/gazdasagportal.hu\/index.php\/wp-json\/wp\/v2\/categories?post=71960"},{"taxonomy":"post_tag","embeddable":true,"href":"https:\/\/gazdasagportal.hu\/index.php\/wp-json\/wp\/v2\/tags?post=71960"}],"curies":[{"name":"wp","href":"https:\/\/api.w.org\/{rel}","templated":true}]}}