{"id":71950,"date":"2015-12-13T11:46:04","date_gmt":"2015-12-13T10:46:04","guid":{"rendered":"http:\/\/gazdasagportal.hu\/?p=71950"},"modified":"2015-12-13T11:27:49","modified_gmt":"2015-12-13T10:27:49","slug":"fidesz-kongresszus-megkezdodott-a-fidesz-tisztujito-kongresszusa","status":"publish","type":"post","link":"https:\/\/gazdasagportal.hu\/index.php\/fidesz-kongresszus-megkezdodott-a-fidesz-tisztujito-kongresszusa\/","title":{"rendered":"Fidesz-kongresszus &#8211; Megkezd\u0151d\u00f6tt a Fidesz tiszt\u00faj\u00edt\u00f3 kongresszusa"},"content":{"rendered":"<p><strong>Megkezd\u0151d\u00f6tt a Fidesz XXVI., tiszt\u00faj\u00edt\u00f3 kongresszusa vas\u00e1rnap d\u00e9lel\u0151tt Budapesten, a Hungexp\u00f3n.<\/strong><!--more--><\/p>\n<div class=\"ads-in-post1\"><div id=\"gazdasagportal.hu_fullbanner_wideboard\"><\/div>\r\n<\/div>\n<p>    A v\u00e1s\u00e1rk\u00f6zpont G pavilonj\u00e1ban rendezett eg\u00e9sz napos tan\u00e1cskoz\u00e1sra &#8211; amelyen v\u00e1rhat\u00f3an mintegy h\u00fasz korm\u00e1nyp\u00e1rti politikus sz\u00f3lal majd fel, k\u00f6zt\u00fck d\u00e9lut\u00e1n Orb\u00e1n Viktor p\u00e1rteln\u00f6k-minisztereln\u00f6k &#8211; az orsz\u00e1g minden r\u00e9sz\u00e9b\u0151l \u00e9rkeztek k\u00fcld\u00f6ttek.     Tarl\u00f3s Istv\u00e1n f\u0151polg\u00e1rmester k\u00f6sz\u00f6nt\u0151j\u00e9ben els\u0151sorban az illeg\u00e1lis bev\u00e1ndorl\u00e1sr\u00f3l besz\u00e9lt, amellyel kapcsolatban azt mondta, a polg\u00e1ri politikai k\u00f6z\u00f6ss\u00e9g \u00e9s a korm\u00e1ny a hagyom\u00e1nyos magyar \u00e9s eur\u00f3pai \u00e9rt\u00e9kek \u00e9rv\u00e9nyes\u00fcl\u00e9s\u00e9\u00e9rt dolgozik.     Kiemelte, az Eur\u00f3pai Uni\u00f3 vezet\u0151 politikusainak meghat\u00e1roz\u00f3 r\u00e9sze az \u00f6nv\u00e9delmi reflexek figyelmen k\u00edv\u00fcl hagy\u00e1s\u00e1val reag\u00e1lt az esem\u00e9nyekre, a magyarokat pedig az \u00f6rd\u00f6g ruh\u00e1j\u00e1val pr\u00f3b\u00e1lt\u00e1k fel\u00f6lt\u00f6ztetni, holott Magyarorsz\u00e1g korm\u00e1nya volt az els\u0151, amelyik \u00e9letszer\u0171en, a realit\u00e1soknak megfelel\u0151 int\u00e9zked\u00e9sekkel sarkalt a probl\u00e9ma \u00fajragondol\u00e1s\u00e1ra.     &#8222;\u00c9bredezik a nyugat-eur\u00f3pai n\u00e9pek \u00f3vatoss\u00e1ga&#8221; &#8211; fogalmazott Tarl\u00f3s Istv\u00e1n, aki szerint a kontinens korm\u00e1nyai egyre ink\u00e1bb szembeker\u00fclnek orsz\u00e1gaik t\u00e1rsadalmaival, ugyanis h\u00e1tat ford\u00edtottak az eur\u00f3pai kult\u00fara \u00e9s civil\u00e1ci\u00f3 er\u0151s fel\u00e9p\u00edtm\u00e9ny\u00e9t tart\u00f3 kereszt\u00e9nys\u00e9gnek. A f\u0151polg\u00e1rmester azonban azt is hangs\u00falyozta, nemcsak a vall\u00e1sr\u00f3l van sz\u00f3, hanem arr\u00f3l is, hogy az ideol\u00f3gi\u00e1j\u00e1t vesztett k\u00f6z\u00f6ss\u00e9gek j\u00f6v\u0151je k\u00e9rd\u00e9sess\u00e9 v\u00e1lhat. A Fidesz pedig \u00e9ppen ez, vagyis a nemzet\u00e1llamis\u00e1g elsorvad\u00e1sa ellen, a kereszt\u00e9nys\u00e9g \u00e9s a biztons\u00e1g v\u00e9delme \u00e9rdek\u00e9ben fejt ki, a j\u00f6v\u0151 nemzed\u00e9keit is szolg\u00e1l\u00f3 tev\u00e9kenys\u00e9get &#8211; fejtette ki.     Tarl\u00f3s Istv\u00e1n sz\u00f3lt emellett a korm\u00e1ny \u00e9s a budapesti v\u00e1rosvezet\u00e9s egy\u00fcttm\u0171k\u00f6d\u00e9s\u00e9r\u0151l, amelyet alapvet\u0151en \u00e9s meghat\u00e1roz\u00f3an j\u00f3nak nevezett, a fontos politikai, ideol\u00f3giai \u00e9s strat\u00e9giai k\u00e9rd\u00e9sekben &#8211; mondta &#8211; egyet\u00e9rt\u00e9s van. Jelezte ugyanakkor, hogy vannak &#8222;bels\u0151 csetepat\u00e9k&#8221;, \u00e1m csak &#8222;praktikus k\u00e9rd\u00e9sekben&#8221;. Tarl\u00f3s Istv\u00e1n szerint ugyanakkor ez nem baj, hanem a mai vil\u00e1gban term\u00e9szetes, r\u00e1ad\u00e1sul mivel nem elvi k\u00e9rd\u00e9sekben fesz\u00fclnek egym\u00e1snak a felek ez\u00e9rt mindig tal\u00e1lnak megold\u00e1st. Ezt mutatja szerinte az is, hogy Budapest az ut\u00f3bbi \u00e9vekben &#8211; hossz\u00fa pang\u00e1st k\u00f6vet\u0151en &#8211; egyre el\u0151r\u00e9bb l\u00e9p a nemzetk\u00f6zi protokoll-list\u00e1kon. A f\u0151polg\u00e1rmester szerint a v\u00e1ros \u00e9ppen ez\u00e9rt is \u00e9rdekelt a Fidesz tov\u00e1bbi siker\u00e9ben.     Nagy G\u00e1bor Tam\u00e1s, a Fidesz mand\u00e1tumvizsg\u00e1l\u00f3 bizotts\u00e1g\u00e1nak eln\u00f6ke k\u00f6z\u00f6lte, a kongresszusra \u00f6sszesen 1590 k\u00fcld\u00f6tt szerzett mand\u00e1tumot, 1495-en v\u00e1laszt\u00e1son, 85-en a partnerszervezetek r\u00e9v\u00e9n, tizen pedig a p\u00e1rt alap\u00edt\u00f3ik\u00e9nt.   T\u00e1j\u00e9koztat\u00e1sa alapj\u00e1n a megnyit\u00f3ra 1185 k\u00fcld\u00f6tt \u00e9rkezett meg, \u00edgy a kongresszus hat\u00e1rozatk\u00e9pes.     A k\u00fcld\u00f6ttek a mand\u00e1tumigazol\u00e1st k\u00f6vet\u0151en d\u00f6nt\u00f6ttek arr\u00f3l is, hogy az esem\u00e9ny levezet\u0151 eln\u00f6kei Selmeczi Gabriella orsz\u00e1ggy\u0171l\u00e9si k\u00e9pvisel\u0151 \u00e9s Kocsis M\u00e1t\u00e9 budapesti eln\u00f6k legyenek. A Fidesz kongresszusa eredetileg november 15-\u00e9n lett volna, de elhalasztott\u00e1k, mert a november 13-i p\u00e1rizsi mer\u00e9nyletek miatt a korm\u00e1ny nemzeti gy\u00e1sznapot rendelt el aznapra.(MTI)<\/p>\n","protected":false},"excerpt":{"rendered":"<p>Megkezd\u0151d\u00f6tt a Fidesz XXVI., tiszt\u00faj\u00edt\u00f3 kongresszusa vas\u00e1rnap d\u00e9lel\u0151tt Budapesten, a Hungexp\u00f3n.<\/p>\n","protected":false},"author":1,"featured_media":0,"comment_status":"open","ping_status":"closed","sticky":false,"template":"","format":"standard","meta":[],"categories":[4,18],"tags":[],"_links":{"self":[{"href":"https:\/\/gazdasagportal.hu\/index.php\/wp-json\/wp\/v2\/posts\/71950"}],"collection":[{"href":"https:\/\/gazdasagportal.hu\/index.php\/wp-json\/wp\/v2\/posts"}],"about":[{"href":"https:\/\/gazdasagportal.hu\/index.php\/wp-json\/wp\/v2\/types\/post"}],"author":[{"embeddable":true,"href":"https:\/\/gazdasagportal.hu\/index.php\/wp-json\/wp\/v2\/users\/1"}],"replies":[{"embeddable":true,"href":"https:\/\/gazdasagportal.hu\/index.php\/wp-json\/wp\/v2\/comments?post=71950"}],"version-history":[{"count":1,"href":"https:\/\/gazdasagportal.hu\/index.php\/wp-json\/wp\/v2\/posts\/71950\/revisions"}],"predecessor-version":[{"id":71951,"href":"https:\/\/gazdasagportal.hu\/index.php\/wp-json\/wp\/v2\/posts\/71950\/revisions\/71951"}],"wp:attachment":[{"href":"https:\/\/gazdasagportal.hu\/index.php\/wp-json\/wp\/v2\/media?parent=71950"}],"wp:term":[{"taxonomy":"category","embeddable":true,"href":"https:\/\/gazdasagportal.hu\/index.php\/wp-json\/wp\/v2\/categories?post=71950"},{"taxonomy":"post_tag","embeddable":true,"href":"https:\/\/gazdasagportal.hu\/index.php\/wp-json\/wp\/v2\/tags?post=71950"}],"curies":[{"name":"wp","href":"https:\/\/api.w.org\/{rel}","templated":true}]}}