{"id":71943,"date":"2015-12-13T08:04:05","date_gmt":"2015-12-13T07:04:05","guid":{"rendered":"http:\/\/gazdasagportal.hu\/?p=71943"},"modified":"2015-12-12T20:44:03","modified_gmt":"2015-12-12T19:44:03","slug":"iszlam-allam-spiegel-washington-tobb-tamogatast-var-berlintol","status":"publish","type":"post","link":"https:\/\/gazdasagportal.hu\/index.php\/iszlam-allam-spiegel-washington-tobb-tamogatast-var-berlintol\/","title":{"rendered":"Iszl\u00e1m \u00c1llam &#8211; Spiegel: Washington t\u00f6bb t\u00e1mogat\u00e1st v\u00e1r Berlint\u0151l"},"content":{"rendered":"<p><strong>Az Egyes\u00fclt \u00c1llamok nagyobb katonai t\u00e1mogat\u00e1st v\u00e1r N\u00e9metorsz\u00e1gt\u00f3l az Iszl\u00e1m \u00c1llam (I\u00c1) terrorszervezet elleni k\u00fczdelemhez a Der Spiegel c\u00edm\u0171 n\u00e9met h\u00edrmagazin szerint.<\/strong><!--more--><\/p>\n<div class=\"ads-in-post1\"><div id=\"gazdasagportal.hu_fullbanner_wideboard\"><\/div>\r\n<\/div>\n<p>    A hetilap szombaton megjelent sz\u00e1m\u00e1ban k\u00f6z\u00f6lt \u00e9rtes\u00fcl\u00e9s szerint Ashton Carter amerikai v\u00e9delmi miniszter a  h\u00e9ten lev\u00e9lben fordult Ursula von der Leyen n\u00e9met v\u00e9delmi miniszterhez, k\u00e9rve, hogy a n\u00e9met hadsereg (Bundeswehr) az eddigi v\u00e1llal\u00e1sok mellett tov\u00e1bbi hozz\u00e1j\u00e1rul\u00e1ssal vegyen r\u00e9szt az I\u00c1 ellen szervezett nemzetk\u00f6zi koal\u00edci\u00f3 m\u0171veleteiben.<br \/>\n    Berlinben meglep\u0151dtek a konkr\u00e9t &#8222;k\u00edv\u00e1ns\u00e1glist\u00e1t&#8221; nem tartalmaz\u00f3 lev\u00e9len, \u00e9s m\u00e9g nem v\u00e1laszoltak r\u00e1. A n\u00e9met korm\u00e1ny helyzet\u00e9rt\u00e9kel\u00e9se szerint Washingtonb\u00f3l m\u00e1s f\u0151v\u00e1rosokba is k\u00fcldenek hasonl\u00f3 levelet, hogy tov\u00e1bb b\u0151v\u00fclj\u00e9k az I\u00c1 sz\u00edriai \u00e9s iraki \u00e1ll\u00e1saira l\u00e9gicsap\u00e1sokat m\u00e9r\u0151 sz\u00f6vets\u00e9gesek k\u00f6re &#8211; \u00edrta a Der Spiegel.<br \/>\n    N\u00e9metorsz\u00e1g kezdett\u0151l fogva tagja a t\u00f6bb mint 60 orsz\u00e1got \u00f6sszefog\u00f3 sz\u00f6vets\u00e9gnek, de eddig nem vett r\u00e9szt a l\u00e9gi m\u0171veletekben, hanem az \u00e9szak-iraki kurd \u00f6nv\u00e9delmi er\u0151k (pesmerg\u00e1k) felfegyverz\u00e9s\u00e9t \u00e9s k\u00e9pz\u00e9s\u00e9t seg\u00edtette.<br \/>\n    A novemberi p\u00e1rizsi terrort\u00e1mad\u00e1sok ut\u00e1n kiterjesztett\u00e9k a k\u00f6zrem\u0171k\u00f6d\u00e9st, a Bundeswehr felder\u00edt\u0151 rep\u00fcl\u0151g\u00e9pekkel, egy l\u00e9gi ut\u00e1nt\u00f6lt\u0151 rep\u00fcl\u0151vel seg\u00edti a l\u00e9gicsap\u00e1sokat, \u00e9s egy fregattal r\u00e9szt vesz a Charles de Gaulle francia rep\u00fcl\u0151g\u00e9p-hordoz\u00f3  v\u00e9delm\u00e9ben. A fregatt m\u00e1r csatlakozott a hadihaj\u00f3 v\u00e9delm\u00e9t biztos\u00edt\u00f3 nemzetk\u00f6zi haj\u00f3rajhoz, az els\u0151 rep\u00fcl\u0151g\u00e9peket pedig cs\u00fct\u00f6rt\u00f6k\u00f6n telep\u00edtett\u00e9k \u00e1t a t\u00f6r\u00f6korsz\u00e1gi Incirlikn\u00e9l fekv\u0151 NATO-t\u00e1maszpontra.<br \/>\n    Angela Merkel kancell\u00e1r egy szombati lapinterj\u00faban kiemelte, hogy a k\u00f6zrem\u0171k\u00f6d\u00e9s a l\u00e9git\u00e1mad\u00e1sokban nem jelent ir\u00e1nyv\u00e1lt\u00e1st a korm\u00e1ny politik\u00e1j\u00e1ban, \u00e9s a Bundeswehr bevet\u00e9se szil\u00e1rd nemzetk\u00f6zi jogi alapokon nyugszik. Ugyanakkor kiz\u00e1rta azt a lehet\u0151s\u00e9get, hogy N\u00e9metorsz\u00e1g sz\u00e1razf\u00f6ldi csapatokat is k\u00fcldj\u00f6n Sz\u00edri\u00e1ba.<br \/>\n    A m\u00e1sodik vil\u00e1gh\u00e1bor\u00fa eml\u00e9ke miatt hagyom\u00e1nyosan pacifista be\u00e1ll\u00edtotts\u00e1g\u00fa n\u00e9met politikai kult\u00fara k\u00f6zeg\u00e9ben \u00e9rz\u00e9keny k\u00e9rd\u00e9s a Bundeswehr bevet\u00e9se t\u00e1mad\u00f3 hadm\u0171veletben. A koszov\u00f3i \u00e9s az afganiszt\u00e1ni k\u00fcldet\u00e9s ut\u00e1n a sz\u00edriai misszi\u00f3 mind\u00f6ssze a harmadik ilyen m\u0171velet az 1955-ben alap\u00edtott Bundeswehr t\u00f6rt\u00e9net\u00e9ben.(MTI)<\/p>\n","protected":false},"excerpt":{"rendered":"<p>Az Egyes\u00fclt \u00c1llamok nagyobb katonai t\u00e1mogat\u00e1st v\u00e1r N\u00e9metorsz\u00e1gt\u00f3l az Iszl\u00e1m \u00c1llam (I\u00c1) terrorszervezet elleni k\u00fczdelemhez a Der Spiegel c\u00edm\u0171 n\u00e9met h\u00edrmagazin szerint.<\/p>\n","protected":false},"author":1,"featured_media":0,"comment_status":"open","ping_status":"closed","sticky":false,"template":"","format":"standard","meta":[],"categories":[12,16],"tags":[],"_links":{"self":[{"href":"https:\/\/gazdasagportal.hu\/index.php\/wp-json\/wp\/v2\/posts\/71943"}],"collection":[{"href":"https:\/\/gazdasagportal.hu\/index.php\/wp-json\/wp\/v2\/posts"}],"about":[{"href":"https:\/\/gazdasagportal.hu\/index.php\/wp-json\/wp\/v2\/types\/post"}],"author":[{"embeddable":true,"href":"https:\/\/gazdasagportal.hu\/index.php\/wp-json\/wp\/v2\/users\/1"}],"replies":[{"embeddable":true,"href":"https:\/\/gazdasagportal.hu\/index.php\/wp-json\/wp\/v2\/comments?post=71943"}],"version-history":[{"count":1,"href":"https:\/\/gazdasagportal.hu\/index.php\/wp-json\/wp\/v2\/posts\/71943\/revisions"}],"predecessor-version":[{"id":71944,"href":"https:\/\/gazdasagportal.hu\/index.php\/wp-json\/wp\/v2\/posts\/71943\/revisions\/71944"}],"wp:attachment":[{"href":"https:\/\/gazdasagportal.hu\/index.php\/wp-json\/wp\/v2\/media?parent=71943"}],"wp:term":[{"taxonomy":"category","embeddable":true,"href":"https:\/\/gazdasagportal.hu\/index.php\/wp-json\/wp\/v2\/categories?post=71943"},{"taxonomy":"post_tag","embeddable":true,"href":"https:\/\/gazdasagportal.hu\/index.php\/wp-json\/wp\/v2\/tags?post=71943"}],"curies":[{"name":"wp","href":"https:\/\/api.w.org\/{rel}","templated":true}]}}