{"id":71941,"date":"2015-12-13T06:22:09","date_gmt":"2015-12-13T05:22:09","guid":{"rendered":"http:\/\/gazdasagportal.hu\/?p=71941"},"modified":"2015-12-12T20:42:54","modified_gmt":"2015-12-12T19:42:54","slug":"metroepites-miatt-megsuppedt-a-talaj-bukarestben-ket-lakohazat-kiuritettek","status":"publish","type":"post","link":"https:\/\/gazdasagportal.hu\/index.php\/metroepites-miatt-megsuppedt-a-talaj-bukarestben-ket-lakohazat-kiuritettek\/","title":{"rendered":"Metr\u00f3\u00e9p\u00edt\u00e9s miatt megs\u00fcppedt a talaj Bukarestben, k\u00e9t lak\u00f3h\u00e1zat ki\u00fcr\u00edtettek"},"content":{"rendered":"<p><strong>Egy \u00faj metr\u00f3vonal \u00e9p\u00edt\u0151telep\u00e9nek szomsz\u00e9ds\u00e1g\u00e1ban oml\u00e1svesz\u00e9ly miatt negyven embert kilakoltattak, \u00f6t lak\u00f3\u00e9p\u00fcletben pedig le\u00e1ll\u00edtott\u00e1k a villamosenergia- \u00e9s g\u00e1zszolg\u00e1ltat\u00e1st szombaton Bukarestben, miut\u00e1n t\u00f6bb mint h\u00faszm\u00e9teres szakaszon megs\u00fcppedt a talaj.<\/strong><br \/>\n<div class=\"ads-in-post1\"><div id=\"gazdasagportal.hu_fullbanner_wideboard\"><\/div>\r\n<\/div>\n<p>    Az Eroilor \u00e9s Eroii Sanitari sug\u00e1rutak keresztez\u0151d\u00e9s\u00e9ben, a rom\u00e1n eln\u00f6ki palota k\u00f6zel\u00e9ben a megl\u00e9v\u0151 mellett egy \u00fajabb metr\u00f3vonalat \u00e9p\u00edtenek, \u00e9s a t\u00f6bbszintes keresztez\u0151d\u00e9s metr\u00f3\u00e1llom\u00e1sainak az \u00e9p\u00edt\u00e9se is folyik. Szombaton az \u00e9p\u00edt\u0151telep mellett az aszfalt t\u00f6bb sz\u00e1z n\u00e9gyzetm\u00e9ternyi fel\u00fcleten megereszkedett, fel\u00fclet\u00e9n hossz\u00fa reped\u00e9sek jelentek meg, ez\u00e9rt a beoml\u00e1s vesz\u00e9ly\u00e9t\u0151l tartva a hat\u00f3s\u00e1gok le\u00e1ll\u00edtott\u00e1k mindk\u00e9t sug\u00e1r\u00faton a k\u00f6zleked\u00e9st, a forgalmat elterelt\u00e9k. K\u00e9t h\u00e1zat ki\u00fcr\u00edtettek, tov\u00e1bbi \u00f6tben pedig le\u00e1ll\u00edtott\u00e1k a k\u00f6zm\u0171szolg\u00e1ltat\u00e1st, egy vesz\u00e9lyesen megd\u0151lt f\u00e1t pedig kiv\u00e1gtak, hogy ne d\u0151lj\u00f6n a vezet\u00e9kekre.<br \/>\n    A katasztr\u00f3fav\u00e9delem szakemberei \u00e9s az \u00e9p\u00edt\u00e9szek a helysz\u00ednen vizsg\u00e1l\u00f3dnak, Bukarest f\u0151polg\u00e1rmestere vas\u00e1rnapra v\u00e1ls\u00e1gst\u00e1bot h\u00edvott \u00f6ssze, hogy megold\u00e1st keressenek a probl\u00e9m\u00e1ra.<br \/>\n    Rom\u00e1ni\u00e1ban szeptemberben egy tavaly felavatott aut\u00f3p\u00e1lya-szakaszt kellett lez\u00e1rni \u00e9s k\u00e9tsz\u00e1z m\u00e9teres t\u00e1von teljesen elbontani, mivel az aszfalton az alapoz\u00e1s megcs\u00fasz\u00e1sa miatt reped\u00e9sek jelentek meg, \u00e9s a statikai probl\u00e9m\u00e1k a k\u00f6zleked\u00e9s biztons\u00e1g\u00e1t vesz\u00e9lyeztett\u00e9k.(MTI)<\/p>\n","protected":false},"excerpt":{"rendered":"<p>Egy \u00faj metr\u00f3vonal \u00e9p\u00edt\u0151telep\u00e9nek szomsz\u00e9ds\u00e1g\u00e1ban oml\u00e1svesz\u00e9ly miatt negyven embert kilakoltattak, \u00f6t lak\u00f3\u00e9p\u00fcletben pedig le\u00e1ll\u00edtott\u00e1k a villamosenergia- \u00e9s g\u00e1zszolg\u00e1ltat\u00e1st szombaton Bukarestben, miut\u00e1n t\u00f6bb mint h\u00faszm\u00e9teres szakaszon megs\u00fcppedt a talaj. Az Eroilor \u00e9s Eroii Sanitari sug\u00e1rutak keresztez\u0151d\u00e9s\u00e9ben, a rom\u00e1n eln\u00f6ki palota k\u00f6zel\u00e9ben a megl\u00e9v\u0151 mellett egy \u00fajabb metr\u00f3vonalat \u00e9p\u00edtenek, \u00e9s a t\u00f6bbszintes keresztez\u0151d\u00e9s metr\u00f3\u00e1llom\u00e1sainak az \u00e9p\u00edt\u00e9se is &#8230;<\/p>\n","protected":false},"author":1,"featured_media":0,"comment_status":"open","ping_status":"closed","sticky":false,"template":"","format":"standard","meta":[],"categories":[12],"tags":[],"_links":{"self":[{"href":"https:\/\/gazdasagportal.hu\/index.php\/wp-json\/wp\/v2\/posts\/71941"}],"collection":[{"href":"https:\/\/gazdasagportal.hu\/index.php\/wp-json\/wp\/v2\/posts"}],"about":[{"href":"https:\/\/gazdasagportal.hu\/index.php\/wp-json\/wp\/v2\/types\/post"}],"author":[{"embeddable":true,"href":"https:\/\/gazdasagportal.hu\/index.php\/wp-json\/wp\/v2\/users\/1"}],"replies":[{"embeddable":true,"href":"https:\/\/gazdasagportal.hu\/index.php\/wp-json\/wp\/v2\/comments?post=71941"}],"version-history":[{"count":1,"href":"https:\/\/gazdasagportal.hu\/index.php\/wp-json\/wp\/v2\/posts\/71941\/revisions"}],"predecessor-version":[{"id":71942,"href":"https:\/\/gazdasagportal.hu\/index.php\/wp-json\/wp\/v2\/posts\/71941\/revisions\/71942"}],"wp:attachment":[{"href":"https:\/\/gazdasagportal.hu\/index.php\/wp-json\/wp\/v2\/media?parent=71941"}],"wp:term":[{"taxonomy":"category","embeddable":true,"href":"https:\/\/gazdasagportal.hu\/index.php\/wp-json\/wp\/v2\/categories?post=71941"},{"taxonomy":"post_tag","embeddable":true,"href":"https:\/\/gazdasagportal.hu\/index.php\/wp-json\/wp\/v2\/tags?post=71941"}],"curies":[{"name":"wp","href":"https:\/\/api.w.org\/{rel}","templated":true}]}}