{"id":71939,"date":"2015-12-13T05:54:46","date_gmt":"2015-12-13T04:54:46","guid":{"rendered":"http:\/\/gazdasagportal.hu\/?p=71939"},"modified":"2015-12-12T20:41:32","modified_gmt":"2015-12-12T19:41:32","slug":"koltsegvetesi-csalas-miatt-vadat-emeltek-az-mtv-volt-elnoke-ellen-egy-ingatlanugyben","status":"publish","type":"post","link":"https:\/\/gazdasagportal.hu\/index.php\/koltsegvetesi-csalas-miatt-vadat-emeltek-az-mtv-volt-elnoke-ellen-egy-ingatlanugyben\/","title":{"rendered":"K\u00f6lts\u00e9gvet\u00e9si csal\u00e1s miatt v\u00e1dat emeltek az MTV volt eln\u00f6ke ellen egy ingatlan\u00fcgyben"},"content":{"rendered":"<p><strong>A F\u0151v\u00e1rosi F\u0151\u00fcgy\u00e9szs\u00e9g v\u00e1dat emelt jelent\u0151s vagyoni h\u00e1tr\u00e1nyt okoz\u00f3 k\u00f6lts\u00e9gvet\u00e9si csal\u00e1s b\u0171ntette miatt a Pesti K\u00f6zponti Ker\u00fcleti B\u00edr\u00f3s\u00e1gon a Magyar Telev\u00edzi\u00f3 Zrt. egykori eln\u00f6ke, majd strat\u00e9giatervez\u00e9si \u00e9s kommunik\u00e1ci\u00f3s igazgat\u00f3ja ellen &#8211; k\u00f6z\u00f6lte az MTI-vel a f\u0151v\u00e1rosi f\u0151\u00fcgy\u00e9sz szombaton.<\/strong><!--more--><\/p>\n<div class=\"ads-in-post1\"><div id=\"gazdasagportal.hu_fullbanner_wideboard\"><\/div>\r\n<\/div>\n<p>    Ibolya Tibor azt \u00edrta: a v\u00e1dirat szerint R. Z. mag\u00e1nszem\u00e9lyk\u00e9nt m\u00e9g 2010-ben egy budapesti XII. ker\u00fcleti ingatlan\u00fcgyletben k\u00f6zvet\u00edt\u0151i tev\u00e9kenys\u00e9get v\u00e9gzett, amely\u00e9rt az ingatlan v\u00e1s\u00e1rl\u00f3it\u00f3l mintegy 100 ezer eur\u00f3 (mintegy 26,5 milli\u00f3 forint) sikerd\u00edjat kapott.<br \/>\n    A v\u00e1dlott az \u00edgy megszerzett j\u00f6vedelm\u00e9t azonban a 2011 m\u00e1jus\u00e1ban az ad\u00f3hat\u00f3s\u00e1ghoz beny\u00fajtott szja-bevall\u00e1s\u00e1ban \u00f6n\u00e1ll\u00f3 tev\u00e9kenys\u00e9gb\u0151l sz\u00e1rmaz\u00f3 j\u00f6vedelemk\u00e9nt nem szerepeltette, hanem az eltitkolt j\u00f6vedelm\u00e9t az ingatlan vev\u0151ivel egy, a Seychelles-szigeteken bejegyzett, r\u00e9sztulajdon\u00e1ban \u00e1ll\u00f3 offshore c\u00e9g Lichtensteinben vezetett banksz\u00e1ml\u00e1j\u00e1ra utaltatta, amely banksz\u00e1ml\u00e1hoz egyedi megb\u00edz\u00e1ssal hozz\u00e1f\u00e9r\u00e9ssel is rendelkezett &#8211; k\u00f6z\u00f6lte a f\u0151\u00fcgy\u00e9sz.<br \/>\n    Hozz\u00e1tette: az offshore c\u00e9gnek \u00e9s lichtensteini banksz\u00e1ml\u00e1j\u00e1nak a mag\u00e1n\u00fcgyletben csak annyi szerepe volt, hogy a v\u00e1dlott \u00edgy megker\u00fclhette magyarorsz\u00e1gi ad\u00f3fizet\u00e9si k\u00f6telezetts\u00e9g\u00e9t.<br \/>\n    A v\u00e1dhat\u00f3s\u00e1g szerint a volt t\u00e9v\u00e9eln\u00f6k val\u00f3tlan tartalm\u00fa ad\u00f3bevall\u00e1sa beny\u00fajt\u00e1s\u00e1val a 2010-es ad\u00f3\u00e9vre vonatkoz\u00f3an &#8211; szem\u00e9lyi j\u00f6vedelemad\u00f3 \u00e9s eg\u00e9szs\u00e9g\u00fcgyi hozz\u00e1j\u00e1rul\u00e1s bevall\u00e1si \u00e9s fizet\u00e9si k\u00f6telezetts\u00e9g\u00e9t megszegve &#8211; mintegy 12,6 milli\u00f3 forint vagyoni h\u00e1tr\u00e1nyt okozott a k\u00f6lts\u00e9gvet\u00e9snek.<br \/>\n    Ibolya Tibor k\u00f6zl\u00e9se szerint a v\u00e1dlott terh\u00e9re r\u00f3tt b\u0171ncselekm\u00e9ny a t\u00f6rv\u00e9ny szerint ak\u00e1r \u00f6t \u00e9vig terjed\u0151 szabads\u00e1gveszt\u00e9ssel is b\u00fcntethet\u0151.(MTI)<\/p>\n","protected":false},"excerpt":{"rendered":"<p>A F\u0151v\u00e1rosi F\u0151\u00fcgy\u00e9szs\u00e9g v\u00e1dat emelt jelent\u0151s vagyoni h\u00e1tr\u00e1nyt okoz\u00f3 k\u00f6lts\u00e9gvet\u00e9si csal\u00e1s b\u0171ntette miatt a Pesti K\u00f6zponti Ker\u00fcleti B\u00edr\u00f3s\u00e1gon a Magyar Telev\u00edzi\u00f3 Zrt. egykori eln\u00f6ke, majd strat\u00e9giatervez\u00e9si \u00e9s kommunik\u00e1ci\u00f3s igazgat\u00f3ja ellen &#8211; k\u00f6z\u00f6lte az MTI-vel a f\u0151v\u00e1rosi f\u0151\u00fcgy\u00e9sz szombaton.<\/p>\n","protected":false},"author":1,"featured_media":0,"comment_status":"open","ping_status":"closed","sticky":false,"template":"","format":"standard","meta":[],"categories":[4,19],"tags":[],"_links":{"self":[{"href":"https:\/\/gazdasagportal.hu\/index.php\/wp-json\/wp\/v2\/posts\/71939"}],"collection":[{"href":"https:\/\/gazdasagportal.hu\/index.php\/wp-json\/wp\/v2\/posts"}],"about":[{"href":"https:\/\/gazdasagportal.hu\/index.php\/wp-json\/wp\/v2\/types\/post"}],"author":[{"embeddable":true,"href":"https:\/\/gazdasagportal.hu\/index.php\/wp-json\/wp\/v2\/users\/1"}],"replies":[{"embeddable":true,"href":"https:\/\/gazdasagportal.hu\/index.php\/wp-json\/wp\/v2\/comments?post=71939"}],"version-history":[{"count":1,"href":"https:\/\/gazdasagportal.hu\/index.php\/wp-json\/wp\/v2\/posts\/71939\/revisions"}],"predecessor-version":[{"id":71940,"href":"https:\/\/gazdasagportal.hu\/index.php\/wp-json\/wp\/v2\/posts\/71939\/revisions\/71940"}],"wp:attachment":[{"href":"https:\/\/gazdasagportal.hu\/index.php\/wp-json\/wp\/v2\/media?parent=71939"}],"wp:term":[{"taxonomy":"category","embeddable":true,"href":"https:\/\/gazdasagportal.hu\/index.php\/wp-json\/wp\/v2\/categories?post=71939"},{"taxonomy":"post_tag","embeddable":true,"href":"https:\/\/gazdasagportal.hu\/index.php\/wp-json\/wp\/v2\/tags?post=71939"}],"curies":[{"name":"wp","href":"https:\/\/api.w.org\/{rel}","templated":true}]}}