{"id":71624,"date":"2015-12-07T10:19:09","date_gmt":"2015-12-07T09:19:09","guid":{"rendered":"http:\/\/gazdasagportal.hu\/?p=71624"},"modified":"2015-12-07T10:19:09","modified_gmt":"2015-12-07T09:19:09","slug":"fao-jelentes-kilatastalan-helyzet-kelet-ukrajnaban","status":"publish","type":"post","link":"https:\/\/gazdasagportal.hu\/index.php\/fao-jelentes-kilatastalan-helyzet-kelet-ukrajnaban\/","title":{"rendered":"FAO jelent\u00e9s: kil\u00e1t\u00e1stalan helyzet  Kelet-Ukrajn\u00e1ban"},"content":{"rendered":"<p><strong>Az elh\u00faz\u00f3d\u00f3 politikai \u00e9s fegyveres konfliktus egyre rosszabb helyzetbe sodorja a kelet-ukrajnai embereket: kimarad\u00f3 \u00e9tkez\u00e9sek, munkakeres\u00e9s a csal\u00e1dot h\u00e1trahagyva, hitelb\u0151l finansz\u00edrozott mindennapok, vagyont\u00e1rgyaik ki\u00e1rus\u00edt\u00e1sa, haszon\u00e1llataik le\u00f6l\u00e9se, a h\u00e1zt\u00e1ji felad\u00e1sa vet\u0151mag hi\u00e1ny\u00e1ban \u2013 szemelv\u00e9nyek a mintegy 230 000 ott \u00e9l\u0151 csal\u00e1d napi k\u00fczdelmeib\u0151l.<\/strong><!--more--><\/p>\n<div class=\"ads-in-post1\"><div id=\"gazdasagportal.hu_fullbanner_wideboard\"><\/div>\r\n<\/div>\n<p>Az ENSZ \u00c9lelmez\u00e9s\u00fcgyi \u00e9s Mez\u0151gazdas\u00e1gi Szervezete (FAO) \u00e1ltal k\u00e9sz\u00edtett\u00a0<a href=\"http:\/\/www.fao.org\/documents\/card\/en\/c\/9df89c04-1ddc-4c9e-9385-efebc4f12d4e\/\" target=\"_blank\" rel=\"noopener\">h\u00e1ztart\u00e1si felm\u00e9r\u00e9s<\/a>, amit ma hoztak nyilv\u00e1noss\u00e1gra, s\u00f6t\u00e9t k\u00e9pest fest a Donyeck \u00e9s Luhanszk megy\u00e9kben \u00e9l\u0151 kistermel\u0151k j\u00f6v\u0151j\u00e9r\u0151l. A t\u00f6bb mint egy \u00e9ve tart\u00f3 \u00f6sszecsap\u00e1sok hat\u00e1s\u00e1ra az \u00e9lelmiszerek \u00e9s \u00fczemanyagok \u00e1ra ugr\u00e1sszer\u0171en megn\u0151tt, ahogy t\u00f6bbet kell fizetni az utaz\u00e1s\u00e9rt \u00e9s a mez\u0151gazdas\u00e1gi termel\u00e9shez sz\u00fcks\u00e9ges eszk\u00f6z\u00f6k\u00e9rt is.<\/p>\n<p>\u201eA jelent\u00e9s r\u00e9v\u00e9n r\u00e9szletes adatokat kaptunk a k\u00f6zel 700 000 kelet-ukrajnai ember probl\u00e9m\u00e1inak m\u00e9rt\u00e9k\u00e9r\u0151l \u00e9s okair\u00f3l,\u201d mondta Vladimir Rakhmanin, a FAO eur\u00f3pai \u00e9s k\u00f6z\u00e9p-\u00e1zsiai region\u00e1lis k\u00e9pvisel\u0151je.<\/p><div id=\"gazda-815671613\" class=\"gazda-tartalomban gazda-entity-placement\"><script async src=\"https:\/\/pagead2.googlesyndication.com\/pagead\/js\/adsbygoogle.js\"><\/script>\r\n<ins class=\"adsbygoogle\"\r\n     style=\"display:block\"\r\n     data-ad-format=\"fluid\"\r\n     data-ad-layout-key=\"-6t+ed+2i-1n-4w\"\r\n     data-ad-client=\"ca-pub-1959107119989764\"\r\n     data-ad-slot=\"4008251320\"><\/ins>\r\n<script>\r\n     (adsbygoogle = window.adsbygoogle || []).push({});\r\n<\/script><\/div>\n<p>A felm\u00e9r\u00e9sben r\u00e9szt vev\u0151k t\u00f6bbs\u00e9ge egyszer\u0171 kistermel\u0151, akik term\u00e9nyeikb\u0151l gondoskodnak saj\u00e1t ell\u00e1t\u00e1sukr\u00f3l. Azok, akik a term\u00e9nyfelesleget \u00e9rt\u00e9kes\u00edten\u00e9k, most akad\u00e1lyokba \u00fctk\u00f6znek a felvev\u0151 piacokt\u00f3l val\u00f3 t\u00e1vols\u00e1g, a magas sz\u00e1ll\u00edt\u00e1si k\u00f6lts\u00e9gek, a bizonytalan helyzet \u00e9s az alacsony term\u00e9ny\u00e1rak miatt.<\/p>\n<p>Emiatt sokan elhagyj\u00e1k a t\u00e9rs\u00e9get, akik viszont maradnak, egyre kev\u00e9sb\u00e9 k\u00e9pesek az \u00f6nell\u00e1t\u00e1sra.<\/p>\n<p><strong>A legmegfelel\u0151bb seg\u00edts\u00e9g<\/strong><\/p>\n<p>Ez id\u00e1ig a Kelet-Ukrajn\u00e1ba ir\u00e1nyul\u00f3 k\u00fcls\u0151 seg\u00edts\u00e9g legink\u00e1bb \u00e9lelmiszert jelentett. A felm\u00e9r\u00e9s egyik fontos meg\u00e1llap\u00edt\u00e1sa, hogy az ott \u00e9l\u0151 csal\u00e1dok sz\u00e1m\u00e1ra annak lenne a legnagyobb hozad\u00e9ka, ha t\u00e1mogat\u00e1st kapn\u00e1nak a gazd\u00e1lkod\u00e1s fenntart\u00e1s\u00e1ra.<\/p>\n<p>\u201eA konfliktus ment\u00e9n \u00e9l\u0151 csal\u00e1doknak eddig siker\u00fclt alkalmazkodniuk az egyre nehezebb k\u00f6r\u00fclm\u00e9nyekhez, de az \u0151 lehet\u0151s\u00e9geik is v\u00e9gesek,\u201d mondta Farrukh Toirov, a FAO katasztr\u00f3fa-elh\u00e1r\u00edt\u00e1si koordin\u00e1tora. Egy\u00fattal felh\u00edvta a figyelmet, hogy a n\u00f6v\u00e9nytermel\u00e9s \u00e9s az \u00e1llatteny\u00e9szt\u00e9s egyre cs\u00f6kken\u0151 volumene tov\u00e1bb n\u00f6veli az \u00e9lelmiszer\u00e1rakat.<\/p>\n<p>A jelent\u00e9s azonnali t\u00e1mogat\u00e1s\u00e9rt ki\u00e1lt: vet\u0151magra, m\u0171tr\u00e1gy\u00e1ra, mez\u0151gazdas\u00e1gi eszk\u00f6z\u00f6kre, \u00e1llati takarm\u00e1nyra lenne s\u00fcrg\u0151sen sz\u00fcks\u00e9g.<\/p>\n<p>Id\u00e9n, a FAO ukrajnai tev\u00e9kenys\u00e9ge keret\u00e9ben, saj\u00e1t forr\u00e1sb\u00f3l biztos\u00edtott vet\u0151burgony\u00e1t, \u00e1llati takarm\u00e1nyt \u00e9s fiatal csirk\u00e9ket a Donyeck \u00e9s Luhanszk megy\u00e9kben \u00e9l\u0151 csal\u00e1doknak. A felm\u00e9r\u00e9s meg\u00e1llap\u00edt\u00e1sait figyelembe v\u00e9ve a szervezet b\u0151v\u00edten\u00e9 tev\u00e9kenys\u00e9g\u00e9t.<\/p>\n<p>\u201eAz nem j\u00e1rhat\u00f3 \u00fat, hogy az emberek k\u00fcls\u0151 adom\u00e1nyokb\u00f3l \u00e9ljenek egy orsz\u00e1gban, amely k\u00e9pes lenne a lakosaink ell\u00e1t\u00e1s\u00e1ra,\u201d tette hozz\u00e1 Rakhmanin. \u201eA FAO rendelkezik a tud\u00e1ssal \u00e9s tapasztalattal, hogy gyakorlatias seg\u00edts\u00e9get ny\u00fajtson sz\u00e1mukra, a megfelel\u0151 id\u0151ben. Ehhez azonban partnerekre van sz\u00fcks\u00e9g, hogy Ukrajn\u00e1ban el\u00e9rj\u00fck azokat a csal\u00e1dokat is, akiknek a legnagyobb sz\u00fcks\u00e9ge van r\u00e1.\u201d<\/p>\n","protected":false},"excerpt":{"rendered":"<p>Az elh\u00faz\u00f3d\u00f3 politikai \u00e9s fegyveres konfliktus egyre rosszabb helyzetbe sodorja a kelet-ukrajnai embereket: kimarad\u00f3 \u00e9tkez\u00e9sek, munkakeres\u00e9s a csal\u00e1dot h\u00e1trahagyva, hitelb\u0151l finansz\u00edrozott mindennapok, vagyont\u00e1rgyaik ki\u00e1rus\u00edt\u00e1sa, haszon\u00e1llataik le\u00f6l\u00e9se, a h\u00e1zt\u00e1ji felad\u00e1sa vet\u0151mag hi\u00e1ny\u00e1ban \u2013 szemelv\u00e9nyek a mintegy 230 000 ott \u00e9l\u0151 csal\u00e1d napi k\u00fczdelmeib\u0151l.<\/p>\n","protected":false},"author":1,"featured_media":0,"comment_status":"open","ping_status":"closed","sticky":false,"template":"","format":"standard","meta":[],"categories":[12,139],"tags":[],"_links":{"self":[{"href":"https:\/\/gazdasagportal.hu\/index.php\/wp-json\/wp\/v2\/posts\/71624"}],"collection":[{"href":"https:\/\/gazdasagportal.hu\/index.php\/wp-json\/wp\/v2\/posts"}],"about":[{"href":"https:\/\/gazdasagportal.hu\/index.php\/wp-json\/wp\/v2\/types\/post"}],"author":[{"embeddable":true,"href":"https:\/\/gazdasagportal.hu\/index.php\/wp-json\/wp\/v2\/users\/1"}],"replies":[{"embeddable":true,"href":"https:\/\/gazdasagportal.hu\/index.php\/wp-json\/wp\/v2\/comments?post=71624"}],"version-history":[{"count":1,"href":"https:\/\/gazdasagportal.hu\/index.php\/wp-json\/wp\/v2\/posts\/71624\/revisions"}],"predecessor-version":[{"id":71625,"href":"https:\/\/gazdasagportal.hu\/index.php\/wp-json\/wp\/v2\/posts\/71624\/revisions\/71625"}],"wp:attachment":[{"href":"https:\/\/gazdasagportal.hu\/index.php\/wp-json\/wp\/v2\/media?parent=71624"}],"wp:term":[{"taxonomy":"category","embeddable":true,"href":"https:\/\/gazdasagportal.hu\/index.php\/wp-json\/wp\/v2\/categories?post=71624"},{"taxonomy":"post_tag","embeddable":true,"href":"https:\/\/gazdasagportal.hu\/index.php\/wp-json\/wp\/v2\/tags?post=71624"}],"curies":[{"name":"wp","href":"https:\/\/api.w.org\/{rel}","templated":true}]}}