{"id":71612,"date":"2015-12-07T08:08:52","date_gmt":"2015-12-07T07:08:52","guid":{"rendered":"http:\/\/gazdasagportal.hu\/?p=71612"},"modified":"2015-12-07T07:30:05","modified_gmt":"2015-12-07T06:30:05","slug":"obama-meg-fogjuk-semmisiteni-az-iszlam-allamot","status":"publish","type":"post","link":"https:\/\/gazdasagportal.hu\/index.php\/obama-meg-fogjuk-semmisiteni-az-iszlam-allamot\/","title":{"rendered":"Obama: Meg fogjuk semmis\u00edteni az Iszl\u00e1m \u00c1llamot!"},"content":{"rendered":"<p><strong>Az Iszl\u00e1m \u00c1llam (I\u00c1) dzsihadista szervezet megsemmis\u00edt\u00e9s\u00e9t \u00edg\u00e9rte Barack Obama amerikai eln\u00f6k vas\u00e1rnap este a washingtoni Feh\u00e9r H\u00e1zb\u00f3l k\u00f6zvet\u00edtett besz\u00e9d\u00e9ben, \u00e9s terrorcselekm\u00e9nynek min\u0151s\u00edtette a kaliforniai San Bernardin\u00f3ban a m\u00falt h\u00e9ten v\u00e9grehajtott v\u00e9res t\u00e1mad\u00e1st.<\/strong><!--more--><\/p>\n<div class=\"ads-in-post1\"><div id=\"gazdasagportal.hu_fullbanner_wideboard\"><\/div>\r\n<\/div>\n<p>    &#8222;A terrorizmus fenyeget\u00e9se val\u00f3s, de le fogjuk gy\u0151zni&#8221; &#8211; mondta.<br \/>\n    &#8222;Fel\u00fcl fogunk kerekedni az\u00e1ltal, hogy er\u0151sek \u00e9s okosak, rugalmasak \u00e9s k\u00e9rlelhetetlenek lesz\u00fcnk&#8221; &#8211; tette hozz\u00e1.<br \/>\n    Az eln\u00f6k arra t\u00f6rekedett, hogy megnyugtassa az amerikaiakat a 14 hal\u00e1los \u00e1ldozatot k\u00f6vetel\u0151 San Bernardin\u00f3-i terrort\u00e1mad\u00e1s ut\u00e1n, amelyn\u00e9l s\u00falyosabb a 2001. szeptember 11-i mer\u00e9nyletsorozat \u00f3ta nem t\u00f6rt\u00e9nt az orsz\u00e1gban. Besz\u00e9d\u00e9ben felv\u00e1zolta az Iszl\u00e1m \u00c1llam megsemmis\u00edt\u00e9s\u00e9nek taktik\u00e1j\u00e1t \u00e9s az Egyes\u00fclt \u00c1llamokban &#8222;\u00faj f\u00e1zisba fejl\u0151d\u00f6tt&#8221; terrorizmus elleni harc alapvet\u00e9seit, mondanival\u00f3ja ugyanakkor nem tartalmazott gy\u00f6keresen \u00faj elemeket.<br \/>\n    Barack Obama az Ov\u00e1lis Irod\u00e1b\u00f3l sug\u00e1rzott besz\u00e9d\u00e9ben elmondta, hogy az amerikai hadsereg tov\u00e1bbra is le fog s\u00fajtani a terrorist\u00e1kra minden orsz\u00e1gban, ahol ez sz\u00fcks\u00e9ges, egy\u00fattal ism\u00e9telten kiz\u00e1rta egy \u00fajabb, az Egyes\u00fclt \u00c1llamok \u00e1ltal viselend\u0151, kiterjedt sz\u00e1razf\u00f6ldi h\u00e1bor\u00fa lehet\u0151s\u00e9g\u00e9t.<br \/>\n    A Feh\u00e9r H\u00e1z a besz\u00e9d ut\u00e1n k\u00f6z\u00f6lte: Washingtonban azt m\u00e9rlegelik, hogy n\u00f6velj\u00e9k a Sz\u00edri\u00e1ba vez\u00e9nyelt kommand\u00f3sok l\u00e9tsz\u00e1m\u00e1t.<br \/>\n    Az eln\u00f6k s\u00fcrgette, hogy a kongresszus adjon \u00faj felhatalmaz\u00e1st az Iszl\u00e1m \u00c1llam elleni hadvisel\u00e9sre Irakban \u00e9s Sz\u00edri\u00e1ba.<br \/>\n    Kil\u00e1t\u00e1sba helyezte t\u00f6bb t\u00edzezer, az Iszl\u00e1m \u00c1llam ellen az eml\u00edtett orsz\u00e1gokban harcol\u00f3 fegyveres kik\u00e9pz\u00e9s\u00e9t, a terrorszervezet ellen \u00f6sszefogott koal\u00edci\u00f3 kisz\u00e9les\u00edt\u00e9s\u00e9t \u00e9s a nemzetk\u00f6zi egy\u00fcttm\u0171k\u00f6d\u00e9s fokoz\u00e1s\u00e1t.<br \/>\n    R\u00e1mutatott a sz\u00edriai konfliktus politikai rendez\u00e9s\u00e9nek sz\u00fcks\u00e9gess\u00e9g\u00e9re. S\u00fcrgette, hogy a kongresszus akad\u00e1lyozza meg a l\u00e9gi k\u00f6zleked\u00e9sb\u0151l kitiltott szem\u00e9lyek fegyverhez jut\u00e1s\u00e1t, \u00e9s sz\u00fcntesse meg a t\u00e1mad\u00e1sra alkalmas l\u0151fegyverek beszerz\u00e9s\u00e9nek lehet\u0151s\u00e9g\u00e9t.<br \/>\n    Obama az Egyes\u00fclt \u00c1llamokba t\u00f6rt\u00e9n\u0151 v\u00edzummentes beutaz\u00e1s szab\u00e1lyainak megszigor\u00edt\u00e1s\u00e1t is k\u00e9rte. A Feh\u00e9r H\u00e1z szerint az amerikai korm\u00e1nyzat a San Bernardin\u00f3-i m\u00e9sz\u00e1rl\u00e1s miatt fontol\u00f3ra vette a menyasszonyi v\u00edzumok kiad\u00e1s\u00e1nak fel\u00fclvizsg\u00e1lat\u00e1t is.<br \/>\n    Az eln\u00f6k feladatk\u00e9nt nevezte meg a potenci\u00e1lis terrorist\u00e1k nyomon k\u00f6vet\u00e9s\u00e9t lehet\u0151v\u00e9 tev\u0151 m\u0171szaki fejleszt\u00e9seket a korm\u00e1nyzat \u00e9s a mag\u00e1nc\u00e9gek \u00f6sszefog\u00e1s\u00e1val, ugyanakkor nem kezdem\u00e9nyezte az adatforgalom megfigyel\u00e9s\u00e9r\u0151l orsz\u00e1gosan folytatott vita fel\u00faj\u00edt\u00e1s\u00e1t.<br \/>\n    Felsz\u00f3l\u00edtotta a muszlim vezet\u0151ket, hogy tegyenek t\u00f6bbet hitt\u00e1rsaik radik\u00e1liss\u00e1 v\u00e1l\u00e1sa ellen. Egy\u00fattal \u00f3vta honfit\u00e1rsait att\u00f3l, hogy az amerikai muszlimok elidegen\u00edt\u00e9s\u00e9vel v\u00e1laszoljanak a terrort\u00e1mad\u00e1sokra, ami szerinte csak tov\u00e1bb er\u0151s\u00edten\u00e9 a sz\u00e9ls\u0151s\u00e9ges ideol\u00f3gi\u00e1t.<br \/>\n    A CNN h\u00edrtelev\u00edzi\u00f3 \u00e9s az ORC k\u00f6zv\u00e9lem\u00e9ny-kutat\u00f3 int\u00e9zet legfrissebb felm\u00e9r\u00e9se szerint az amerikaiak 60 sz\u00e1zal\u00e9k\u00e1nak kedvez\u0151tlen a v\u00e9lem\u00e9nye arr\u00f3l, ahogyan Obama eln\u00f6k a terrorizmus k\u00e9rd\u00e9s\u00e9t kezeli.(MTI)<\/p>\n","protected":false},"excerpt":{"rendered":"<p>Az Iszl\u00e1m \u00c1llam (I\u00c1) dzsihadista szervezet megsemmis\u00edt\u00e9s\u00e9t \u00edg\u00e9rte Barack Obama amerikai eln\u00f6k vas\u00e1rnap este a washingtoni Feh\u00e9r H\u00e1zb\u00f3l k\u00f6zvet\u00edtett besz\u00e9d\u00e9ben, \u00e9s terrorcselekm\u00e9nynek min\u0151s\u00edtette a kaliforniai San Bernardin\u00f3ban a m\u00falt h\u00e9ten v\u00e9grehajtott v\u00e9res t\u00e1mad\u00e1st.<\/p>\n","protected":false},"author":1,"featured_media":0,"comment_status":"open","ping_status":"closed","sticky":false,"template":"","format":"standard","meta":[],"categories":[16],"tags":[],"_links":{"self":[{"href":"https:\/\/gazdasagportal.hu\/index.php\/wp-json\/wp\/v2\/posts\/71612"}],"collection":[{"href":"https:\/\/gazdasagportal.hu\/index.php\/wp-json\/wp\/v2\/posts"}],"about":[{"href":"https:\/\/gazdasagportal.hu\/index.php\/wp-json\/wp\/v2\/types\/post"}],"author":[{"embeddable":true,"href":"https:\/\/gazdasagportal.hu\/index.php\/wp-json\/wp\/v2\/users\/1"}],"replies":[{"embeddable":true,"href":"https:\/\/gazdasagportal.hu\/index.php\/wp-json\/wp\/v2\/comments?post=71612"}],"version-history":[{"count":1,"href":"https:\/\/gazdasagportal.hu\/index.php\/wp-json\/wp\/v2\/posts\/71612\/revisions"}],"predecessor-version":[{"id":71613,"href":"https:\/\/gazdasagportal.hu\/index.php\/wp-json\/wp\/v2\/posts\/71612\/revisions\/71613"}],"wp:attachment":[{"href":"https:\/\/gazdasagportal.hu\/index.php\/wp-json\/wp\/v2\/media?parent=71612"}],"wp:term":[{"taxonomy":"category","embeddable":true,"href":"https:\/\/gazdasagportal.hu\/index.php\/wp-json\/wp\/v2\/categories?post=71612"},{"taxonomy":"post_tag","embeddable":true,"href":"https:\/\/gazdasagportal.hu\/index.php\/wp-json\/wp\/v2\/tags?post=71612"}],"curies":[{"name":"wp","href":"https:\/\/api.w.org\/{rel}","templated":true}]}}