{"id":71608,"date":"2015-12-07T04:24:12","date_gmt":"2015-12-07T03:24:12","guid":{"rendered":"http:\/\/gazdasagportal.hu\/?p=71608"},"modified":"2015-12-07T08:09:11","modified_gmt":"2015-12-07T07:09:11","slug":"szlam-allam-a-nemet-hadsereg-sziriai-bevetese-az-idonyeresrol-szol","status":"publish","type":"post","link":"https:\/\/gazdasagportal.hu\/index.php\/szlam-allam-a-nemet-hadsereg-sziriai-bevetese-az-idonyeresrol-szol\/","title":{"rendered":"Iszl\u00e1m \u00c1llam &#8211; A n\u00e9met hadsereg sz\u00edriai bevet\u00e9se az id\u0151nyer\u00e9sr\u0151l sz\u00f3l"},"content":{"rendered":"<p><strong>Fel kell tart\u00f3ztatni az Iszl\u00e1m \u00c1llam (I\u00c1) terrorszervezetet, hogy a nemzetk\u00f6zi k\u00f6z\u00f6ss\u00e9g id\u0151t nyerjen a sz\u00edriai helyzet politikai rendez\u00e9s\u00e9re, err\u0151l sz\u00f3l a n\u00e9met hadsereg (Bundeswehr) sz\u00edriai bevet\u00e9se &#8211; mondta egy vas\u00e1rnapi lapinterj\u00faban a n\u00e9met alkancell\u00e1r.<\/strong><br \/>\n<!--more--><\/p>\n<div class=\"ads-in-post1\"><div id=\"gazdasagportal.hu_fullbanner_wideboard\"><\/div>\r\n<\/div>\n<p>    Sigmar Gabriel, a CDU\/CSU jobbk\u00f6z\u00e9p p\u00e1rtsz\u00f6vets\u00e9ggel korm\u00e1nyz\u00f3 szoci\u00e1ldemokrata p\u00e1rt (SPD) eln\u00f6ke a Bild am Sonntag c\u00edm\u0171 lapban megjelent interj\u00faban hangs\u00falyozta: mindenki tudja, hogy katonai er\u0151vel nem lehet rendezni Sz\u00edria helyzet\u00e9t, \u00e9s az arab orsz\u00e1gban 2011 \u00f3ta tart\u00f3 polg\u00e1rh\u00e1bor\u00fat csak politikai megold\u00e1ssal lehet lez\u00e1rni, az I\u00c1 ellen pedig a most m\u00e9g egym\u00e1s ellen harcol\u00f3 er\u0151knek &#8211; Bass\u00e1r el-Aszad eln\u00f6k csapatainak, az Aszad-rezsim ellen l\u00e1zad\u00f3 csoportoknak \u00e9s a kurdoknak &#8211; k\u00f6z\u00f6sen kell fell\u00e9pni\u00fck.<br \/>\n    A helyi er\u0151k I\u00c1 elleni sz\u00f6vets\u00e9g\u00e9nek \u00f6sszekov\u00e1csol\u00e1s\u00e1ig viszont meg kell akad\u00e1lyozni, hogy az I\u00c1 m\u00e9g tov\u00e1bb terjeszkedj\u00e9k. Ezt szolg\u00e1lja a Bundeswehr p\u00e9nteken elfogadott \u00faj k\u00fcldet\u00e9se. Az els\u0151sorban az I\u00c1 sz\u00edriai \u00e1ll\u00e1sai elleni l\u00e9git\u00e1mad\u00e1sokat kivitelez\u0151 sz\u00f6vets\u00e9gesek m\u0171holdas \u00e9s l\u00e9gi felder\u00edt\u00e9ssel folytatott t\u00e1mogat\u00e1s\u00e1b\u00f3l \u00e1ll\u00f3 misszi\u00f3 id\u0151tartama bizonytalan, mert m\u00e9g nem l\u00e1tni, hogy mikorra vezet eredm\u00e9nyre az \u00fagynevezett b\u00e9csi folyamat, az osztr\u00e1k f\u0151v\u00e1rosban a sz\u00edriai fegyvernyugv\u00e1sr\u00f3l \u00e9s a politikai \u00e1tmenet megind\u00edt\u00e1s\u00e1r\u00f3l okt\u00f3berben kezd\u0151d\u00f6tt nemzetk\u00f6zi t\u00e1rgyal\u00e1ssorozat.<br \/>\n    Sigmar Gabriel kiz\u00e1rtnak nevezte, hogy n\u00e9met sz\u00e1razf\u00f6ldi csapatokat k\u00fcldjenek Sz\u00edri\u00e1ba. Az I\u00c1 v\u00e1rva v\u00e1rja, hogy az amerikaiak \u00e9s az eur\u00f3paiak sz\u00e1razf\u00f6ldi csapatokkal is harcba sz\u00e1lljanak ellene, hiszen \u00edgy tov\u00e1bb folytathatn\u00e1 propaganda-hadj\u00e1rat\u00e1t, amely azon az \u00e1ll\u00edt\u00e1son alapul, hogy az I\u00c1 elleni nemzetk\u00f6zi sz\u00f6vets\u00e9g fell\u00e9p\u00e9se a Nyugat harca az iszl\u00e1m ellen. Holott az I\u00c1 &#8222;val\u00f3j\u00e1ban f\u0151leg muzulm\u00e1nokat gyilkol \u00e9s vet rabszolgas\u00e1gba&#8221; &#8211; mutatott r\u00e1 a n\u00e9met alkancell\u00e1r.<br \/>\n    Hozz\u00e1tette, hogy az I\u00c1 felemelked\u00e9s\u00e9ben a Nyugat is v\u00e9tkes, mert a &#8222;nemzetk\u00f6zi jog megs\u00e9rt\u00e9s\u00e9vel folytatott&#8221; &#8211; \u00e9s az SPD \u00e1ltal mindig is elutas\u00edtott &#8211; iraki h\u00e1bor\u00fa az \u00e1llami szervezetek, szerkezetek lerombol\u00e1s\u00e1t eredm\u00e9nyezte \u00e9s az iszlamista terrorizmus meleg\u00e1gy\u00e1v\u00e1 tette az orsz\u00e1got. R\u00e1ad\u00e1sul sok\u00e1ig az a strat\u00e9gia volt \u00e9rv\u00e9nyben, hogy az ellens\u00e9g ellens\u00e9ge bar\u00e1t, \u00edgy kor\u00e1bbi n\u00e9met korm\u00e1nyok Hoszni Mubarak volt egyiptomi eln\u00f6kt\u0151l Zin el-Abidin ben Ali volt tun\u00e9ziai \u00e1llamf\u0151ig &#8222;mindenf\u00e9le diktat\u00far\u00e1knak&#8221; sz\u00e1ll\u00edtottak fegyvereket.<br \/>\n    &#8222;Most ennek a politik\u00e1nak a s\u00f6t\u00e9t oldalai kopogtatnak az ajt\u00f3nkon&#8221; &#8211; fogalmazott a n\u00e9met alkancell\u00e1r.<br \/>\n    Sza\u00fad-Ar\u00e1bia szerep\u00e9r\u0151l sz\u00f3lva hangs\u00falyozta, hogy sz\u00fcks\u00e9g van a szunnita vezet\u00e9s\u0171 sivatagi kir\u00e1lys\u00e1gra, ez\u00e9rt nem szabad azt &#8222;miden nap pelleng\u00e9rre \u00e1ll\u00edtani&#8221;. Ugyanakkor vil\u00e1goss\u00e1 kell tenni a rij\u00e1di vezet\u00e9s sz\u00e1m\u00e1ra, hogy nem hunyhat szemet t\u00f6bb\u00e9 a felett, hogy &#8222;Sza\u00fad-Ar\u00e1bi\u00e1b\u00f3l vahabita mecseteket t\u00e1mogatnak a vil\u00e1g minden r\u00e9sz\u00e9n&#8221;.<br \/>\n    Hozz\u00e1tette: N\u00e9metorsz\u00e1gban is ezekb\u0151l a vahabita (az iszl\u00e1m szunnita \u00e1g\u00e1nak egy rendk\u00edv\u00fcl konzervat\u00edv ir\u00e1nyzata) k\u00f6z\u00f6ss\u00e9gekb\u0151l sz\u00e1rmazik sz\u00e1mos olyan iszlamista, akiket a hat\u00f3s\u00e1gok terrorcselekm\u00e9ny elk\u00f6vet\u00e9s\u00e9re hajlamos vall\u00e1si sz\u00e9ls\u0151s\u00e9gesk\u00e9nt tartanak sz\u00e1mon.<br \/>\n    A n\u00e9met alkancell\u00e1r az interj\u00faban egyebek mellett Oroszorsz\u00e1gr\u00f3l is besz\u00e9lt, sz\u00e1mos kor\u00e1bbi nyilatkozat\u00e1ban kifejtett gondolat\u00e1t ismertetve elmondta: v\u00e9get kell vetni a &#8222;j\u00e9gkorszaknak&#8221; a Moszkv\u00e1val folytatott viszonyban, \u00e9s ugyan sz\u00e1mon kell k\u00e9rni az ukr\u00e1n v\u00e1ls\u00e1g politikai rendez\u00e9s\u00e9r\u0151l sz\u00f3l\u00f3 minszki meg\u00e1llapod\u00e1sokat, de &#8222;hosszabb t\u00e1von semmi \u00e9rtelme&#8221; annak, hogy a Nyugat seg\u00edts\u00e9get k\u00e9r Vlagyimir Putyin orosz eln\u00f6kt\u0151l &#8222;geopolitikai gondok, p\u00e9ld\u00e1ul a sz\u00edriai helyzet rendez\u00e9s\u00e9hez, \u00e9s k\u00f6zben kiz\u00e1rjuk \u0151t a G8-csoportb\u00f3l&#8221;.<br \/>\n    A G8-csoport a vil\u00e1g legfejlettebb ipar\u00fa orsz\u00e1gait \u00f6sszefog\u00f3, 1975 \u00f3ta m\u0171k\u00f6d\u0151  G7-csoport \u00e9s Oroszorsz\u00e1g 1998 \u00f3ta m\u0171k\u00f6d\u0151 tan\u00e1cskoz\u00f3 test\u00fclete, amely tavaly \u00f3ta ism\u00e9t h\u00e9t orsz\u00e1gb\u00f3l \u00e1ll, mert Oroszorsz\u00e1g tags\u00e1g\u00e1t felf\u00fcggesztett\u00e9k az ukrajnai v\u00e1ls\u00e1gban folytatott tev\u00e9kenys\u00e9ge miatt.(MTI)<\/p>\n","protected":false},"excerpt":{"rendered":"<p>Fel kell tart\u00f3ztatni az Iszl\u00e1m \u00c1llam (I\u00c1) terrorszervezetet, hogy a nemzetk\u00f6zi k\u00f6z\u00f6ss\u00e9g id\u0151t nyerjen a sz\u00edriai helyzet politikai rendez\u00e9s\u00e9re, err\u0151l sz\u00f3l a n\u00e9met hadsereg (Bundeswehr) sz\u00edriai bevet\u00e9se &#8211; mondta egy vas\u00e1rnapi lapinterj\u00faban a n\u00e9met alkancell\u00e1r.<\/p>\n","protected":false},"author":1,"featured_media":0,"comment_status":"open","ping_status":"closed","sticky":false,"template":"","format":"standard","meta":[],"categories":[16],"tags":[],"_links":{"self":[{"href":"https:\/\/gazdasagportal.hu\/index.php\/wp-json\/wp\/v2\/posts\/71608"}],"collection":[{"href":"https:\/\/gazdasagportal.hu\/index.php\/wp-json\/wp\/v2\/posts"}],"about":[{"href":"https:\/\/gazdasagportal.hu\/index.php\/wp-json\/wp\/v2\/types\/post"}],"author":[{"embeddable":true,"href":"https:\/\/gazdasagportal.hu\/index.php\/wp-json\/wp\/v2\/users\/1"}],"replies":[{"embeddable":true,"href":"https:\/\/gazdasagportal.hu\/index.php\/wp-json\/wp\/v2\/comments?post=71608"}],"version-history":[{"count":2,"href":"https:\/\/gazdasagportal.hu\/index.php\/wp-json\/wp\/v2\/posts\/71608\/revisions"}],"predecessor-version":[{"id":71614,"href":"https:\/\/gazdasagportal.hu\/index.php\/wp-json\/wp\/v2\/posts\/71608\/revisions\/71614"}],"wp:attachment":[{"href":"https:\/\/gazdasagportal.hu\/index.php\/wp-json\/wp\/v2\/media?parent=71608"}],"wp:term":[{"taxonomy":"category","embeddable":true,"href":"https:\/\/gazdasagportal.hu\/index.php\/wp-json\/wp\/v2\/categories?post=71608"},{"taxonomy":"post_tag","embeddable":true,"href":"https:\/\/gazdasagportal.hu\/index.php\/wp-json\/wp\/v2\/tags?post=71608"}],"curies":[{"name":"wp","href":"https:\/\/api.w.org\/{rel}","templated":true}]}}