{"id":71604,"date":"2015-12-07T04:11:34","date_gmt":"2015-12-07T03:11:34","guid":{"rendered":"http:\/\/gazdasagportal.hu\/?p=71604"},"modified":"2015-12-06T21:12:20","modified_gmt":"2015-12-06T20:12:20","slug":"a-heten-is-borus-lesz-az-ido","status":"publish","type":"post","link":"https:\/\/gazdasagportal.hu\/index.php\/a-heten-is-borus-lesz-az-ido\/","title":{"rendered":"A h\u00e9ten is bor\u00fas lesz az id\u0151"},"content":{"rendered":"<p><strong>A j\u00f6v\u0151 h\u00e9ten nem v\u00e1rhat\u00f3 komoly leh\u0171l\u00e9s, de t\u00f6bbnyire bor\u00fas lesz az id\u0151. T\u00f6bbsz\u00f6r lehet tart\u00f3s k\u00f6d, k\u00f6dszit\u00e1l\u00e1s, olykor es\u0151 is, de havaz\u00e1s nem v\u00e1rhat\u00f3 &#8211; der\u00fcl ki az Orsz\u00e1gos Meteorol\u00f3giai Szolg\u00e1latnak vas\u00e1rnap az MTI-hez eljuttatott orsz\u00e1gos, k\u00f6z\u00e9pt\u00e1v\u00fa el\u0151rejelz\u00e9s\u00e9b\u0151l.<\/strong><!--more--><\/p>\n<div class=\"ads-in-post1\"><div id=\"gazdasagportal.hu_fullbanner_wideboard\"><\/div>\r\n<\/div>\n<p>    H\u00e9tf\u0151n az orsz\u00e1g nagyobb r\u00e9sz\u00e9n er\u0151sen felh\u0151s vagy borult, p\u00e1r\u00e1s id\u0151 lesz, de az Alpokalja t\u00e9rs\u00e9g\u00e9ben kis es\u00e9llyel helyenk\u00e9nt felszakadozhat a felh\u0151zet. F\u0151k\u00e9nt keleten \u00e9s a magasabban fekv\u0151 ter\u00fcleteken, valamint a Dun\u00e1nt\u00fal d\u00e9lnyugati ter\u00fcletein lehet k\u00f6dfoltokra sz\u00e1m\u00edtani. Sz\u00e1mottev\u0151 csapad\u00e9k nem v\u00e1rhat\u00f3, azonban n\u00e9hol, els\u0151sorban az Alf\u00f6ld\u00f6n el\u0151fordulhat szit\u00e1l\u00e1s. A legalacsonyabb \u00e9jszakai h\u0151m\u00e9rs\u00e9klet m\u00ednusz 1 \u00e9s plusz 4 fok k\u00f6z\u00f6tt v\u00e1rhat\u00f3. A legmagasabb h\u0151m\u00e9rs\u00e9klet jellemz\u0151en 4-7 fok k\u00f6z\u00f6tt alakul, de a felh\u0151zet felszakadoz\u00e1sa eset\u00e9n a Nyugat-Dun\u00e1nt\u00falon 10 fok k\u00f6zel\u00e9be melegedhet fel a leveg\u0151.<br \/>\n    Kedden \u00e9s szerd\u00e1n t\u00falnyom\u00f3an borult, p\u00e1r\u00e1s, helyenk\u00e9nt tart\u00f3san k\u00f6d\u00f6s id\u0151 val\u00f3sz\u00edn\u0171, n\u00e9hol szit\u00e1l\u00e1ssal. Szerda est\u00e9t\u0151l \u00e9szakon es\u0151re is sz\u00e1m\u00edtani lehet. A minimumh\u0151m\u00e9rs\u00e9klet mindk\u00e9t nap 0 \u00e9s plusz 5 fok k\u00f6z\u00f6tt val\u00f3sz\u00edn\u0171. Kedden a nappali maximumok v\u00e1rhat\u00f3an 4-9, szerd\u00e1n 3-8 fok k\u00f6z\u00f6tt alakulnak.<br \/>\n    Cs\u00fct\u00f6rt\u00f6k reggel keleten n\u00e9hol m\u00e9g el\u0151fordulhat es\u0151, majd megsz\u0171nik a csapad\u00e9k \u00e9s egyre t\u00f6bbfel\u00e9 kis\u00fct a nap. A legalacsonyabb \u00e9jszakai h\u0151m\u00e9rs\u00e9klet 0 \u00e9s plusz 5, a legmagasabb h\u0151m\u00e9rs\u00e9klet 4-9 fok k\u00f6z\u00f6tt alakul.<br \/>\n    P\u00e9nteken az orsz\u00e1g nagyobb r\u00e9sz\u00e9n borult, p\u00e1r\u00e1s id\u0151 lesz, nagyobb es\u00e9llyel a Dun\u00e1nt\u00falon szakadozhat fel helyenk\u00e9nt a felh\u0151zet. N\u00e9hol szit\u00e1l\u00e1s el\u0151fordulhat. A leghidegebb \u00f3r\u00e1kban m\u00ednusz 2 \u00e9s plusz 3 fok k\u00f6z\u00f6tt, napk\u00f6zben plusz 2-7 fok k\u00f6z\u00f6tt alakul a h\u0151m\u00e9rs\u00e9klet.<br \/>\n    Szombaton \u00e9s vas\u00e1rnap n\u00e9hol kev\u00e9sb\u00e9, m\u00e1sutt er\u0151sebben felh\u0151s lesz az \u00e9g, t\u00f6bb helyen p\u00e1r\u00e1s, k\u00f6d\u00f6s lehet az id\u0151. Szombaton m\u00e9g n\u00e9hol szit\u00e1l\u00e1s, kisebb es\u0151 is kialakulhat, vas\u00e1rnap m\u00e1r nem val\u00f3sz\u00edn\u0171 csapad\u00e9k. A legalacsonyabb h\u0151m\u00e9rs\u00e9klet mindk\u00e9t nap m\u00ednusz 2 \u00e9s plusz 3 fok k\u00f6z\u00f6tt alakul. Szombaton plusz 3-9, vas\u00e1rnap 2-8 fokig melegszik a leveg\u0151 &#8211; olvashat\u00f3 az el\u0151rejelz\u00e9sben.(MTI)<\/p>\n","protected":false},"excerpt":{"rendered":"<p>A j\u00f6v\u0151 h\u00e9ten nem v\u00e1rhat\u00f3 komoly leh\u0171l\u00e9s, de t\u00f6bbnyire bor\u00fas lesz az id\u0151. T\u00f6bbsz\u00f6r lehet tart\u00f3s k\u00f6d, k\u00f6dszit\u00e1l\u00e1s, olykor es\u0151 is, de havaz\u00e1s nem v\u00e1rhat\u00f3 &#8211; der\u00fcl ki az Orsz\u00e1gos Meteorol\u00f3giai Szolg\u00e1latnak vas\u00e1rnap az MTI-hez eljuttatott orsz\u00e1gos, k\u00f6z\u00e9pt\u00e1v\u00fa el\u0151rejelz\u00e9s\u00e9b\u0151l.<\/p>\n","protected":false},"author":1,"featured_media":0,"comment_status":"open","ping_status":"closed","sticky":false,"template":"","format":"standard","meta":[],"categories":[4],"tags":[],"_links":{"self":[{"href":"https:\/\/gazdasagportal.hu\/index.php\/wp-json\/wp\/v2\/posts\/71604"}],"collection":[{"href":"https:\/\/gazdasagportal.hu\/index.php\/wp-json\/wp\/v2\/posts"}],"about":[{"href":"https:\/\/gazdasagportal.hu\/index.php\/wp-json\/wp\/v2\/types\/post"}],"author":[{"embeddable":true,"href":"https:\/\/gazdasagportal.hu\/index.php\/wp-json\/wp\/v2\/users\/1"}],"replies":[{"embeddable":true,"href":"https:\/\/gazdasagportal.hu\/index.php\/wp-json\/wp\/v2\/comments?post=71604"}],"version-history":[{"count":1,"href":"https:\/\/gazdasagportal.hu\/index.php\/wp-json\/wp\/v2\/posts\/71604\/revisions"}],"predecessor-version":[{"id":71605,"href":"https:\/\/gazdasagportal.hu\/index.php\/wp-json\/wp\/v2\/posts\/71604\/revisions\/71605"}],"wp:attachment":[{"href":"https:\/\/gazdasagportal.hu\/index.php\/wp-json\/wp\/v2\/media?parent=71604"}],"wp:term":[{"taxonomy":"category","embeddable":true,"href":"https:\/\/gazdasagportal.hu\/index.php\/wp-json\/wp\/v2\/categories?post=71604"},{"taxonomy":"post_tag","embeddable":true,"href":"https:\/\/gazdasagportal.hu\/index.php\/wp-json\/wp\/v2\/tags?post=71604"}],"curies":[{"name":"wp","href":"https:\/\/api.w.org\/{rel}","templated":true}]}}