{"id":71598,"date":"2015-12-06T14:37:54","date_gmt":"2015-12-06T13:37:54","guid":{"rendered":"http:\/\/gazdasagportal.hu\/?p=71598"},"modified":"2015-12-06T11:19:51","modified_gmt":"2015-12-06T10:19:51","slug":"heti-makronaptar-inflacios-es-ipari-adatok-a-jovo-heten","status":"publish","type":"post","link":"https:\/\/gazdasagportal.hu\/index.php\/heti-makronaptar-inflacios-es-ipari-adatok-a-jovo-heten\/","title":{"rendered":"Heti makronapt\u00e1r &#8211; Infl\u00e1ci\u00f3s \u00e9s ipari adatok a j\u00f6v\u0151 h\u00e9ten"},"content":{"rendered":"<p><strong>A j\u00f6v\u0151 h\u00e9ten megjelen\u0151 hazai makrogazdas\u00e1gi adatok k\u00f6z\u00fcl az infl\u00e1ci\u00f3s \u00e9s az ipari termel\u00e9si adatok kaphatnak legink\u00e1bb figyelmet a befektet\u0151k r\u00e9sz\u00e9r\u0151l.<\/strong><!--more--><\/p>\n<div class=\"ads-in-post1\"><div id=\"gazdasagportal.hu_fullbanner_wideboard\"><\/div>\r\n<\/div>\n<p>    A Nemzetgazdas\u00e1gi Miniszt\u00e9rium (NGM) h\u00e9tf\u0151n hozza nyilv\u00e1noss\u00e1gra el\u0151zetes adatait az \u00e1llamh\u00e1ztart\u00e1s november v\u00e9gi helyzet\u00e9r\u0151l. A november k\u00f6zep\u00e9n k\u00f6z\u00f6lt r\u00e9szletes adatok szerint okt\u00f3berben 138,4 milli\u00e1rd forintos t\u00f6bblettel z\u00e1rt az \u00e1llamh\u00e1ztart\u00e1s k\u00f6zponti alrendszere. Ez a kor\u00e1bban felf\u00fcggesztett t\u00f6bb sz\u00e1zmilli\u00e1rdos uni\u00f3s transzfer r\u00e9szbeni meg\u00e9rkez\u00e9s\u00e9nek, valamint a megn\u00f6vekedett ad\u00f3bev\u00e9teleknek k\u00f6sz\u00f6nhet\u0151. Az \u00e1llamh\u00e1ztart\u00e1s k\u00f6zponti alrendszer\u00e9nek janu\u00e1r-okt\u00f3beri hi\u00e1nya 816,2 milli\u00e1rd forintra m\u00e9rs\u00e9kl\u0151d\u00f6tt, \u00edgy az els\u0151 t\u00edzhavi hi\u00e1ny az eg\u00e9sz \u00e9vre v\u00e1rt deficit 91,5 sz\u00e1zal\u00e9k\u00e1t tette ki. Tavaly okt\u00f3berben az \u00e1llamh\u00e1ztart\u00e1s k\u00f6zponti alrendszer\u00e9nek halmozott hi\u00e1nya 809,6 milli\u00e1rd forint volt.<br \/>\n    Kedden a fogyaszt\u00f3i \u00e1rak novemberi alakul\u00e1s\u00e1t k\u00f6zli a K\u00f6zponti Statisztikai Hivatal (KSH). Okt\u00f3berben a fogyaszt\u00f3i \u00e1rak \u00e1tlagosan 0,1 sz\u00e1zal\u00e9kkal voltak magasabbak, mint egy \u00e9vvel kor\u00e1bban, szeptemberhez viszony\u00edtva pedig 0,2 sz\u00e1zal\u00e9kkal n\u0151ttek. A fogyaszt\u00f3i \u00e1rak janu\u00e1r-okt\u00f3berben \u00e1tlagosan 0,2 sz\u00e1zal\u00e9kkal m\u00e9rs\u00e9kl\u0151dtek az el\u0151z\u0151 \u00e9v azonos id\u0151szak\u00e1hoz k\u00e9pest. A szezon\u00e1lisan kiigaz\u00edtott \u00e9ves maginfl\u00e1ci\u00f3 okt\u00f3berben 1,5 sz\u00e1zal\u00e9kra emelkedett a szeptemberi 1,3 sz\u00e1zal\u00e9kr\u00f3l, az el\u0151z\u0151 h\u00f3naphoz k\u00e9pest pedig 0,3 sz\u00e1zal\u00e9k volt az egy h\u00f3nappal kor\u00e1bbi 0,1 sz\u00e1zal\u00e9k ut\u00e1n. Elemz\u0151k tov\u00e1bbra is stabil \u00e1rakra sz\u00e1m\u00edtanak az infl\u00e1ci\u00f3s r\u00e1ta okt\u00f3beri gyorsul\u00e1sa ellen\u00e9re, az \u00e9v eg\u00e9sz\u00e9ben nulla sz\u00e1zal\u00e9kos \u00e1tlagos infl\u00e1ci\u00f3t v\u00e1rnak.<br \/>\n    Szint\u00e9n kedden jelenik meg az ipari termel\u00e9s okt\u00f3beri el\u0151zetes adata. Szeptemberben az ipari termel\u00e9s volumene 7,8 sz\u00e1zal\u00e9kkal haladta meg az egy \u00e9vvel kor\u00e1bbit, a nyers \u00e9s a munkanaphat\u00e1ssal kiigaz\u00edtott adatok szerint egyar\u00e1nt. Augusztusban is jelent\u0151s, 6,2 sz\u00e1zal\u00e9kos volt a termel\u00e9s n\u00f6veked\u00e9se. Szeptemberben az el\u0151z\u0151 h\u00f3naphoz k\u00e9pest 2,9 sz\u00e1zal\u00e9kkal n\u0151tt az ipar kibocs\u00e1t\u00e1sa. Elemz\u0151k az ipari termel\u00e9s 6,5-7 sz\u00e1zal\u00e9kos n\u00f6veked\u00e9s\u00e9re sz\u00e1m\u00edtanak az id\u00e9n.<br \/>\n    Cs\u00fct\u00f6rt\u00f6k\u00f6n k\u00f6zli a KSH az okt\u00f3beri k\u00fclkereskedelmi term\u00e9kforgalomra vonatkoz\u00f3 els\u0151 becsl\u00e9s\u00e9t. Szeptemberben az export eur\u00f3ban sz\u00e1m\u00edtott \u00e9rt\u00e9ke 5,6, az import\u00e9 8,2 sz\u00e1zal\u00e9kkal haladta meg az egy \u00e9vvel kor\u00e1bbit. A kereskedelmi t\u00f6bblet 814 milli\u00f3 eur\u00f3 volt, 126 milli\u00f3val kisebb a tavaly rekordnak sz\u00e1m\u00edt\u00f3 940 milli\u00f3 eur\u00f3n\u00e1l. A kereskedelmi t\u00f6bblet az id\u00e9n m\u00e1rciusban 987 milli\u00f3 eur\u00f3val \u00e1ll\u00edtott fel \u00fajabb cs\u00facsot, de az\u00f3ta a szeptemberi \u00e9rt\u00e9k volt a legmagasabb.<br \/>\n    Cs\u00fct\u00f6rt\u00f6k\u00f6n a mez\u0151gazdas\u00e1g 2015-\u00f6s teljes\u00edtm\u00e9ny\u00e9re vonatkoz\u00f3 els\u0151 becsl\u00e9s\u00e9t is publik\u00e1lja a KSH.<br \/>\n    P\u00e9nteken a kereskedelmi sz\u00e1ll\u00e1shelyek okt\u00f3beri vend\u00e9gforgalm\u00e1nak adata jelenik meg. A k\u00fclf\u00f6ldi vend\u00e9gek \u00e1ltal elt\u00f6lt\u00f6tt \u00e9jszak\u00e1k sz\u00e1ma 7,3, a belf\u00f6ldi vend\u00e9gek\u00e9 5,8 sz\u00e1zal\u00e9kkal n\u0151tt szeptemberben az egy \u00e9vvel kor\u00e1bbihoz k\u00e9pest, a kereskedelmi sz\u00e1ll\u00e1shelyek vend\u00e9g\u00e9jszak\u00e1kban m\u00e9rt forgalma \u00f6sszess\u00e9g\u00e9ben 6,7 sz\u00e1zal\u00e9kkal b\u0151v\u00fclt. A sz\u00e1ll\u00e1shelyek foly\u00f3 \u00e1ron sz\u00e1molt brutt\u00f3 \u00e1rbev\u00e9tele csaknem 14 sz\u00e1zal\u00e9kkal, 35,7 milli\u00e1rd forintra emelkedett. Az \u00e9v els\u0151 kilenc h\u00f3napj\u00e1ban a sz\u00e1ll\u00e1shelyek 6,4 sz\u00e1zal\u00e9kkal t\u00f6bb vend\u00e9g\u00e9jszak\u00e1t regisztr\u00e1ltak az el\u0151z\u0151 \u00e9v azonos id\u0151szak\u00e1hoz k\u00e9pest.(MTI)<\/p>\n","protected":false},"excerpt":{"rendered":"<p>A j\u00f6v\u0151 h\u00e9ten megjelen\u0151 hazai makrogazdas\u00e1gi adatok k\u00f6z\u00fcl az infl\u00e1ci\u00f3s \u00e9s az ipari termel\u00e9si adatok kaphatnak legink\u00e1bb figyelmet a befektet\u0151k r\u00e9sz\u00e9r\u0151l.<\/p>\n","protected":false},"author":1,"featured_media":0,"comment_status":"open","ping_status":"closed","sticky":false,"template":"","format":"standard","meta":[],"categories":[19],"tags":[],"_links":{"self":[{"href":"https:\/\/gazdasagportal.hu\/index.php\/wp-json\/wp\/v2\/posts\/71598"}],"collection":[{"href":"https:\/\/gazdasagportal.hu\/index.php\/wp-json\/wp\/v2\/posts"}],"about":[{"href":"https:\/\/gazdasagportal.hu\/index.php\/wp-json\/wp\/v2\/types\/post"}],"author":[{"embeddable":true,"href":"https:\/\/gazdasagportal.hu\/index.php\/wp-json\/wp\/v2\/users\/1"}],"replies":[{"embeddable":true,"href":"https:\/\/gazdasagportal.hu\/index.php\/wp-json\/wp\/v2\/comments?post=71598"}],"version-history":[{"count":1,"href":"https:\/\/gazdasagportal.hu\/index.php\/wp-json\/wp\/v2\/posts\/71598\/revisions"}],"predecessor-version":[{"id":71599,"href":"https:\/\/gazdasagportal.hu\/index.php\/wp-json\/wp\/v2\/posts\/71598\/revisions\/71599"}],"wp:attachment":[{"href":"https:\/\/gazdasagportal.hu\/index.php\/wp-json\/wp\/v2\/media?parent=71598"}],"wp:term":[{"taxonomy":"category","embeddable":true,"href":"https:\/\/gazdasagportal.hu\/index.php\/wp-json\/wp\/v2\/categories?post=71598"},{"taxonomy":"post_tag","embeddable":true,"href":"https:\/\/gazdasagportal.hu\/index.php\/wp-json\/wp\/v2\/tags?post=71598"}],"curies":[{"name":"wp","href":"https:\/\/api.w.org\/{rel}","templated":true}]}}