{"id":71594,"date":"2015-12-06T11:37:02","date_gmt":"2015-12-06T10:37:02","guid":{"rendered":"http:\/\/gazdasagportal.hu\/?p=71594"},"modified":"2015-12-06T11:08:16","modified_gmt":"2015-12-06T10:08:16","slug":"iszlam-allam-aszad-a-brit-beavatkozas-kudarcra-van-itelve","status":"publish","type":"post","link":"https:\/\/gazdasagportal.hu\/index.php\/iszlam-allam-aszad-a-brit-beavatkozas-kudarcra-van-itelve\/","title":{"rendered":"Iszl\u00e1m \u00c1llam &#8211; Aszad: a brit beavatkoz\u00e1s kudarcra van \u00edt\u00e9lve"},"content":{"rendered":"<p><strong>A sz\u00edriai eln\u00f6k szerint t\u00f6rv\u00e9nys\u00e9rt\u0151 \u00e9s kudarcra van \u00edt\u00e9lve a brit kir\u00e1lyi l\u00e9gier\u0151 bekapcsol\u00f3d\u00e1sa  az Iszl\u00e1m \u00c1llam nev\u0171 dzsihadista terrorszervezet sz\u00edriai \u00e1ll\u00e1sai elleni nemzetk\u00f6zi l\u00e9gi hadm\u0171veletekbe.<\/strong><!--more--><\/p>\n<div class=\"ads-in-post1\"><div id=\"gazdasagportal.hu_fullbanner_wideboard\"><\/div>\r\n<\/div>\n<p>    Bass\u00e1r el-Aszad, aki a The Sunday Times c\u00edm\u0171 tekint\u00e9lyes konzervat\u00edv vas\u00e1rnapi brit lapnak adott interj\u00fat, kijelentette: a brit beavatkoz\u00e1sb\u00f3l &#8211; ugyan\u00fagy, ahogy a nyugati koal\u00edci\u00f3 eg\u00e9sz\u00e9nek sz\u00edriai hadm\u0171veleteib\u0151l &#8211; csak k\u00e1rok sz\u00e1rmazhatnak, mivel nincs m\u00f6g\u00f6tt\u00fck \u00f6sszefogott strat\u00e9gia a terrorizmus legy\u0151z\u00e9s\u00e9re. Aszad szerint a nyugati hatalmak sz\u00edriai beavatkoz\u00e1sa \u00edgy \u00e9ppen a terrorizmust seg\u00edti.<br \/>\n    Hat\u00e1rozottan c\u00e1folta azt a brit korm\u00e1nyzati \u00e9rvet, amely szerint 70 ezer m\u00e9rs\u00e9kelt sz\u00edriai ellenz\u00e9ki fegyveres \u00e1llna k\u00e9szen a sz\u00e1razf\u00f6ldi hadm\u0171veletekre a nyugati l\u00e9gier\u0151k t\u00e1mogat\u00e1s\u00e1val. &#8222;Hol van ez a 70 ezer m\u00e9rs\u00e9kelt, akir\u0151l (David) Cameron (brit minisztereln\u00f6k) besz\u00e9l? Nincs 70 ezer, m\u00e9g h\u00e9tezer sincs&#8221; &#8211; mondta a sz\u00edriai eln\u00f6k.<br \/>\n    Kijelentette: a terrorizmus &#8222;r\u00e1kos daganat, amelynek nem lehet csak egy r\u00e9sz\u00e9t kioper\u00e1lni, hanem az eg\u00e9szet el kell t\u00e1vol\u00edtani&#8221;. A nyugati hadm\u0171veletek azonban csak e daganat egy r\u00e9sz\u00e9t has\u00edtj\u00e1k le, \u00e9s ezzel felgyors\u00edtj\u00e1k terjed\u00e9s\u00e9t &#8211; fogalmazott a sz\u00edriai \u00e1llamf\u0151.<br \/>\n    Aszad szerint \u00e9ppen az eur\u00f3paiak &#8222;export\u00e1lj\u00e1k&#8221; a sz\u00e9ls\u0151s\u00e9ges iszlamist\u00e1kat Sz\u00edri\u00e1ba, \u00e9s ez jelenti a f\u0151 terrorvesz\u00e9lyt.<br \/>\n    &#8222;Az oroszok ezt vil\u00e1gosan l\u00e1tj\u00e1k, \u0151k Sz\u00edri\u00e1t, Irakot, a t\u00e9rs\u00e9get, s\u0151t Eur\u00f3p\u00e1t is v\u00e9delmezni akarj\u00e1k (&#8230;) Nem t\u00falzok, amikor azt mondom, hogy ma \u0151k v\u00e9delmezik Eur\u00f3p\u00e1t&#8221; &#8211; mondta a sz\u00edriai eln\u00f6k, utalva az orosz l\u00e9gier\u0151 Sz\u00edri\u00e1ban kezdett hadm\u0171veleteire.<br \/>\n    Aszad szerint a terrorizmus elleni harcot a leveg\u0151b\u0151l \u00e9s a sz\u00e1razf\u00f6ld\u00f6n egyszerre kell v\u00edvni, \u00e9s a beavatkoz\u00e1s csak akkor lehet t\u00f6rv\u00e9nyes, ha az a sz\u00edriai korm\u00e1nyer\u0151kkel \u00f6sszehangoltan zajlik. Hozz\u00e1tette ugyanakkor: tudja, hogy a nyugati hatalmak nem lesznek hajland\u00f3k a sz\u00edriai er\u0151kkel egy\u00fcttm\u0171k\u00f6d\u00e9sben t\u00e1madni az Iszl\u00e1m \u00c1llam sz\u00edriai \u00e1ll\u00e1sait.<br \/>\n    A sz\u00edr \u00e1llamf\u0151 szerint az Iszl\u00e1m \u00c1llam \u00e9s egy\u00e9b sz\u00e9ls\u0151s\u00e9ges terrorszervezetek &#8222;szabadon terjeszkedtek&#8221; az Egyes\u00fclt \u00c1llamok vezette koal\u00edci\u00f3 sz\u00edriai hadm\u0171veleteinek kezdete \u00f3ta is, \u00e9s csak az orosz beavatkoz\u00e1s nyom\u00e1n kezdtek visszaszorulni. Kijelentette: Oroszorsz\u00e1g t\u00f6rv\u00e9nyesen, Sz\u00edria enged\u00e9ly\u00e9vel l\u00e9pett be a konfliktusba.<br \/>\n    Arra a k\u00e9rd\u00e9sre, hogy orosz sz\u00e1razf\u00f6ldi alakulatok harcolnak-e Sz\u00edri\u00e1ban, Aszad azt mondta, hogy &#8222;erre nincs sz\u00fcks\u00e9g&#8221;, de nem z\u00e1rta ki annak lehet\u0151s\u00e9g\u00e9t, hogy ez k\u00e9s\u0151bb megt\u00f6rt\u00e9nhet.<br \/>\n    &#8222;Err\u0151l m\u00e9g nem t\u00e1rgyaltunk (Oroszorsz\u00e1ggal), \u00e9s nem hiszem, hogy erre jelenleg sz\u00fcks\u00e9g lenne (&#8230;) De az oroszok az id\u0151 haladt\u00e1val, vagy a k\u00f6r\u00fclm\u00e9nyek megv\u00e1ltoz\u00e1sa eset\u00e9n ezt fontol\u00f3ra vehetik&#8221; &#8211; fogalmazott.(MTI)<\/p>\n","protected":false},"excerpt":{"rendered":"<p>A sz\u00edriai eln\u00f6k szerint t\u00f6rv\u00e9nys\u00e9rt\u0151 \u00e9s kudarcra van \u00edt\u00e9lve a brit kir\u00e1lyi l\u00e9gier\u0151 bekapcsol\u00f3d\u00e1sa az Iszl\u00e1m \u00c1llam nev\u0171 dzsihadista terrorszervezet sz\u00edriai \u00e1ll\u00e1sai elleni nemzetk\u00f6zi l\u00e9gi hadm\u0171veletekbe.<\/p>\n","protected":false},"author":1,"featured_media":0,"comment_status":"open","ping_status":"closed","sticky":false,"template":"","format":"standard","meta":[],"categories":[16],"tags":[],"_links":{"self":[{"href":"https:\/\/gazdasagportal.hu\/index.php\/wp-json\/wp\/v2\/posts\/71594"}],"collection":[{"href":"https:\/\/gazdasagportal.hu\/index.php\/wp-json\/wp\/v2\/posts"}],"about":[{"href":"https:\/\/gazdasagportal.hu\/index.php\/wp-json\/wp\/v2\/types\/post"}],"author":[{"embeddable":true,"href":"https:\/\/gazdasagportal.hu\/index.php\/wp-json\/wp\/v2\/users\/1"}],"replies":[{"embeddable":true,"href":"https:\/\/gazdasagportal.hu\/index.php\/wp-json\/wp\/v2\/comments?post=71594"}],"version-history":[{"count":1,"href":"https:\/\/gazdasagportal.hu\/index.php\/wp-json\/wp\/v2\/posts\/71594\/revisions"}],"predecessor-version":[{"id":71595,"href":"https:\/\/gazdasagportal.hu\/index.php\/wp-json\/wp\/v2\/posts\/71594\/revisions\/71595"}],"wp:attachment":[{"href":"https:\/\/gazdasagportal.hu\/index.php\/wp-json\/wp\/v2\/media?parent=71594"}],"wp:term":[{"taxonomy":"category","embeddable":true,"href":"https:\/\/gazdasagportal.hu\/index.php\/wp-json\/wp\/v2\/categories?post=71594"},{"taxonomy":"post_tag","embeddable":true,"href":"https:\/\/gazdasagportal.hu\/index.php\/wp-json\/wp\/v2\/tags?post=71594"}],"curies":[{"name":"wp","href":"https:\/\/api.w.org\/{rel}","templated":true}]}}