{"id":71588,"date":"2015-12-06T04:26:23","date_gmt":"2015-12-06T03:26:23","guid":{"rendered":"http:\/\/gazdasagportal.hu\/?p=71588"},"modified":"2015-12-05T23:42:20","modified_gmt":"2015-12-05T22:42:20","slug":"vasarnap-estetol-a-vegleges-forgalmi-rend-szerint-lehet-kozlekedni-a-bem-rakparton","status":"publish","type":"post","link":"https:\/\/gazdasagportal.hu\/index.php\/vasarnap-estetol-a-vegleges-forgalmi-rend-szerint-lehet-kozlekedni-a-bem-rakparton\/","title":{"rendered":"Vas\u00e1rnap est\u00e9t\u0151l a v\u00e9gleges forgalmi rend szerint lehet k\u00f6zlekedni a Bem rakparton"},"content":{"rendered":"<p><strong>Vas\u00e1rnap est\u00e9t\u0151l m\u00e1r a v\u00e9gleges k\u00f6z\u00fati forgalmi rend szerint lehet k\u00f6zlekedni a Bem rakparton a Margit h\u00edd \u00e9s a Bem t\u00e9r k\u00f6z\u00f6tt, miut\u00e1n befejezt\u00e9k a budai fon\u00f3d\u00f3 villamosh\u00e1l\u00f3zat kialak\u00edt\u00e1s\u00e1hoz kapcsol\u00f3d\u00f3 \u00fat\u00e9p\u00edt\u00e9si munk\u00e1kat &#8211; k\u00f6z\u00f6lte a Budapesti K\u00f6zleked\u00e9si K\u00f6zpont (BKK) szombaton az MTI-vel.<\/strong><!--more--><\/p>\n<div class=\"ads-in-post1\"><div id=\"gazdasagportal.hu_fullbanner_wideboard\"><\/div>\r\n<\/div>\n<p>    Ism\u00e9t k\u00e9tszer k\u00e9t s\u00e1v \u00e1ll majd az aut\u00f3sok rendelkez\u00e9s\u00e9re, \u00e9s \u00fajra megnyitj\u00e1k a Margit h\u00edd d\u00e9li oldal\u00e1n az Angelo Rotta rakparti le- \u00e9s felhajt\u00f3t. A Gy\u00f3ni G\u00e9za t\u00e9r-Bem rakpart csom\u00f3pontban \u00fajra lehet a t\u00e9r fel\u0151l jobbra kanyarodni a Bem rakpartra, \u00e9s a Bem rakpart fel\u0151l is itt lehet majd balra kanyarodni a Margit h\u00edd fel\u00e9.<br \/>\n    Ezzel egy id\u0151ben megnyitj\u00e1k a Bem rakparton az \u00fajonnan elk\u00e9sz\u00fclt ker\u00e9kp\u00e1r\u00fat Kacsa utca-Margit h\u00edd k\u00f6z\u00f6tti szakasz\u00e1t is.(MTI)<\/p>\n","protected":false},"excerpt":{"rendered":"<p>Vas\u00e1rnap est\u00e9t\u0151l m\u00e1r a v\u00e9gleges k\u00f6z\u00fati forgalmi rend szerint lehet k\u00f6zlekedni a Bem rakparton a Margit h\u00edd \u00e9s a Bem t\u00e9r k\u00f6z\u00f6tt, miut\u00e1n befejezt\u00e9k a budai fon\u00f3d\u00f3 villamosh\u00e1l\u00f3zat kialak\u00edt\u00e1s\u00e1hoz kapcsol\u00f3d\u00f3 \u00fat\u00e9p\u00edt\u00e9si munk\u00e1kat &#8211; k\u00f6z\u00f6lte a Budapesti K\u00f6zleked\u00e9si K\u00f6zpont (BKK) szombaton az MTI-vel.<\/p>\n","protected":false},"author":1,"featured_media":0,"comment_status":"open","ping_status":"closed","sticky":false,"template":"","format":"standard","meta":[],"categories":[4,151],"tags":[],"_links":{"self":[{"href":"https:\/\/gazdasagportal.hu\/index.php\/wp-json\/wp\/v2\/posts\/71588"}],"collection":[{"href":"https:\/\/gazdasagportal.hu\/index.php\/wp-json\/wp\/v2\/posts"}],"about":[{"href":"https:\/\/gazdasagportal.hu\/index.php\/wp-json\/wp\/v2\/types\/post"}],"author":[{"embeddable":true,"href":"https:\/\/gazdasagportal.hu\/index.php\/wp-json\/wp\/v2\/users\/1"}],"replies":[{"embeddable":true,"href":"https:\/\/gazdasagportal.hu\/index.php\/wp-json\/wp\/v2\/comments?post=71588"}],"version-history":[{"count":1,"href":"https:\/\/gazdasagportal.hu\/index.php\/wp-json\/wp\/v2\/posts\/71588\/revisions"}],"predecessor-version":[{"id":71589,"href":"https:\/\/gazdasagportal.hu\/index.php\/wp-json\/wp\/v2\/posts\/71588\/revisions\/71589"}],"wp:attachment":[{"href":"https:\/\/gazdasagportal.hu\/index.php\/wp-json\/wp\/v2\/media?parent=71588"}],"wp:term":[{"taxonomy":"category","embeddable":true,"href":"https:\/\/gazdasagportal.hu\/index.php\/wp-json\/wp\/v2\/categories?post=71588"},{"taxonomy":"post_tag","embeddable":true,"href":"https:\/\/gazdasagportal.hu\/index.php\/wp-json\/wp\/v2\/tags?post=71588"}],"curies":[{"name":"wp","href":"https:\/\/api.w.org\/{rel}","templated":true}]}}