{"id":71578,"date":"2015-12-06T04:44:44","date_gmt":"2015-12-06T03:44:44","guid":{"rendered":"http:\/\/gazdasagportal.hu\/?p=71578"},"modified":"2015-12-05T23:15:48","modified_gmt":"2015-12-05T22:15:48","slug":"amerikai-nagykovet-magyarorszagnak-joga-van-megvedeni-a-hatarait","status":"publish","type":"post","link":"https:\/\/gazdasagportal.hu\/index.php\/amerikai-nagykovet-magyarorszagnak-joga-van-megvedeni-a-hatarait\/","title":{"rendered":"Amerikai nagyk\u00f6vet: Magyarorsz\u00e1gnak joga van megv\u00e9deni a hat\u00e1rait"},"content":{"rendered":"<p><strong>Az Egyes\u00fclt \u00c1llamok meg\u00e9rti, hogy Magyarorsz\u00e1gnak szuver\u00e9n nemzetk\u00e9nt joga van megv\u00e9deni a saj\u00e1t hat\u00e1rait &#8211; mondta Colleen Bell budapesti amerikai nagyk\u00f6vet az M1 aktu\u00e1lis csatorn\u00e1n szombaton sug\u00e1rzott interj\u00faban.<\/strong><!--more--><\/p>\n<div class=\"ads-in-post1\"><div id=\"gazdasagportal.hu_fullbanner_wideboard\"><\/div>\r\n<\/div>\n<p>    Az amerikai diplomata kifejtette: az Egyes\u00fclt \u00c1llamok nincs abban a helyzetben, hogy a migr\u00e1ci\u00f3s v\u00e1ls\u00e1gra el\u0151\u00edrjon egy megold\u00e1st. Glob\u00e1lis kr\u00edzisr\u0151l van sz\u00f3, amely k\u00fcl\u00f6n\u00f6sen nagy kih\u00edv\u00e1st jelent Eur\u00f3p\u00e1ban. Magyarorsz\u00e1g &#8211; n\u00e9h\u00e1ny m\u00e1s orsz\u00e1ggal egy\u00fctt &#8211; a legnagyobb kih\u00edv\u00e1sokkal n\u00e9z szembe, hiszen az Eur\u00f3pai Uni\u00f3 \u00e9s a schengeni \u00f6vezet hat\u00e1r\u00e1n van &#8211; mutatott r\u00e1. Hozz\u00e1tette: valamennyi ide\u00e9rkez\u0151 adatainak a feldolgoz\u00e1sa a dublini meg\u00e1llapod\u00e1snak megfelel\u0151en rendk\u00edv\u00fcl neh\u00e9z feladat Magyarorsz\u00e1gnak, \u00e9s Washington nem b\u00edr\u00e1lja az orsz\u00e1g d\u00f6nt\u00e9s\u00e9t \u00e9s azt, hogy mik\u00e9nt igyekszik megoldani a v\u00e1ls\u00e1got.<br \/>\n    Colleen Bell hangs\u00falyozta: az Egyes\u00fclt \u00c1llamok t\u00e1mogatja az EU er\u0151fesz\u00edt\u00e9seit egy \u00e1tfog\u00f3 \u00e9s egys\u00e9ges megk\u00f6zel\u00edt\u00e9s kidolgoz\u00e1s\u00e1ra a v\u00e1ls\u00e1g megold\u00e1sa \u00e9rdek\u00e9ben. Ugyanakkor a menek\u00fclteket m\u00e9lt\u00f3s\u00e1guknak megfelel\u0151en, hum\u00e1nusan kell kezelni, gondoskodni kell a biztons\u00e1gukr\u00f3l. Az Egyes\u00fclt \u00c1llamok korm\u00e1nya ezt az \u00fczenetet k\u00f6zvet\u00edti \u00e9s nem csak Magyarorsz\u00e1gnak &#8211; mondta. Megjegyezte: a menek\u00fcltek az er\u0151szakos sz\u00e9ls\u0151s\u00e9gess\u00e9g el\u0151l menek\u00fclnek, \u0151k nem terrorist\u00e1k.<br \/>\n    K\u00f6z\u00f6lte: az Egyes\u00fclt \u00c1llamok a vil\u00e1g egyik legbefogad\u00f3bb orsz\u00e1ga, csak az elm\u00falt \u00e9vben t\u00f6bb mint hetven orsz\u00e1gb\u00f3l fogadott be menek\u00fclteket, \u00edgy meg\u00e9rti az emberek sz\u0171r\u00e9s\u00e9nek, biztons\u00e1gi ellen\u0151rz\u00e9s\u00e9nek fontoss\u00e1g\u00e1t.<br \/>\n    Az amerikai nagyk\u00f6vet azzal kapcsolatban, hogy szerd\u00e1n a p\u00e1pai b\u00e1zisrep\u00fcl\u0151t\u00e9ren megtekintette a Thunder Cloud 2015 k\u00f6z\u00f6s kik\u00e9pz\u00e9st, eml\u00e9keztetett: az elm\u00falt \u00e9vben t\u00f6bb jelent\u0151s gyakorlatra ker\u00fclt sor az Atlantic Resolve m\u0171velet keret\u00e9ben, amelyr\u0151l m\u00e9g a NATO walesi cs\u00facstal\u00e1lkoz\u00f3j\u00e1n d\u00f6nt\u00f6ttek. Folytatj\u00e1k ezeket a gyakorlatokat, hogy fejlessz\u00e9k az egy\u00fcttm\u0171k\u00f6d\u00e9st a NATO-sz\u00f6vets\u00e9gesekkel, \u00e9s csak az \u0151sszel t\u00f6bb m\u00e1s gyakorlatot is rendeztek &#8211; id\u00e9zte fel.<br \/>\n    Kiemelte: Magyarorsz\u00e1g kiv\u00e1l\u00f3 NATO-sz\u00f6vets\u00e9ges, a magyar katonai szakmai sz\u00ednvonalat, lelkesed\u00e9st \u00e9s tehets\u00e9get elismer\u00e9s \u00f6vezi, ez\u00e9rt Magyarorsz\u00e1g b\u00fcszke lehet fegyveres er\u0151ire. Ami a NATO-hozz\u00e1j\u00e1rul\u00e1st illeti, Magyarorsz\u00e1g Walesben k\u00f6telezetts\u00e9get v\u00e1llalt, hogy GDP-ar\u00e1nyos v\u00e9delmi k\u00f6lts\u00e9gvet\u00e9s\u00e9t n\u00f6veli, \u00e9s fontos, hogy minden orsz\u00e1g v\u00e1llaljon hasonl\u00f3 k\u00f6telezetts\u00e9get &#8211; v\u00e9lekedett.<br \/>\n    A Thunder Cloud 2015 k\u00f6z\u00f6s kik\u00e9pz\u00e9sen Magyarorsz\u00e1gr\u00f3l csaknem h\u00e1romsz\u00e1zan vesznek r\u00e9szt. Az Egyes\u00fclt \u00c1llamokb\u00f3l pedig h\u00e1romsz\u00e1z\u00f6tven katona van ott A-10-es t\u00edpus\u00fa rep\u00fcl\u0151g\u00e9pekkel, \u00e9s k\u00f6z\u00fcl\u00fck kilencvenn\u00e9gyen \u00e1llom\u00e1soznak P\u00e1p\u00e1n.<br \/>\n    Colleen Bell arra is kit\u00e9rt, hogy az Egyes\u00fclt \u00c1llamok \u00e9s Magyarorsz\u00e1g k\u00f6z\u00f6tt \u00e9rett a viszony, egy\u00fattal \u00f6sszetett \u00e9s dinamikusan v\u00e1ltoz\u00f3. Vannak er\u0151s oldalai \u00e9s olyan ter\u00fcletek is, ahol tov\u00e1bb kell dolgozni.<br \/>\n    \u00dagy l\u00e1tja, a biztons\u00e1gi egy\u00fcttm\u0171k\u00f6d\u00e9s kiv\u00e1l\u00f3 \u00e9s fejl\u0151dik, hiszen a biztons\u00e1gi k\u00f6rnyezet is folyamatosan v\u00e1ltozik, \u00e9s a k\u00e9t orsz\u00e1gnak sz\u00f6vets\u00e9gesekk\u00e9nt egy\u00fctt kell m\u0171k\u00f6dni\u00fck, alkalmazkodva minden v\u00e1ltoz\u00e1shoz.<br \/>\n    A diplomata elmondta: a k\u00e9t orsz\u00e1g rend\u00e9szeti egy\u00fcttm\u0171k\u00f6d\u00e9se is kiv\u00e1l\u00f3. \u00dagy v\u00e9lte, a magyarok rendk\u00edv\u00fcl biztons\u00e1gos k\u00f6rnyezetet tudnak ny\u00fajtani \u00e1llampolg\u00e1raiknak, Magyarorsz\u00e1gon a fegyverrel elk\u00f6vetett er\u0151szakos cselekm\u00e9nyek sz\u00e1ma nagyon alacsony, ami val\u00f3ban dics\u00e9retet \u00e9rdemel.<br \/>\n    Colleen Bell k\u00f6z\u00f6lte: folytatj\u00e1k a rend\u00e9szeti \u00e9s a biztons\u00e1gi egy\u00fcttm\u0171k\u00f6d\u00e9st.<br \/>\n    Emellett &#8211; mint a nagyk\u00f6vet elmondta &#8211; Washington tov\u00e1bbra is kifejezi esetleges agg\u00e1lyait. Ugyanakkor a magyar korm\u00e1ny tagjai is kifejezik agg\u00e1lyaikat neki &#8211; tette hozz\u00e1. Hangs\u00falyozta a diplom\u00e1ciai p\u00e1rbesz\u00e9d hasznoss\u00e1g\u00e1t, \u00e9s kijelentette: sok eredm\u00e9nye van az egy\u00fcttm\u0171k\u00f6d\u00e9snek, amely els\u0151sorban a diplom\u00e1ciai p\u00e1rbesz\u00e9db\u0151l, valamint a mag\u00e1njelleg\u0171 kapcsolatokb\u00f3l sz\u00e1rmazik.(MTI)<\/p>\n","protected":false},"excerpt":{"rendered":"<p>Az Egyes\u00fclt \u00c1llamok meg\u00e9rti, hogy Magyarorsz\u00e1gnak szuver\u00e9n nemzetk\u00e9nt joga van megv\u00e9deni a saj\u00e1t hat\u00e1rait &#8211; mondta Colleen Bell budapesti amerikai nagyk\u00f6vet az M1 aktu\u00e1lis csatorn\u00e1n szombaton sug\u00e1rzott interj\u00faban.<\/p>\n","protected":false},"author":1,"featured_media":0,"comment_status":"open","ping_status":"closed","sticky":false,"template":"","format":"standard","meta":[],"categories":[4],"tags":[],"_links":{"self":[{"href":"https:\/\/gazdasagportal.hu\/index.php\/wp-json\/wp\/v2\/posts\/71578"}],"collection":[{"href":"https:\/\/gazdasagportal.hu\/index.php\/wp-json\/wp\/v2\/posts"}],"about":[{"href":"https:\/\/gazdasagportal.hu\/index.php\/wp-json\/wp\/v2\/types\/post"}],"author":[{"embeddable":true,"href":"https:\/\/gazdasagportal.hu\/index.php\/wp-json\/wp\/v2\/users\/1"}],"replies":[{"embeddable":true,"href":"https:\/\/gazdasagportal.hu\/index.php\/wp-json\/wp\/v2\/comments?post=71578"}],"version-history":[{"count":1,"href":"https:\/\/gazdasagportal.hu\/index.php\/wp-json\/wp\/v2\/posts\/71578\/revisions"}],"predecessor-version":[{"id":71579,"href":"https:\/\/gazdasagportal.hu\/index.php\/wp-json\/wp\/v2\/posts\/71578\/revisions\/71579"}],"wp:attachment":[{"href":"https:\/\/gazdasagportal.hu\/index.php\/wp-json\/wp\/v2\/media?parent=71578"}],"wp:term":[{"taxonomy":"category","embeddable":true,"href":"https:\/\/gazdasagportal.hu\/index.php\/wp-json\/wp\/v2\/categories?post=71578"},{"taxonomy":"post_tag","embeddable":true,"href":"https:\/\/gazdasagportal.hu\/index.php\/wp-json\/wp\/v2\/tags?post=71578"}],"curies":[{"name":"wp","href":"https:\/\/api.w.org\/{rel}","templated":true}]}}