{"id":71561,"date":"2015-12-05T03:24:00","date_gmt":"2015-12-05T02:24:00","guid":{"rendered":"http:\/\/gazdasagportal.hu\/?p=71561"},"modified":"2015-12-04T23:32:22","modified_gmt":"2015-12-04T22:32:22","slug":"amerikai-media-husegeskut-tett-az-iszlam-allam-nak-a-san-bernadrino-i-noi-tamado","status":"publish","type":"post","link":"https:\/\/gazdasagportal.hu\/index.php\/amerikai-media-husegeskut-tett-az-iszlam-allam-nak-a-san-bernadrino-i-noi-tamado\/","title":{"rendered":"Amerikai m\u00e9dia: h\u0171s\u00e9gesk\u00fct tett az Iszl\u00e1m \u00c1llam-nak a San Bernadrino-i n\u0151i t\u00e1mad\u00f3"},"content":{"rendered":"<p><strong>H\u0171s\u00e9gesk\u00fct tett az Iszl\u00e1m \u00c1llam (I\u00c1) terrorszervezet vezet\u0151j\u00e9nek a kaliforniai San Bernardin\u00f3ban v\u00e9grehajtott m\u00e9sz\u00e1rl\u00e1s n\u0151i elk\u00f6vet\u0151je &#8211; k\u00f6z\u00f6lte p\u00e9nteken sz\u00f6vets\u00e9gi hivatalos forr\u00e1sokra hivatkozva az amerikai m\u00e9dia.<\/strong><!--more--><\/p>\n<div class=\"ads-in-post1\"><div id=\"gazdasagportal.hu_fullbanner_wideboard\"><\/div>\r\n<\/div>\n<p>    A m\u00e1sok mellett a CNN h\u00edrtelev\u00edzi\u00f3 \u00e9s a The New York Times napilap \u00e1ltal id\u00e9zett nyomoz\u00f3k szerint Tashfeen Malik a Facebookon \u00e1ln\u00e9ven posztolta az Abu Bakr al-Bagdadinak tett h\u0171s\u00e9gesk\u00fcj\u00e9t.<br \/>\n    A 27 \u00e9ves Malik \u00e9s f\u00e9rje, a 28 \u00e9ves Syed Rizwan Farook a v\u00e1d szerint szerd\u00e1n 14 embert meg\u00f6lt, 21-et megsebes\u00edtett a San Bernardino megyei eg\u00e9szs\u00e9g\u00fcgyi dolgoz\u00f3k munkahelyi bankettj\u00e9n, majd \u00e9let\u00e9t vesztette a rend\u0151r\u00f6kkel v\u00edvott t\u0171zharcban.<br \/>\n    Ez volt a legt\u00f6bb \u00e1ldozatot k\u00f6vetel\u0151 l\u00f6v\u00f6ld\u00f6z\u00e9s az Egyes\u00fclt \u00c1llamokban az elm\u00falt h\u00e1rom \u00e9vben. Szak\u00e9rt\u0151k szerint a t\u00e1mad\u00e1st az I\u00c1 ihlette, arra nincs bizony\u00edt\u00e9k, hogy k\u00f6zvetlen\u00fcl k\u00f6ze lenne hozz\u00e1.<br \/>\n    A pakiszt\u00e1ni Malik Sza\u00fad-Ar\u00e1bi\u00e1ban \u00e9lt, miel\u0151tt f\u00e9rjhez ment a szint\u00e9n pakiszt\u00e1ni sz\u00fcl\u0151kt\u0151l, de az Egyes\u00fclt \u00c1llamokban sz\u00fcletett, amerikai \u00e1llampolg\u00e1rs\u00e1g\u00fa Farookhoz.<br \/>\n    A p\u00e1r terepj\u00e1r\u00f3j\u00e1ban t\u00f6bb mint 1600 l\u0151szert, a lak\u00e1sukon pedig tov\u00e1bb t\u00f6bb mint h\u00e1romezer l\u0151szert, tizenk\u00e9t cs\u0151bomb\u00e1t \u00e9s t\u00f6bb sz\u00e1z olyan eszk\u00f6zt \u00e9s alkatr\u00e9szt tal\u00e1ltak, amelyek robban\u00f3szerkezetek gyors h\u00e1zi \u00f6sszeszerel\u00e9s\u00e9hez sz\u00fcks\u00e9gesek. Emellett a mer\u00e9nylet helysz\u00ednek\u00e9nt szolg\u00e1l\u00f3 \u00e9p\u00fcletben tal\u00e1ltak h\u00e1rom m\u00e1r \u00f6sszeszerelt, t\u00e1vir\u00e1ny\u00edt\u00e1ssal m\u0171k\u00f6d\u00e9sbe hozhat\u00f3 robban\u00f3szerkezetet is, amelyek szerencs\u00e9re nem l\u00e9ptek m\u0171k\u00f6d\u00e9sbe.<br \/>\n    A CNN szerint Farook gyakran keveredett vit\u00e1ba munkat\u00e1rsaival a vall\u00e1sr\u00f3l \u00e9s a terrorizmusr\u00f3l. Csal\u00e1dj\u00e1nak \u00fcgyv\u00e9djei szerint koll\u00e9g\u00e1i nem egyszer \u0171ztek g\u00fanyt a gyan\u00fas\u00edtott szak\u00e1ll\u00e1b\u00f3l.<br \/>\n    Ismer\u0151sei szerint Farook azt k\u00f6vet\u0151en radikaliz\u00e1l\u00f3dott, hogy 2013-ben zar\u00e1ndoklatot tett Mekk\u00e1ban \u00e9s k\u00f6zeli kapcsolatba ker\u00fclt Malikkal.<br \/>\n(MTI)<\/p>\n","protected":false},"excerpt":{"rendered":"<p>H\u0171s\u00e9gesk\u00fct tett az Iszl\u00e1m \u00c1llam (I\u00c1) terrorszervezet vezet\u0151j\u00e9nek a kaliforniai San Bernardin\u00f3ban v\u00e9grehajtott m\u00e9sz\u00e1rl\u00e1s n\u0151i elk\u00f6vet\u0151je &#8211; k\u00f6z\u00f6lte p\u00e9nteken sz\u00f6vets\u00e9gi hivatalos forr\u00e1sokra hivatkozva az amerikai m\u00e9dia.<\/p>\n","protected":false},"author":1,"featured_media":0,"comment_status":"open","ping_status":"closed","sticky":false,"template":"","format":"standard","meta":[],"categories":[13,16],"tags":[],"_links":{"self":[{"href":"https:\/\/gazdasagportal.hu\/index.php\/wp-json\/wp\/v2\/posts\/71561"}],"collection":[{"href":"https:\/\/gazdasagportal.hu\/index.php\/wp-json\/wp\/v2\/posts"}],"about":[{"href":"https:\/\/gazdasagportal.hu\/index.php\/wp-json\/wp\/v2\/types\/post"}],"author":[{"embeddable":true,"href":"https:\/\/gazdasagportal.hu\/index.php\/wp-json\/wp\/v2\/users\/1"}],"replies":[{"embeddable":true,"href":"https:\/\/gazdasagportal.hu\/index.php\/wp-json\/wp\/v2\/comments?post=71561"}],"version-history":[{"count":1,"href":"https:\/\/gazdasagportal.hu\/index.php\/wp-json\/wp\/v2\/posts\/71561\/revisions"}],"predecessor-version":[{"id":71562,"href":"https:\/\/gazdasagportal.hu\/index.php\/wp-json\/wp\/v2\/posts\/71561\/revisions\/71562"}],"wp:attachment":[{"href":"https:\/\/gazdasagportal.hu\/index.php\/wp-json\/wp\/v2\/media?parent=71561"}],"wp:term":[{"taxonomy":"category","embeddable":true,"href":"https:\/\/gazdasagportal.hu\/index.php\/wp-json\/wp\/v2\/categories?post=71561"},{"taxonomy":"post_tag","embeddable":true,"href":"https:\/\/gazdasagportal.hu\/index.php\/wp-json\/wp\/v2\/tags?post=71561"}],"curies":[{"name":"wp","href":"https:\/\/api.w.org\/{rel}","templated":true}]}}