{"id":71557,"date":"2015-12-05T04:44:09","date_gmt":"2015-12-05T03:44:09","guid":{"rendered":"http:\/\/gazdasagportal.hu\/?p=71557"},"modified":"2015-12-04T23:27:56","modified_gmt":"2015-12-04T22:27:56","slug":"orszagszerte-veglegesitettek-az-uj-fix-traffipaxok-helyet-itt-a-lista","status":"publish","type":"post","link":"https:\/\/gazdasagportal.hu\/index.php\/orszagszerte-veglegesitettek-az-uj-fix-traffipaxok-helyet-itt-a-lista\/","title":{"rendered":"Orsz\u00e1gszerte v\u00e9gleges\u00edtett\u00e9k az \u00faj fix traffipaxok hely\u00e9t, itt a lista"},"content":{"rendered":"<p><strong>Valamennyi fix telep\u00edt\u00e9s\u0171 traffipax (hivatalosan V\u00e9da k\u00f6z\u00fati intelligens kamera) felszerel\u00e9si hely\u00e9t v\u00e9gleges\u00edtette a rend\u0151rs\u00e9g &#8211; \u00edrta a Zsaru Magazin.<\/strong><!--more--><\/p>\n<div class=\"ads-in-post1\"><div id=\"gazdasagportal.hu_fullbanner_wideboard\"><\/div>\r\n<\/div>\n<p>A rend\u0151rs\u00e9g honlapj\u00e1n k\u00f6zz\u00e9tettek szerint a k\u00f6z\u00fati hal\u00e1lesetek \u00e9s s\u00e9r\u00fcl\u00e9sek sz\u00e1m\u00e1nak cs\u00f6kkent\u00e9se \u00e9rdek\u00e9ben l\u00e9tes\u00fcl\u0151 rendszer r\u00f6gz\u00edtett kamer\u00e1i m\u00e9g nem m\u0171k\u00f6dnek \u00fczemszer\u0171en. A rend\u0151rs\u00e9g azok &#8222;\u00e9les\u00edt\u00e9si&#8221; id\u0151pontj\u00e1r\u00f3l id\u0151ben t\u00e1j\u00e9koztatni fog.<br \/>\nA kamer\u00e1k a sebess\u00e9gm\u00e9r\u00e9s mellett &#8211; t\u00f6bbek k\u00f6z\u00f6tt &#8211; forgalomsz\u00e1ml\u00e1l\u00e1sra \u00e9s t\u00f6bbf\u00e9le szab\u00e1lyszeg\u00e9s felismer\u00e9s\u00e9re, dokument\u00e1l\u00e1s\u00e1ra is alkalmasak.<br \/>\nA Bel\u00fcgyminiszt\u00e9rium, az Orsz\u00e1gos Rend\u0151r-f\u0151kapit\u00e1nys\u00e1g \u00e9s a K\u00f6zigazgat\u00e1si \u00e9s Elektronikus K\u00f6zszolg\u00e1ltat\u00e1sok K\u00f6zponti Hivatala konzorcium\u00e1ban megval\u00f3sul\u00f3 projekt keret\u00e9ben felszerelt \u00faj traffipaxot pontos helysz\u00edneit a rend\u0151rs\u00e9g honlapj\u00e1n is k\u00f6zz\u00e9tette.<br \/>\nA <strong><a title=\"Hely megnyit\u00e1sa\" href=\"http:\/\/police.hu\/sites\/default\/files\/lista1.pdf\" target=\"_blank\" rel=\"noopener\">http:\/\/police.hu\/sites\/default\/files\/lista1.pdf<\/a><\/strong> lista szerint Budapesten \u00f6sszesen 6 \u00faj traffipaxot helyeztek el: kett\u0151 az M3-as, kett\u0151 az M5-\u00f6s aut\u00f3p\u00e1ly\u00e1n, \u00e9s kett\u0151 az M1-M7-es aut\u00f3p\u00e1ly\u00e1k k\u00f6z\u00f6s szakasz\u00e1n. Ezek mellett Borsod-Aba\u00faj-Zempl\u00e9n megy\u00e9ben t\u00edz, Fej\u00e9r, Hajd\u00fa-Bihar \u00e9s J\u00e1sz-Nagykun-Szolnok megy\u00e9ben megy\u00e9nk\u00e9nt nyolc \u00faj kamer\u00e1t helyeztek el. A list\u00e1b\u00f3l kider\u00fcl, hogy a f\u0151v\u00e1ros mellett m\u00e1s nagyv\u00e1roson bel\u00fcl is telep\u00edtettek t\u00f6bb \u00faj kamer\u00e1t, p\u00e9ld\u00e1ul Miskolcon \u00e9s Szegeden n\u00e9gy-n\u00e9gy, Debrecenben h\u00e1rom \u00faj helyen m\u00e9rnek a rend\u0151r\u00f6k. Emellett Baranya megy\u00e9ben \u00e9s B\u00e1cs-Kiskun megy\u00e9ben h\u00e9t-h\u00e9t, B\u00e9k\u00e9s, Csongr\u00e1d \u00e9s Heves megy\u00e9ben megy\u00e9nk\u00e9nt hat, Gy\u0151r-Moson-Sopron megy\u00e9ben \u00f6t szupertraffipaxot szereltek fel.<br \/>\nA <strong><a title=\"Hely megnyit\u00e1sa\" href=\"http:\/\/police.hu\/sites\/default\/files\/lista2.pdf\" target=\"_blank\" rel=\"noopener\">http:\/\/police.hu\/sites\/default\/files\/lista2.pdf<\/a><\/strong> oldal alapj\u00e1n Veszpr\u00e9m megy\u00e9ben t\u00edz, Zala megy\u00e9ben kilenc, Vas \u00e9s N\u00f3gr\u00e1d megy\u00e9ben \u00f6t-\u00f6t, Pest megy\u00e9ben n\u00e9gy \u00faj kamera van. Emellett Somogy, Kom\u00e1rom-Esztergom, Tolna \u00e9s Szabolcs-Szatm\u00e1r-Bereg megy\u00e9ben is megy\u00e9nk\u00e9nt hat \u00faj traffipaxot szereltek fel. A lista szerint a Szabolcs megyeiek k\u00f6z\u00fcl csaknem az \u00f6sszes, \u00f6t Ny\u00edregyh\u00e1z\u00e1n van, m\u00edg egy M\u00e1t\u00e9szalk\u00e1n tal\u00e1lhat\u00f3.<br \/>\nA V\u00e9da k\u00f6z\u00fati intelligens kamerah\u00e1l\u00f3zat r\u00e9szek\u00e9nt m\u00e1rcius 26-\u00e1t\u00f3l m\u0171k\u00f6dik az orsz\u00e1g k\u00f6z\u00fatjain 160 v\u00e1ltoztathat\u00f3 hely\u0171 kamera. Hogy hol, mikor m\u00e9rnek \u00fczemszer\u0171en, arr\u00f3l a rend\u0151rs\u00e9g a honlapj\u00e1n (<a title=\"Hely megnyit\u00e1sa\" href=\"http:\/\/www.police.hu\" target=\"_blank\" rel=\"noopener\">www.police.hu<\/a>, Sebess\u00e9g-ellen\u0151rz\u00e9sek men\u00fcpont) naprak\u00e9sz t\u00e1j\u00e9koztat\u00e1st ad minden \u00e9rdekl\u0151d\u0151nek &#8211; \u00edrt\u00e1k.(MTI)<\/p>\n<p>&nbsp;<\/p><div id=\"gazda-753828277\" class=\"gazda-tartalomban gazda-entity-placement\"><script async src=\"https:\/\/pagead2.googlesyndication.com\/pagead\/js\/adsbygoogle.js\"><\/script>\r\n<ins class=\"adsbygoogle\"\r\n     style=\"display:block\"\r\n     data-ad-format=\"fluid\"\r\n     data-ad-layout-key=\"-6t+ed+2i-1n-4w\"\r\n     data-ad-client=\"ca-pub-1959107119989764\"\r\n     data-ad-slot=\"4008251320\"><\/ins>\r\n<script>\r\n     (adsbygoogle = window.adsbygoogle || []).push({});\r\n<\/script><\/div>\n","protected":false},"excerpt":{"rendered":"<p>Valamennyi fix telep\u00edt\u00e9s\u0171 traffipax (hivatalosan V\u00e9da k\u00f6z\u00fati intelligens kamera) felszerel\u00e9si hely\u00e9t v\u00e9gleges\u00edtette a rend\u0151rs\u00e9g &#8211; \u00edrta a Zsaru Magazin.<\/p>\n","protected":false},"author":1,"featured_media":0,"comment_status":"open","ping_status":"closed","sticky":false,"template":"","format":"standard","meta":[],"categories":[4,151],"tags":[],"_links":{"self":[{"href":"https:\/\/gazdasagportal.hu\/index.php\/wp-json\/wp\/v2\/posts\/71557"}],"collection":[{"href":"https:\/\/gazdasagportal.hu\/index.php\/wp-json\/wp\/v2\/posts"}],"about":[{"href":"https:\/\/gazdasagportal.hu\/index.php\/wp-json\/wp\/v2\/types\/post"}],"author":[{"embeddable":true,"href":"https:\/\/gazdasagportal.hu\/index.php\/wp-json\/wp\/v2\/users\/1"}],"replies":[{"embeddable":true,"href":"https:\/\/gazdasagportal.hu\/index.php\/wp-json\/wp\/v2\/comments?post=71557"}],"version-history":[{"count":1,"href":"https:\/\/gazdasagportal.hu\/index.php\/wp-json\/wp\/v2\/posts\/71557\/revisions"}],"predecessor-version":[{"id":71558,"href":"https:\/\/gazdasagportal.hu\/index.php\/wp-json\/wp\/v2\/posts\/71557\/revisions\/71558"}],"wp:attachment":[{"href":"https:\/\/gazdasagportal.hu\/index.php\/wp-json\/wp\/v2\/media?parent=71557"}],"wp:term":[{"taxonomy":"category","embeddable":true,"href":"https:\/\/gazdasagportal.hu\/index.php\/wp-json\/wp\/v2\/categories?post=71557"},{"taxonomy":"post_tag","embeddable":true,"href":"https:\/\/gazdasagportal.hu\/index.php\/wp-json\/wp\/v2\/tags?post=71557"}],"curies":[{"name":"wp","href":"https:\/\/api.w.org\/{rel}","templated":true}]}}