{"id":71553,"date":"2015-12-05T02:22:52","date_gmt":"2015-12-05T01:22:52","guid":{"rendered":"http:\/\/gazdasagportal.hu\/?p=71553"},"modified":"2015-12-04T23:23:44","modified_gmt":"2015-12-04T22:23:44","slug":"a-nyugat-balkani-migracios-utvonalon-fekvo-orszagok-fokozni-akarjak-az-ellenorzest","status":"publish","type":"post","link":"https:\/\/gazdasagportal.hu\/index.php\/a-nyugat-balkani-migracios-utvonalon-fekvo-orszagok-fokozni-akarjak-az-ellenorzest\/","title":{"rendered":"A nyugat-balk\u00e1ni migr\u00e1ci\u00f3s \u00fatvonalon fekv\u0151 orsz\u00e1gok fokozni akarj\u00e1k az ellen\u0151rz\u00e9st"},"content":{"rendered":"<p><strong>A nyugat-balk\u00e1ni migr\u00e1ci\u00f3s \u00fatvonalon fekv\u0151 orsz\u00e1gok, Szlov\u00e9nia, Szerbia, Maced\u00f3nia \u00e9s G\u00f6r\u00f6gorsz\u00e1g rend\u0151rf\u0151kapit\u00e1nyai meg\u00e1llapodtak abban, hogy fokozz\u00e1k a migr\u00e1nsok ellen\u0151rz\u00e9s\u00e9t, \u00e9s egys\u00e9ges azonos\u00edt\u00f3 okm\u00e1nnyal l\u00e1tj\u00e1k el a bev\u00e1ndorl\u00f3kat &#8211; k\u00f6z\u00f6lte az STA szlov\u00e9n h\u00edr\u00fcgyn\u00f6ks\u00e9g a szlov\u00e9niai Brdo kod Kranj\u00e1n tartott tan\u00e1cskoz\u00e1st k\u00f6vet\u0151en.<\/strong><!--more--><\/p>\n<div class=\"ads-in-post1\"><div id=\"gazdasagportal.hu_fullbanner_wideboard\"><\/div>\r\n<\/div>\n<p>    Marjan Frank szlov\u00e9n rend\u0151rf\u0151kapit\u00e1ny \u00fajs\u00e1g\u00edr\u00f3knak az \u00fcl\u00e9s ut\u00e1n elmondta: a migr\u00e1ns\u00e1radat cs\u00f6kken ugyan a balk\u00e1ni migr\u00e1ci\u00f3s \u00fatvonalon &#8211; az id\u0151j\u00e1r\u00e1si viszonyok \u00e9s a gazdas\u00e1gi migr\u00e1nsok feltart\u00f3ztat\u00e1sa miatt a g\u00f6r\u00f6g-maced\u00f3n hat\u00e1ron -, de a jelenlegi \u00e1llapot nem garancia arra, hogy ez hossz\u00fa t\u00e1von \u00edgy is marad.<br \/>\n    Kiemelte: a r\u00e9sztvev\u0151k egyet\u00e9rtettek abban, hogy biztons\u00e1gi okokb\u00f3l jav\u00edtani kell a migr\u00e1nsok azonos\u00edt\u00e1si elj\u00e1r\u00e1s\u00e1n.<br \/>\n    &#8222;A tal\u00e1lkoz\u00f3n k\u00f6z\u00f6s javaslat sz\u00fcletett arra, hogy be kell vezetni egy egys\u00e9ges azonos\u00edt\u00f3 okm\u00e1nyt, amelyet a bev\u00e1ndorl\u00f3k az Eur\u00f3pai Uni\u00f3ba (EU) l\u00e9p\u00e9skor kapnak, \u00e9s amely elk\u00eds\u00e9ri \u0151ket a v\u00e9gleges c\u00e9l\u00e1llom\u00e1sukig&#8221; &#8211; mondta.<br \/>\n    Szlov\u00e9nia v\u00e1llalta, hogy megpr\u00f3b\u00e1lja az elk\u00e9pzel\u00e9s v\u00e9ghezvitel\u00e9hez sz\u00fcks\u00e9ges uni\u00f3s t\u00e1mogat\u00e1st is megszerzi, tov\u00e1bb\u00e1 a v\u00e9grehajt\u00e1sn\u00e1l seg\u00edts\u00e9get k\u00e9r az EU hat\u00e1rellen\u0151rz\u00e9si \u00fcgyn\u00f6ks\u00e9g\u00e9t\u0151l (Frontex) &#8211; tette hozz\u00e1.<br \/>\n    Horv\u00e1torsz\u00e1g k\u00e9pvisel\u0151je ism\u00e9t nem volt jelen a Szlov\u00e9ni\u00e1ban tartott tan\u00e1cskoz\u00e1son. Z\u00e1gr\u00e1b kor\u00e1bban a nyugat-balk\u00e1ni migr\u00e1ci\u00f3s \u00fatvonalon fekv\u0151 orsz\u00e1gok bel\u00fcgyminisztereinek munka\u00e9rtekezlet\u00e9n sem k\u00e9pviseltette mag\u00e1t, a szlov\u00e9niai Brd\u00f3n.<br \/>\n    Ugyanakkor Z\u00e1gr\u00e1b p\u00e9nteken egy negyedik tiltakoz\u00f3 jegyz\u00e9ket is k\u00fcld\u00f6tt Ljubljan\u00e1nak, mert \u00e1ll\u00e1spontja szerint a szlov\u00e9n f\u00e9l \u00e1ltal a k\u00f6z\u00f6s hat\u00e1ron \u00e9p\u00edtett ker\u00edt\u00e9s horv\u00e1t ter\u00fcletre is \u00e1tny\u00falik.(MTI)<\/p>\n","protected":false},"excerpt":{"rendered":"<p>A nyugat-balk\u00e1ni migr\u00e1ci\u00f3s \u00fatvonalon fekv\u0151 orsz\u00e1gok, Szlov\u00e9nia, Szerbia, Maced\u00f3nia \u00e9s G\u00f6r\u00f6gorsz\u00e1g rend\u0151rf\u0151kapit\u00e1nyai meg\u00e1llapodtak abban, hogy fokozz\u00e1k a migr\u00e1nsok ellen\u0151rz\u00e9s\u00e9t, \u00e9s egys\u00e9ges azonos\u00edt\u00f3 okm\u00e1nnyal l\u00e1tj\u00e1k el a bev\u00e1ndorl\u00f3kat &#8211; k\u00f6z\u00f6lte az STA szlov\u00e9n h\u00edr\u00fcgyn\u00f6ks\u00e9g a szlov\u00e9niai Brdo kod Kranj\u00e1n tartott tan\u00e1cskoz\u00e1st k\u00f6vet\u0151en.<\/p>\n","protected":false},"author":1,"featured_media":0,"comment_status":"open","ping_status":"closed","sticky":false,"template":"","format":"standard","meta":[],"categories":[12],"tags":[],"_links":{"self":[{"href":"https:\/\/gazdasagportal.hu\/index.php\/wp-json\/wp\/v2\/posts\/71553"}],"collection":[{"href":"https:\/\/gazdasagportal.hu\/index.php\/wp-json\/wp\/v2\/posts"}],"about":[{"href":"https:\/\/gazdasagportal.hu\/index.php\/wp-json\/wp\/v2\/types\/post"}],"author":[{"embeddable":true,"href":"https:\/\/gazdasagportal.hu\/index.php\/wp-json\/wp\/v2\/users\/1"}],"replies":[{"embeddable":true,"href":"https:\/\/gazdasagportal.hu\/index.php\/wp-json\/wp\/v2\/comments?post=71553"}],"version-history":[{"count":1,"href":"https:\/\/gazdasagportal.hu\/index.php\/wp-json\/wp\/v2\/posts\/71553\/revisions"}],"predecessor-version":[{"id":71554,"href":"https:\/\/gazdasagportal.hu\/index.php\/wp-json\/wp\/v2\/posts\/71553\/revisions\/71554"}],"wp:attachment":[{"href":"https:\/\/gazdasagportal.hu\/index.php\/wp-json\/wp\/v2\/media?parent=71553"}],"wp:term":[{"taxonomy":"category","embeddable":true,"href":"https:\/\/gazdasagportal.hu\/index.php\/wp-json\/wp\/v2\/categories?post=71553"},{"taxonomy":"post_tag","embeddable":true,"href":"https:\/\/gazdasagportal.hu\/index.php\/wp-json\/wp\/v2\/tags?post=71553"}],"curies":[{"name":"wp","href":"https:\/\/api.w.org\/{rel}","templated":true}]}}