{"id":71541,"date":"2015-12-05T03:44:45","date_gmt":"2015-12-05T02:44:45","guid":{"rendered":"http:\/\/gazdasagportal.hu\/?p=71541"},"modified":"2015-12-04T23:15:49","modified_gmt":"2015-12-04T22:15:49","slug":"epulo-szallodara-dolt-egy-daru-lentiben","status":"publish","type":"post","link":"https:\/\/gazdasagportal.hu\/index.php\/epulo-szallodara-dolt-egy-daru-lentiben\/","title":{"rendered":"\u00c9p\u00fcl\u0151 sz\u00e1llod\u00e1ra d\u0151lt egy daru Lentiben"},"content":{"rendered":"<p><strong>Egy \u00e9p\u00fcl\u0151 sz\u00e1llod\u00e1ra d\u0151lt, de csak kisebb anyagi k\u00e1rt okozott egy 60 tonn\u00e1s daru p\u00e9ntek este Lentiben &#8211; \u00e9rtes\u00fclt az MTI a helysz\u00ednr\u0151l.<\/strong><!--more--><\/p>\n<div class=\"ads-in-post1\"><div id=\"gazdasagportal.hu_fullbanner_wideboard\"><\/div>\r\n<\/div>\n<p>    Sznopek Veronika, a Zala Megyei Rend\u0151r-f\u0151kapit\u00e1nys\u00e1g sz\u00f3viv\u0151je az inform\u00e1ci\u00f3t meger\u0151s\u00edtve elmondta: egy sz\u00e1lloda\u00e9p\u00edtkez\u00e9sn\u00e9l a munkag\u00e9p kezel\u0151je \u00e9ppen be akarta h\u00fazni a daru teleszk\u00f3pos g\u00e9mj\u00e9t, az ellens\u00faly azonban nem tudta megtartani a j\u00e1rm\u0171vet, ami az \u00e9p\u00fcl\u0151 hotelre d\u0151lt.<br \/>\n    Szem\u00e9lyi s\u00e9r\u00fcl\u00e9s nem t\u00f6rt\u00e9nt, \u00e9s jelent\u0151sebb anyagi k\u00e1r sem keletkezett &#8211; tette m\u00e9g hozz\u00e1 a rend\u0151rs\u00e9gi sz\u00f3viv\u0151.<br \/>\n    Csereszny\u00e9s D\u00e1niel, a Zala Megyei Katasztr\u00f3fav\u00e9delmi Igazgat\u00f3s\u00e1g sz\u00f3viv\u0151je az MTI \u00e9rdekl\u0151d\u00e9s\u00e9re elmondta: munkat\u00e1rsai az \u00e9p\u00fcl\u0151f\u00e9lben l\u00e9v\u0151 hotelt k\u00f6rbeker\u00edtett\u00e9k, illetve ki\u00fcr\u00edtett\u00e9k a munkater\u00fcletet, majd a munkag\u00e9p tulajdonos\u00e1nak seg\u00e9dkeztek a j\u00e1rm\u0171 talpra \u00e1ll\u00edt\u00e1s\u00e1ban.(MTI)<\/p>\n","protected":false},"excerpt":{"rendered":"<p>Egy \u00e9p\u00fcl\u0151 sz\u00e1llod\u00e1ra d\u0151lt, de csak kisebb anyagi k\u00e1rt okozott egy 60 tonn\u00e1s daru p\u00e9ntek este Lentiben &#8211; \u00e9rtes\u00fclt az MTI a helysz\u00ednr\u0151l.<\/p>\n","protected":false},"author":1,"featured_media":0,"comment_status":"open","ping_status":"closed","sticky":false,"template":"","format":"standard","meta":[],"categories":[4],"tags":[],"_links":{"self":[{"href":"https:\/\/gazdasagportal.hu\/index.php\/wp-json\/wp\/v2\/posts\/71541"}],"collection":[{"href":"https:\/\/gazdasagportal.hu\/index.php\/wp-json\/wp\/v2\/posts"}],"about":[{"href":"https:\/\/gazdasagportal.hu\/index.php\/wp-json\/wp\/v2\/types\/post"}],"author":[{"embeddable":true,"href":"https:\/\/gazdasagportal.hu\/index.php\/wp-json\/wp\/v2\/users\/1"}],"replies":[{"embeddable":true,"href":"https:\/\/gazdasagportal.hu\/index.php\/wp-json\/wp\/v2\/comments?post=71541"}],"version-history":[{"count":1,"href":"https:\/\/gazdasagportal.hu\/index.php\/wp-json\/wp\/v2\/posts\/71541\/revisions"}],"predecessor-version":[{"id":71542,"href":"https:\/\/gazdasagportal.hu\/index.php\/wp-json\/wp\/v2\/posts\/71541\/revisions\/71542"}],"wp:attachment":[{"href":"https:\/\/gazdasagportal.hu\/index.php\/wp-json\/wp\/v2\/media?parent=71541"}],"wp:term":[{"taxonomy":"category","embeddable":true,"href":"https:\/\/gazdasagportal.hu\/index.php\/wp-json\/wp\/v2\/categories?post=71541"},{"taxonomy":"post_tag","embeddable":true,"href":"https:\/\/gazdasagportal.hu\/index.php\/wp-json\/wp\/v2\/tags?post=71541"}],"curies":[{"name":"wp","href":"https:\/\/api.w.org\/{rel}","templated":true}]}}