{"id":71516,"date":"2015-12-04T13:46:20","date_gmt":"2015-12-04T12:46:20","guid":{"rendered":"http:\/\/gazdasagportal.hu\/?p=71516"},"modified":"2015-12-04T14:13:18","modified_gmt":"2015-12-04T13:13:18","slug":"indul-az-iszlam-allam-ellen-a-nemet-hadsereg","status":"publish","type":"post","link":"https:\/\/gazdasagportal.hu\/index.php\/indul-az-iszlam-allam-ellen-a-nemet-hadsereg\/","title":{"rendered":"Indul az Iszl\u00e1m \u00c1llam ellen a n\u00e9met hadsereg"},"content":{"rendered":"<p><strong>A n\u00e9met t\u00f6rv\u00e9nyhoz\u00e1s als\u00f3h\u00e1za (Bundestag) p\u00e9nteken a v\u00e1rakoz\u00e1soknak megfelel\u0151en nagy t\u00f6bbs\u00e9ggel megszavazta a korm\u00e1ny el\u0151terjeszt\u00e9s\u00e9t arr\u00f3l, hogy a hadsereg (Bundeswehr) k\u00f6zvetlen t\u00e1mogat\u00e1st ny\u00fajtson az Iszl\u00e1m \u00c1llam (I\u00c1) terrorszervezet sz\u00edriai \u00e1ll\u00e1sai elleni l\u00e9gicsap\u00e1sokhoz.<\/strong><!--more--><\/p>\n<div class=\"ads-in-post1\"><div id=\"gazdasagportal.hu_fullbanner_wideboard\"><\/div>\r\n<\/div>\n<p>    A szavaz\u00e1son a 630 tag\u00fa Bundestag 598 k\u00e9pvisel\u0151je vett r\u00e9szt. A korm\u00e1ny el\u0151terjeszt\u00e9s\u00e9t 445-en t\u00e1mogatt\u00e1k, 146-an ellene szavaztak \u00e9s 7 k\u00e9pvisel\u0151 tart\u00f3zkodott.<br \/>\n    A korm\u00e1nyp\u00e1rtok &#8211; a CDU\/CSU jobbk\u00f6z\u00e9p p\u00e1rtsz\u00f6vets\u00e9g \u00e9s a szoci\u00e1ldemokrata p\u00e1rt (SPD) &#8211; k\u00e9pvisel\u0151i csaknem kiv\u00e9tel n\u00e9lk\u00fcl igennel szavaztak.<br \/>\n    Az ellenz\u00e9ki oldalon az SPD-t\u0151l balra \u00e1ll\u00f3, pacifista Baloldal test\u00fcletileg elutas\u00edtotta a Bundeswehr \u00fajabb k\u00fclf\u00f6ldi k\u00fcldet\u00e9s\u00e9t. Sz\u00f3nokaik szerint a k\u00fcls\u0151 fegyveres beavatkoz\u00e1s miatt a 2011 \u00f3ta egyre v\u00e9resebb polg\u00e1rh\u00e1bor\u00faba s\u00fcllyed\u0151 Sz\u00edri\u00e1ban minden m\u00e9g rosszabb lesz, \u00e9s tov\u00e1bb er\u0151s\u00f6dik majd az I\u00c1.<br \/>\n    A Z\u00f6ldekn\u00e9l a t\u00f6bbs\u00e9g nemmel szavazott. A p\u00e1rt sz\u00f3nokai els\u0151sorban azt kifog\u00e1solt\u00e1k, hogy nincsen vil\u00e1gos kil\u00e9p\u00e9si strat\u00e9gia &#8211; elk\u00e9pzel\u00e9s arr\u00f3l, hogy mik\u00e9nt kell lez\u00e1rni a k\u00fcldet\u00e9st -, \u00e9s a korm\u00e1ny rohamtemp\u00f3ban k\u00e9nyszer\u00edtette ki a t\u00f6rv\u00e9nyhoz\u00e1st\u00f3l a felhatalmaz\u00e1st a misszi\u00f3 elind\u00edt\u00e1s\u00e1hoz.<br \/>\n    A korm\u00e1ny a Bundeswehr eddigi k\u00fclf\u00f6ldi k\u00fcldet\u00e9seinek el\u0151k\u00e9sz\u00edt\u00e9s\u00e9hez k\u00e9pest rendk\u00edv\u00fcl gyorsan vitte kereszt\u00fcl a sz\u00edriai misszi\u00f3 elind\u00edt\u00e1s\u00e1t. A kabinet kedden fogadta el a vonatkoz\u00f3 el\u0151terjeszt\u00e9st, amelynek parlamenti vit\u00e1ja m\u00e1r szerd\u00e1n el is kezd\u0151d\u00f6tt.<br \/>\n    <a href=\"https:\/\/gazdasagportal.hu\/wp-content\/uploads\/2015\/12\/Bundeswehr_nemet.jpg\"><img decoding=\"async\" loading=\"lazy\" src=\"https:\/\/gazdasagportal.hu\/wp-content\/uploads\/2015\/12\/Bundeswehr_nemet-300x225.jpg\" alt=\"Bundeswehr_nemet\" width=\"300\" height=\"225\" class=\"alignleft size-medium wp-image-71517\" srcset=\"https:\/\/gazdasagportal.hu\/wp-content\/uploads\/2015\/12\/Bundeswehr_nemet-300x225.jpg 300w, https:\/\/gazdasagportal.hu\/wp-content\/uploads\/2015\/12\/Bundeswehr_nemet.jpg 600w\" sizes=\"(max-width: 300px) 100vw, 300px\" \/><\/a>N\u00e9metorsz\u00e1g kezdett\u0151l fogva tagja az I\u00c1 ellen szervezett nemzetk\u00f6zi koal\u00edci\u00f3nak, de eddig nem vett r\u00e9szt k\u00f6zvetlen\u00fcl a t\u00e1mad\u00e1sokban, hanem az \u00e9szak-iraki kurd \u00f6nv\u00e9delmi er\u0151k (pesmerg\u00e1k) kik\u00e9pz\u00e9s\u00e9ben \u00e9s felfegyverz\u00e9s\u00e9ben v\u00e1llalt szerepet. A l\u00e9gicsap\u00e1sok k\u00f6zvetlen t\u00e1mogat\u00e1s\u00e1r\u00f3l azut\u00e1n hat\u00e1rozott a korm\u00e1ny, hogy Franciaorsz\u00e1g a november 13-ai p\u00e1rizsi terrort\u00e1mad\u00e1sok miatt seg\u00edts\u00e9get k\u00e9rt az uni\u00f3s tagorsz\u00e1gokt\u00f3l az I\u00c1 elleni harchoz.<br \/>\n     A k\u00fcldet\u00e9s c\u00e9lja, hogy megakad\u00e1lyozz\u00e1k az I\u00c1 tov\u00e1bbi terjeszked\u00e9s\u00e9t, tov\u00e1bb\u00e1 cs\u00f6kkents\u00e9k befoly\u00e1s\u00e1t \u00e9s k\u00e9pess\u00e9g\u00e9t t\u00f6bbek k\u00f6z\u00f6tt a Sz\u00edri\u00e1n k\u00edv\u00fcli terrormer\u00e9nyletek elk\u00f6vet\u00e9s\u00e9re.<br \/>\n    A korm\u00e1ny felfog\u00e1sa szerint a n\u00e9met katon\u00e1k nem h\u00e1bor\u00faba mennek, mert az I\u00c1 elleni fell\u00e9p\u00e9s nemzetk\u00f6zi jogi \u00e9rtelemben nem min\u0151s\u00fcl h\u00e1bor\u00fanak. A k\u00fcldet\u00e9s nemzetk\u00f6zi jogi alapj\u00e1t az ENSZ Biztons\u00e1gi Tan\u00e1cs\u00e1nak az I\u00c1-r\u00f3l hozott hat\u00e1rozatai \u00e9s az ENSZ Alapokm\u00e1ny\u00e1nak \u00f6nv\u00e9delemr\u0151l sz\u00f3l\u00f3 51. paragrafusa alkotja.<br \/>\n    A Bundeswehr a t\u00f6rv\u00e9nyhoz\u00e1si felhatalmaz\u00e1s r\u00e9v\u00e9n egyel\u0151re egy \u00e9vig &#8211; 2016 december 31-ig &#8211; vehet r\u00e9szt a t\u00f6bb mint 60 orsz\u00e1got \u00f6sszefog\u00f3 nemzetk\u00f6zi koal\u00edci\u00f3 sz\u00edriai l\u00e9gicsap\u00e1sainak k\u00f6zvetlen t\u00e1mogat\u00e1s\u00e1ban. A mand\u00e1tum meg\u00faj\u00edthat\u00f3, \u00edgy ak\u00e1r t\u00f6bb \u00e9vig is tarthat a Bundeswehr sz\u00edriai misszi\u00f3ja. A n\u00e9met hadsereg akt\u00edv \u00e9s volt tagjai, illetve csal\u00e1dtagjaik \u00e9rdekk\u00e9pviseleti szervezet\u00e9nek (DBwV) vezet\u0151je, Andr\u00e9 W\u00fcstner szerint egy \u00e9vtizedn\u00e9l is hosszabb id\u0151t vehet ig\u00e9nybe az I\u00c1 megsemmis\u00edt\u00e9se, \u00e9s az akci\u00f3 nem korl\u00e1toz\u00f3dhat Sz\u00edri\u00e1ra, hiszen a dzsihadista szervezet Irakban \u00e9s az \u00e9szak-afrikai t\u00e9rs\u00e9gben is igen er\u0151s.<br \/>\n    A korm\u00e1ny \u00e1ll\u00e1spontja szerint a fegyveres er\u0151 alkalmaz\u00e1sa csak a sz\u00edriai helyzet rendez\u00e9s\u00e9re ir\u00e1nyul\u00f3 t\u00f6rekv\u00e9sek egyik vonulata. A Bundeswehr k\u00fcldet\u00e9se \u00edgy be\u00e1gyaz\u00f3dik az \u00fagynevezett b\u00e9csi folyamatba, az osztr\u00e1k f\u0151v\u00e1rosban okt\u00f3berben elkezd\u0151d\u00f6tt nemzetk\u00f6zi t\u00e1rgyal\u00e1ssorozatba. A misszi\u00f3 id\u0151tartama att\u00f3l f\u00fcgg, hogy mikorra siker\u00fcl a b\u00e9csi folyamat r\u00e9v\u00e9n meg\u00e1llapod\u00e1st k\u00f6tni a fegyversz\u00fcnetr\u0151l \u00e9s elind\u00edtani a politikai \u00e1tmenetet Sz\u00edri\u00e1ban.<br \/>\n    A Bundeswehr egy 1200 f\u0151s kontingenst \u00e1ll\u00edt ki a k\u00fcldet\u00e9sre, amelyre 134 milli\u00f3 eur\u00f3t biztos\u00edt a korm\u00e1ny. A n\u00e9met hadsereg els\u0151sorban m\u0171holdas \u00e9s l\u00e9gi felder\u00edt\u00e9st v\u00e9gez, \u00e9s egy fregattal r\u00e9szt vesz a Charles de Gaulle francia rep\u00fcl\u0151g\u00e9p-hordoz\u00f3 haj\u00f3 v\u00e9delm\u00e9ben.<br \/>\n    A feladatra kijel\u00f6lt, Augsburg nev\u0171 hadihaj\u00f3 m\u00e1r kiv\u00e1lt a Eur\u00f3pai Uni\u00f3 embercsemp\u00e9szek ellen ind\u00edtott, Sophia elnevez\u00e9s\u0171 f\u00f6ldk\u00f6zi-tengeri katonai m\u0171velet\u00e9nek k\u00f6tel\u00e9k\u00e9b\u0151l \u00e9s egy-k\u00e9t napon bel\u00fcl csatlakozik a Charles de Gaulle v\u00e9delm\u00e9t biztos\u00edt\u00f3 nemzetk\u00f6zi haj\u00f3rajhoz.<br \/>\n    A Bundeswehr a m\u0171holdas felder\u00edt\u00e9st a francia partnerekkel egy\u00fcttm\u0171k\u00f6d\u00e9sben v\u00e9gzi, l\u00e9gi felder\u00edt\u00e9si feladatokat pedig a l\u00e9gicsap\u00e1sokat int\u00e9z\u0151 sz\u00f6vets\u00e9gesek felk\u00e9r\u00e9s\u00e9re teljes\u00edt. A koal\u00edci\u00f3 parancsnoki test\u00fclet\u00e9be deleg\u00e1lt n\u00e9met illet\u00e9kes &#8211; az \u00fagynevezett red card holder &#8211; minden egyes k\u00e9r\u00e9st k\u00fcl\u00f6n megvizsg\u00e1l, \u00e9s csak akkor ad enged\u00e9lyt a l\u00e9gier\u0151 Tornado t\u00edpus\u00fa felder\u00edt\u0151 g\u00e9peinek bevet\u00e9s\u00e9re, ha a k\u00e9r\u00e9s \u00f6sszeegyeztethet\u0151 a t\u00f6rv\u00e9nyhoz\u00e1st\u00f3l kapott mand\u00e1tummal.<br \/>\n    N\u00e9metorsz\u00e1g egy l\u00e9gi ut\u00e1nt\u00f6lt\u0151 rep\u00fcl\u0151g\u00e9ppel is t\u00e1mogatja a l\u00e9gicsap\u00e1sokat. A m\u0171veletre kijel\u00f6lt hat Tornad\u00f3t \u00e9s a l\u00e9gi ut\u00e1nt\u00f6lt\u0151 rep\u00fcl\u0151t a j\u00f6v\u0151 h\u00e9ten \u00e1ttelep\u00edtik a d\u00e9l-t\u00f6r\u00f6korsz\u00e1gi Incirlikben m\u0171k\u00f6d\u0151 NATO-t\u00e1maszpontra, ahol a kontingens 550 tagja \u00e1llom\u00e1sozik majd. Az els\u0151 bevet\u00e9sek janu\u00e1rban lehetnek.<br \/>\n     N\u00e9met katon\u00e1k nem l\u00e9pnek Sz\u00edria ter\u00fclet\u00e9re, akkor sem, ha egy Tornad\u00f3t szerencs\u00e9tlens\u00e9g \u00e9r \u00e9s ki kell menteni a pil\u00f3t\u00e1t. Ilyen esetben amerikai k\u00fcl\u00f6nleges alakulatokat mozg\u00f3s\u00edtanak, amelyek m\u00e1s sz\u00f6vets\u00e9gesek, p\u00e9ld\u00e1ul az olasz \u00e9s a francia er\u0151k speci\u00e1lis alakulataival dolgoznak.<br \/>\n    Az 1955-ben alap\u00edtott Bundeswehr a koszov\u00f3i \u00e9s az afganiszt\u00e1ni bevet\u00e9s ut\u00e1n mind\u00f6ssze harmadik alkalommal vesz r\u00e9szt t\u00e1mad\u00f3 hadm\u0171veletben. A sz\u00edriai lesz a m\u00e1sodik legnagyobb szab\u00e1s\u00fa k\u00fcldet\u00e9se. A Bundeswehr jelenleg 16 k\u00fclf\u00f6ldi misszi\u00f3ban vesz r\u00e9szt.(MTI)<\/p>\n","protected":false},"excerpt":{"rendered":"<p>A n\u00e9met t\u00f6rv\u00e9nyhoz\u00e1s als\u00f3h\u00e1za (Bundestag) p\u00e9nteken a v\u00e1rakoz\u00e1soknak megfelel\u0151en nagy t\u00f6bbs\u00e9ggel megszavazta a korm\u00e1ny el\u0151terjeszt\u00e9s\u00e9t arr\u00f3l, hogy a hadsereg (Bundeswehr) k\u00f6zvetlen t\u00e1mogat\u00e1st ny\u00fajtson az Iszl\u00e1m \u00c1llam (I\u00c1) terrorszervezet sz\u00edriai \u00e1ll\u00e1sai elleni l\u00e9gicsap\u00e1sokhoz.<\/p>\n","protected":false},"author":1,"featured_media":71517,"comment_status":"open","ping_status":"closed","sticky":false,"template":"","format":"standard","meta":[],"categories":[146,136,12,16],"tags":[],"_links":{"self":[{"href":"https:\/\/gazdasagportal.hu\/index.php\/wp-json\/wp\/v2\/posts\/71516"}],"collection":[{"href":"https:\/\/gazdasagportal.hu\/index.php\/wp-json\/wp\/v2\/posts"}],"about":[{"href":"https:\/\/gazdasagportal.hu\/index.php\/wp-json\/wp\/v2\/types\/post"}],"author":[{"embeddable":true,"href":"https:\/\/gazdasagportal.hu\/index.php\/wp-json\/wp\/v2\/users\/1"}],"replies":[{"embeddable":true,"href":"https:\/\/gazdasagportal.hu\/index.php\/wp-json\/wp\/v2\/comments?post=71516"}],"version-history":[{"count":1,"href":"https:\/\/gazdasagportal.hu\/index.php\/wp-json\/wp\/v2\/posts\/71516\/revisions"}],"predecessor-version":[{"id":71518,"href":"https:\/\/gazdasagportal.hu\/index.php\/wp-json\/wp\/v2\/posts\/71516\/revisions\/71518"}],"wp:featuredmedia":[{"embeddable":true,"href":"https:\/\/gazdasagportal.hu\/index.php\/wp-json\/wp\/v2\/media\/71517"}],"wp:attachment":[{"href":"https:\/\/gazdasagportal.hu\/index.php\/wp-json\/wp\/v2\/media?parent=71516"}],"wp:term":[{"taxonomy":"category","embeddable":true,"href":"https:\/\/gazdasagportal.hu\/index.php\/wp-json\/wp\/v2\/categories?post=71516"},{"taxonomy":"post_tag","embeddable":true,"href":"https:\/\/gazdasagportal.hu\/index.php\/wp-json\/wp\/v2\/tags?post=71516"}],"curies":[{"name":"wp","href":"https:\/\/api.w.org\/{rel}","templated":true}]}}