{"id":71514,"date":"2015-12-04T13:04:04","date_gmt":"2015-12-04T12:04:04","guid":{"rendered":"http:\/\/gazdasagportal.hu\/?p=71514"},"modified":"2015-12-04T13:04:04","modified_gmt":"2015-12-04T12:04:04","slug":"beerkezett-magyarorszag-keresete-az-europai-birosaghoz","status":"publish","type":"post","link":"https:\/\/gazdasagportal.hu\/index.php\/beerkezett-magyarorszag-keresete-az-europai-birosaghoz\/","title":{"rendered":"Be\u00e9rkezett Magyarorsz\u00e1g keresete az Eur\u00f3pai B\u00edr\u00f3s\u00e1ghoz"},"content":{"rendered":"<p><strong>Az Eur\u00f3pai B\u00edr\u00f3s\u00e1g megkapta \u00e9s regisztr\u00e1lta Magyarorsz\u00e1g kereset\u00e9t, amelyet a mened\u00e9kk\u00e9r\u0151k EU-tag\u00e1llamok k\u00f6z\u00f6tti \u00e1thelyez\u00e9s\u00e9r\u0151l, a k\u00f6telez\u0151 kv\u00f3tarendszerr\u0151l sz\u00f3l\u00f3 eur\u00f3pai tan\u00e1csi hat\u00e1rozattal szemben ny\u00fajtottak be az el\u0151z\u0151 napon &#8211; k\u00f6z\u00f6lte p\u00e9nteken a luxembourgi sz\u00e9khely\u0171 b\u00edr\u00f3s\u00e1g.<\/strong><!--more--><\/p>\n<div class=\"ads-in-post1\"><div id=\"gazdasagportal.hu_fullbanner_wideboard\"><\/div>\r\n<\/div>\n<p>    A kereset tartalm\u00e1r\u00f3l a b\u00edr\u00f3s\u00e1g nem adott felvil\u00e1gos\u00edt\u00e1st, ugyanakkor azt tudni lehet, hogy ugyanebben az \u00fcgyben Szlov\u00e1kia szerd\u00e1n ny\u00fajtott be keresetet az uni\u00f3s igazs\u00e1gszolg\u00e1ltat\u00e1si f\u00f3rumhoz.<br \/>\n    Ahogy Szlov\u00e1kia eset\u00e9ben is, a magyar kereset tartalm\u00e1r\u00f3l leghamarabb a kereset regisztr\u00e1l\u00e1s\u00e1t k\u00f6vet\u0151 5-6 h\u00e9t m\u00falva jelenik meg t\u00e1j\u00e9koztat\u00f3 a k\u00e9relmek \u00f6sszefoglal\u00f3j\u00e1val. Ez a nyilv\u00e1nos dokumentum tartalmazza majd, hogy pontosan milyen jogalapon, mely rendelkez\u00e9sek miatt t\u00e1madja Magyarorsz\u00e1g az uni\u00f3s tag\u00e1llami cs\u00facsvezet\u0151k test\u00fclet\u00e9nek a hat\u00e1rozat\u00e1t.<br \/>\n    A b\u00edr\u00f3s\u00e1g t\u00e1j\u00e9koztat\u00e1sa szerint lehet\u0151s\u00e9g van arra, hogy a keresetet beny\u00fajt\u00f3 orsz\u00e1g ideiglenes int\u00e9zked\u00e9s ir\u00e1nti k\u00e9relmet ny\u00fajtson be. A k\u00e9relemben a megt\u00e1madott hat\u00e1rozat alkalmaz\u00e1s\u00e1nak felf\u00fcggeszt\u00e9se k\u00e9rhet\u0151 az \u00edt\u00e9lethozatalig.<br \/>\n    Lehet\u0151s\u00e9g van arra is, hogy az egyes uni\u00f3s orsz\u00e1gok beavatkozzanak az \u00fcgybe, vagyis ak\u00e1r a keresetet beny\u00fajt\u00f3 f\u00e9l, ak\u00e1r az &#8222;alperes&#8221; uni\u00f3s int\u00e9zm\u00e9ny mellett \u00e1ll\u00e1st foglalhatnak. Ilyen m\u00f3don Magyarorsz\u00e1g \u00e9s Szlov\u00e1kia k\u00f6lcs\u00f6n\u00f6sen beavatkozhat a m\u00e1sik orsz\u00e1g \u00e1ltal kezdem\u00e9nyezett elj\u00e1r\u00e1sba, ezzel er\u0151s\u00edtve egym\u00e1s t\u00e1rgyal\u00e1si poz\u00edci\u00f3it. Mivel ugyanakkor a k\u00e9t \u00fcgyben sok az azonoss\u00e1g, elk\u00e9pzelhet\u0151, hogy a magyar \u00e9s a szlov\u00e1k beadv\u00e1nyt egy\u00fctt fogja t\u00e1rgyalni az Eur\u00f3pai Uni\u00f3 B\u00edr\u00f3s\u00e1ga.<br \/>\n    Az elj\u00e1r\u00e1s els\u0151, \u00edr\u00e1sbeli szakasz\u00e1ban a b\u00edr\u00f3s\u00e1g k\u00e9rd\u00e9seket tehet fel a keresetet beny\u00fajt\u00f3 orsz\u00e1gnak, amely azokra \u00edr\u00e1sban v\u00e1laszol. Ezt k\u00f6veti Luxembourgban a sz\u00f3beli t\u00e1rgyal\u00e1s, majd valamivel k\u00e9s\u0151bb a b\u00edr\u00f3s\u00e1g \u00e1ltal kijel\u00f6lt f\u0151tan\u00e1csnok tesz ind\u00edtv\u00e1nyt az \u00fcgy jogi meg\u00edt\u00e9l\u00e9s\u00e9re. Ez nem k\u00f6ti a b\u00edr\u00f3s\u00e1got a k\u00e9s\u0151bbi \u00edt\u00e9lethozatalban, de a f\u0151tan\u00e1csnoki \u00e1ll\u00e1spont az esetek t\u00f6bbs\u00e9g\u00e9ben legal\u00e1bbis &#8222;visszak\u00f6sz\u00f6n&#8221; az \u00edt\u00e9letben.<br \/>\n    Egyel\u0151re nem ismeretes, hogy Magyarorsz\u00e1g k\u00e9rt-e gyors\u00edtott elj\u00e1r\u00e1st az \u00fcgyben. Gyors\u00edtott elj\u00e1r\u00e1s eset\u00e9n ak\u00e1r 4-5 h\u00f3napon bel\u00fcl, sima \u00fcgymenet eset\u00e9n elk\u00e9pzelhet\u0151leg csak egy-m\u00e1sf\u00e9l \u00e9v m\u00falva sz\u00fclethet \u00edt\u00e9let.(MTI)<\/p>\n","protected":false},"excerpt":{"rendered":"<p>Az Eur\u00f3pai B\u00edr\u00f3s\u00e1g megkapta \u00e9s regisztr\u00e1lta Magyarorsz\u00e1g kereset\u00e9t, amelyet a mened\u00e9kk\u00e9r\u0151k EU-tag\u00e1llamok k\u00f6z\u00f6tti \u00e1thelyez\u00e9s\u00e9r\u0151l, a k\u00f6telez\u0151 kv\u00f3tarendszerr\u0151l sz\u00f3l\u00f3 eur\u00f3pai tan\u00e1csi hat\u00e1rozattal szemben ny\u00fajtottak be az el\u0151z\u0151 napon &#8211; k\u00f6z\u00f6lte p\u00e9nteken a luxembourgi sz\u00e9khely\u0171 b\u00edr\u00f3s\u00e1g.<\/p>\n","protected":false},"author":1,"featured_media":0,"comment_status":"open","ping_status":"closed","sticky":false,"template":"","format":"standard","meta":[],"categories":[4],"tags":[],"_links":{"self":[{"href":"https:\/\/gazdasagportal.hu\/index.php\/wp-json\/wp\/v2\/posts\/71514"}],"collection":[{"href":"https:\/\/gazdasagportal.hu\/index.php\/wp-json\/wp\/v2\/posts"}],"about":[{"href":"https:\/\/gazdasagportal.hu\/index.php\/wp-json\/wp\/v2\/types\/post"}],"author":[{"embeddable":true,"href":"https:\/\/gazdasagportal.hu\/index.php\/wp-json\/wp\/v2\/users\/1"}],"replies":[{"embeddable":true,"href":"https:\/\/gazdasagportal.hu\/index.php\/wp-json\/wp\/v2\/comments?post=71514"}],"version-history":[{"count":1,"href":"https:\/\/gazdasagportal.hu\/index.php\/wp-json\/wp\/v2\/posts\/71514\/revisions"}],"predecessor-version":[{"id":71515,"href":"https:\/\/gazdasagportal.hu\/index.php\/wp-json\/wp\/v2\/posts\/71514\/revisions\/71515"}],"wp:attachment":[{"href":"https:\/\/gazdasagportal.hu\/index.php\/wp-json\/wp\/v2\/media?parent=71514"}],"wp:term":[{"taxonomy":"category","embeddable":true,"href":"https:\/\/gazdasagportal.hu\/index.php\/wp-json\/wp\/v2\/categories?post=71514"},{"taxonomy":"post_tag","embeddable":true,"href":"https:\/\/gazdasagportal.hu\/index.php\/wp-json\/wp\/v2\/tags?post=71514"}],"curies":[{"name":"wp","href":"https:\/\/api.w.org\/{rel}","templated":true}]}}