{"id":71512,"date":"2015-12-04T11:55:57","date_gmt":"2015-12-04T10:55:57","guid":{"rendered":"http:\/\/gazdasagportal.hu\/?p=71512"},"modified":"2015-12-04T11:55:57","modified_gmt":"2015-12-04T10:55:57","slug":"tiz-erv-a-betelepitesi-kvotak-ellen","status":"publish","type":"post","link":"https:\/\/gazdasagportal.hu\/index.php\/tiz-erv-a-betelepitesi-kvotak-ellen\/","title":{"rendered":"T\u00edz \u00e9rv a betelep\u00edt\u00e9si kv\u00f3t\u00e1k ellen"},"content":{"rendered":"<p><strong>Magyarorsz\u00e1g t\u00edz \u00e9rvre hivatkozva k\u00e9ri a betelep\u00edt\u00e9si kv\u00f3t\u00e1k megsz\u00fcntet\u00e9s\u00e9t &#8211; k\u00f6z\u00f6lte Tr\u00f3cs\u00e1nyi L\u00e1szl\u00f3 igazs\u00e1g\u00fcgyi miniszter p\u00e9nteken, Budapesten tartott sajt\u00f3t\u00e1j\u00e9koztat\u00f3j\u00e1n.<\/strong><!--more--><\/p>\n<div class=\"ads-in-post1\"><div id=\"gazdasagportal.hu_fullbanner_wideboard\"><\/div>\r\n<\/div>\n<p>    A miniszter elmondta: Magyarorsz\u00e1g cs\u00fct\u00f6rt\u00f6k d\u00e9lut\u00e1n hivatalosan is megt\u00e1madta az Eur\u00f3pai B\u00edr\u00f3s\u00e1gon a k\u00f6telez\u0151 betelep\u00edt\u00e9si kv\u00f3t\u00e1kr\u00f3l sz\u00f3l\u00f3 uni\u00f3s hat\u00e1rozatot. Eml\u00e9keztetett, hogy az Orsz\u00e1ggy\u0171l\u00e9s novemberben fogadta el azt a t\u00f6rv\u00e9nyt, amely Magyarorsz\u00e1g \u00e9s Eur\u00f3pa v\u00e9delm\u00e9\u00e9rt a kv\u00f3t\u00e1k elleni jogi fell\u00e9p\u00e9sre k\u00f6telezte a kabinetet.<br \/>\n    Az Igazs\u00e1g\u00fcgyi Miniszt\u00e9rium huszon\u00f6t oldalas kereset\u00e9ben t\u00edz, tartalmi \u00e9s elj\u00e1r\u00e1sjogi \u00e9rvre hivatkozva k\u00e9ri a kv\u00f3t\u00e1k megsz\u00fcntet\u00e9s\u00e9t &#8211; ismertette Tr\u00f3cs\u00e1nyi L\u00e1szl\u00f3. K\u00f6z\u00f6lte: m\u00e1sf\u00e9l \u00e9ves, precedens\u00e9rt\u00e9k\u0171 perre sz\u00e1m\u00edtanak az \u00fcgyben, amelybe rem\u00e9nyeik szerint m\u00e1s uni\u00f3s orsz\u00e1gok is beavatkoznak Magyarorsz\u00e1g mellett.<br \/>\n    A korm\u00e1ny elhib\u00e1zottnak tartja a migr\u00e1ci\u00f3 uni\u00f3s kezel\u00e9s\u00e9t, vagyis sem jogi, sem politikai \u00e9rtelemben nem tudja elfogadni a k\u00f6telez\u0151 kv\u00f3tarendszert &#8211; hangs\u00falyozta a miniszter, aki szerint az embertelens\u00e9g k\u00e9rd\u00e9s\u00e9t is felveti a kv\u00f3t\u00e1k \u00e9s az emberek \u00f6sszekapcsol\u00e1sa.<br \/>\n    Tr\u00f3cs\u00e1nyi L\u00e1szl\u00f3 kifejtette: a keresetben els\u0151k\u00e9nt arra hivatkoznak, hogy a kv\u00f3t\u00e1kr\u00f3l sz\u00f3l\u00f3 hat\u00e1rozatb\u00f3l hi\u00e1nyzik a felhatalmaz\u00e1s, hiszen az uni\u00f3s rendeletekr\u0151l sz\u00f3l\u00f3 szab\u00e1lyok alapj\u00e1n nem lehetett volna elfogadni. A korm\u00e1ny agg\u00e1lyosnak tartja azt is, hogy a kv\u00f3t\u00e1kr\u00f3l sz\u00f3l\u00f3 \u00e1tmeneti rendelkez\u00e9sek k\u00e9t-h\u00e1rom \u00e9vre sz\u00f3lnak, holott a b\u00edr\u00f3i gyakorlat kor\u00e1bban f\u00e9l \u00e9vben \u00e1llap\u00edtotta meg a hasonl\u00f3 szab\u00e1lyok \u00e9rv\u00e9nyess\u00e9g\u00e9t.<br \/>\n    A miniszter szerint r\u00e1ad\u00e1sul az Eur\u00f3pai Uni\u00f3nak ink\u00e1bb azt kellett volna kimondania, milyen seg\u00edts\u00e9get tud adni Olaszorsz\u00e1gnak \u00e9s G\u00f6r\u00f6gorsz\u00e1gnak, nem pedig m\u00e1s orsz\u00e1gokat migr\u00e1nsok befogad\u00e1s\u00e1ra k\u00f6telezni.<br \/>\n    Az uni\u00f3 bel- \u00e9s igazs\u00e1g\u00fcgyi tan\u00e1csa emellett megs\u00e9rtette az EU m\u0171k\u00f6d\u00e9s\u00e9r\u0151l sz\u00f3l\u00f3 szerz\u0151d\u00e9s azon pontj\u00e1t, amely kimondja, a bizotts\u00e1g d\u00f6nt\u00e9s\u00e9t\u0151l csak egyhang\u00fa szavazattal lehet elt\u00e9rni &#8211; k\u00f6z\u00f6lte a miniszter, aki szerint a nemzeti parlamentek v\u00e9lem\u00e9nyez\u00e9si jog\u00e1t is biztos\u00edtani kellett volna, r\u00e1ad\u00e1sul a hat\u00e1rozat ellent\u00e9tes az Eur\u00f3pai Tan\u00e1cs kor\u00e1bbi, \u00f6nk\u00e9ntes kv\u00f3t\u00e1kr\u00f3l sz\u00f3l\u00f3 d\u00f6nt\u00e9s\u00e9vel is.<br \/>\n    Tr\u00f3cs\u00e1nyi L\u00e1szl\u00f3 a jogbiztons\u00e1g \u00e9s a normavil\u00e1goss\u00e1g elv\u00e9t is s\u00e9r\u00fclve l\u00e1tja, hiszen a hat\u00e1rozatb\u00f3l elj\u00e1r\u00e1si, garanci\u00e1lis szab\u00e1lyok hi\u00e1nyoznak. Nem val\u00f3sul meg tov\u00e1bb\u00e1 a sz\u00fcks\u00e9gess\u00e9g \u00e9s az ar\u00e1nyoss\u00e1g elve sem, tov\u00e1bb\u00e1 a hat\u00e1rozatban Magyarorsz\u00e1g migr\u00e1ci\u00f3s helyzetben bet\u00f6lt\u00f6tt speci\u00e1lis helyzet\u00e9t sem vett\u00e9k figyelembe &#8211; f\u0171zte hozz\u00e1.<br \/>\n    A miniszter megjegyezte, Magyarorsz\u00e1g keresete ir\u00e1nt \u00f3ri\u00e1si az \u00e9rdekl\u0151d\u00e9s az uni\u00f3ban, hiszen jelenleg minden tag\u00e1llam kiv\u00e1r a k\u00f6telez\u0151 kv\u00f3t\u00e1k \u00fcgy\u00e9ben.<br \/>\n    K\u00e9rd\u00e9sekre v\u00e1laszolva elmondta, b\u00edznak abban, hogy az \u00faj lengyel korm\u00e1ny beavatkozik majd Magyarorsz\u00e1g mellett a perben, de szerinte \u00e9rdekl\u0151d\u00e9st mutathat m\u00e9g Csehorsz\u00e1g, Rom\u00e1nia, Horv\u00e1torsz\u00e1g, Szlov\u00e9nia, valamint Finnorsz\u00e1g is.(MTI)<\/p>\n","protected":false},"excerpt":{"rendered":"<p>Magyarorsz\u00e1g t\u00edz \u00e9rvre hivatkozva k\u00e9ri a betelep\u00edt\u00e9si kv\u00f3t\u00e1k megsz\u00fcntet\u00e9s\u00e9t &#8211; k\u00f6z\u00f6lte Tr\u00f3cs\u00e1nyi L\u00e1szl\u00f3 igazs\u00e1g\u00fcgyi miniszter p\u00e9nteken, Budapesten tartott sajt\u00f3t\u00e1j\u00e9koztat\u00f3j\u00e1n.<\/p>\n","protected":false},"author":1,"featured_media":0,"comment_status":"open","ping_status":"closed","sticky":false,"template":"","format":"standard","meta":[],"categories":[4],"tags":[],"_links":{"self":[{"href":"https:\/\/gazdasagportal.hu\/index.php\/wp-json\/wp\/v2\/posts\/71512"}],"collection":[{"href":"https:\/\/gazdasagportal.hu\/index.php\/wp-json\/wp\/v2\/posts"}],"about":[{"href":"https:\/\/gazdasagportal.hu\/index.php\/wp-json\/wp\/v2\/types\/post"}],"author":[{"embeddable":true,"href":"https:\/\/gazdasagportal.hu\/index.php\/wp-json\/wp\/v2\/users\/1"}],"replies":[{"embeddable":true,"href":"https:\/\/gazdasagportal.hu\/index.php\/wp-json\/wp\/v2\/comments?post=71512"}],"version-history":[{"count":1,"href":"https:\/\/gazdasagportal.hu\/index.php\/wp-json\/wp\/v2\/posts\/71512\/revisions"}],"predecessor-version":[{"id":71513,"href":"https:\/\/gazdasagportal.hu\/index.php\/wp-json\/wp\/v2\/posts\/71512\/revisions\/71513"}],"wp:attachment":[{"href":"https:\/\/gazdasagportal.hu\/index.php\/wp-json\/wp\/v2\/media?parent=71512"}],"wp:term":[{"taxonomy":"category","embeddable":true,"href":"https:\/\/gazdasagportal.hu\/index.php\/wp-json\/wp\/v2\/categories?post=71512"},{"taxonomy":"post_tag","embeddable":true,"href":"https:\/\/gazdasagportal.hu\/index.php\/wp-json\/wp\/v2\/tags?post=71512"}],"curies":[{"name":"wp","href":"https:\/\/api.w.org\/{rel}","templated":true}]}}