{"id":71510,"date":"2015-12-04T11:37:57","date_gmt":"2015-12-04T10:37:57","guid":{"rendered":"http:\/\/gazdasagportal.hu\/?p=71510"},"modified":"2015-12-04T11:37:57","modified_gmt":"2015-12-04T10:37:57","slug":"nav-december-21-ig-lehet-bejelentkezni-az-evaba","status":"publish","type":"post","link":"https:\/\/gazdasagportal.hu\/index.php\/nav-december-21-ig-lehet-bejelentkezni-az-evaba\/","title":{"rendered":"NAV: december 21-ig lehet bejelentkezni az ev\u00e1ba"},"content":{"rendered":"<p><strong>Az \u00fajonnan bejelentkez\u0151 ad\u00f3z\u00f3k 2015. december 1-je \u00e9s december 21-e k\u00f6z\u00f6tt v\u00e1laszthatj\u00e1k 2016-ra az egyszer\u0171s\u00edtett v\u00e1llalkoz\u00f3i ad\u00f3t (eva) &#8211; k\u00f6z\u00f6lte a Nemzeti Ad\u00f3- \u00e9s V\u00e1mhivatal (NAV) p\u00e9nteken az MTI-vel.<\/strong><!--more--><\/p>\n<div class=\"ads-in-post1\"><div id=\"gazdasagportal.hu_fullbanner_wideboard\"><\/div>\r\n<\/div>\n<p>Kifejtik, hogy az ev\u00e1r\u00f3l sz\u00f3l\u00f3 t\u00f6rv\u00e9ny hat\u00e1lya al\u00e1 bejelentkezni, illetve az al\u00f3l kijelentkezni az egy\u00e9ni v\u00e1llalkoz\u00f3k a 15T103-as, a t\u00e1rsas v\u00e1llalkoz\u00f3k pedig a 15T203 sz\u00e1m\u00fa adatbejelent\u0151 lapon tudnak a NAV ad\u00f3igazgat\u00f3s\u00e1gain. Az adatlapok m\u00e1r december 1. \u00f3ta let\u00f6lthet\u0151k a NAV honlapj\u00e1r\u00f3l (<strong><a title=\"Hely megnyit\u00e1sa\" href=\"http:\/\/www.nav.gov.hu\" target=\"_blank\" rel=\"noopener\">http:\/\/www.nav.gov.hu<\/a><\/strong>), illetve pap\u00edr alapon is hozz\u00e1f\u00e9rhet\u0151k a NAV \u00fcgyf\u00e9lszolg\u00e1latain. \u00a0\u00a0\u00a0\u00a0Az eva szerinti ad\u00f3z\u00e1st t\u00f6bbek k\u00f6z\u00f6tt a t\u00f6rv\u00e9nyi felt\u00e9teleknek megfelel\u0151 egy\u00e9ni v\u00e1llalkoz\u00f3k, egy\u00e9ni c\u00e9gek, bet\u00e9ti t\u00e1rsas\u00e1gok, korl\u00e1tolt felel\u0151ss\u00e9g\u0171 t\u00e1rsas\u00e1gok, \u00fcgyv\u00e9di irod\u00e1k \u00e9s k\u00f6zkereseti t\u00e1rsas\u00e1gok v\u00e1laszthatj\u00e1k legk\u00e9s\u0151bb 2015. december 21-ig. A bejelentkez\u00e9s ugyanezen id\u0151pontig \u00edr\u00e1sban visszavonhat\u00f3 &#8211; olvashat\u00f3 a k\u00f6zlem\u00e9nyben. \u00a0\u00a0\u00a0\u00a0A NAV kiemeli, hogy azoknak, akik 2015-ben az eva szerint teljes\u00edtett\u00e9k ad\u00f3k\u00f6telezetts\u00e9g\u00fcket, \u00e9s 2016-ban is fenn akarj\u00e1k tartani ezt az ad\u00f3z\u00e1si m\u00f3dot, nem kell \u00fajra bejelentkezni\u00fck. \u00a0\u00a0\u00a0\u00a0Ugyancsak 2015. december 21-\u00e9ig, \u00e9s szint\u00e9n a 15T103, illetve a 15T203 sz\u00e1m\u00fa adatbejelent\u0151 lapon lehet kijelentkezni az eva t\u00f6rv\u00e9ny hat\u00e1lya al\u00f3l. Az ad\u00f3z\u00f3 k\u00f6teles kijelentkezni, ha 2015. december 21-\u00e9n nem felel meg az eva v\u00e1laszt\u00e1s\u00e1ra jogos\u00edt\u00f3 felt\u00e9teleknek, p\u00e9ld\u00e1ul, ha ebben az id\u0151pontban ad\u00f3tartoz\u00e1sa van.\u00a0\u00a0 \u00a0\u00a0\u00a0\u00a0Az egy\u00e9ni v\u00e1llalkoz\u00f3k szint\u00e9n december 21-\u00e9ig &#8211; a 16JNY sz\u00e1m\u00fa nyomtatv\u00e1nyon &#8211; nyilatkozhatnak arr\u00f3l is, hogy a magasabb \u00f6sszeg\u0171 ell\u00e1t\u00e1s \u00e9rdek\u00e9ben a j\u00e1rul\u00e9kokat az \u00e1ltal\u00e1nosn\u00e1l magasabb &#8211; a minim\u00e1lb\u00e9r m\u00e1sf\u00e9lszeres\u00e9t meghalad\u00f3 &#8211; alap ut\u00e1n fizetik meg.(MTI)<\/p>\n<p>&nbsp;<\/p><div id=\"gazda-2231976036\" class=\"gazda-tartalomban gazda-entity-placement\"><script async src=\"https:\/\/pagead2.googlesyndication.com\/pagead\/js\/adsbygoogle.js\"><\/script>\r\n<ins class=\"adsbygoogle\"\r\n     style=\"display:block\"\r\n     data-ad-format=\"fluid\"\r\n     data-ad-layout-key=\"-6t+ed+2i-1n-4w\"\r\n     data-ad-client=\"ca-pub-1959107119989764\"\r\n     data-ad-slot=\"4008251320\"><\/ins>\r\n<script>\r\n     (adsbygoogle = window.adsbygoogle || []).push({});\r\n<\/script><\/div>\n","protected":false},"excerpt":{"rendered":"<p>Az \u00fajonnan bejelentkez\u0151 ad\u00f3z\u00f3k 2015. december 1-je \u00e9s december 21-e k\u00f6z\u00f6tt v\u00e1laszthatj\u00e1k 2016-ra az egyszer\u0171s\u00edtett v\u00e1llalkoz\u00f3i ad\u00f3t (eva) &#8211; k\u00f6z\u00f6lte a Nemzeti Ad\u00f3- \u00e9s V\u00e1mhivatal (NAV) p\u00e9nteken az MTI-vel.<\/p>\n","protected":false},"author":1,"featured_media":0,"comment_status":"open","ping_status":"closed","sticky":false,"template":"","format":"standard","meta":[],"categories":[20],"tags":[],"_links":{"self":[{"href":"https:\/\/gazdasagportal.hu\/index.php\/wp-json\/wp\/v2\/posts\/71510"}],"collection":[{"href":"https:\/\/gazdasagportal.hu\/index.php\/wp-json\/wp\/v2\/posts"}],"about":[{"href":"https:\/\/gazdasagportal.hu\/index.php\/wp-json\/wp\/v2\/types\/post"}],"author":[{"embeddable":true,"href":"https:\/\/gazdasagportal.hu\/index.php\/wp-json\/wp\/v2\/users\/1"}],"replies":[{"embeddable":true,"href":"https:\/\/gazdasagportal.hu\/index.php\/wp-json\/wp\/v2\/comments?post=71510"}],"version-history":[{"count":1,"href":"https:\/\/gazdasagportal.hu\/index.php\/wp-json\/wp\/v2\/posts\/71510\/revisions"}],"predecessor-version":[{"id":71511,"href":"https:\/\/gazdasagportal.hu\/index.php\/wp-json\/wp\/v2\/posts\/71510\/revisions\/71511"}],"wp:attachment":[{"href":"https:\/\/gazdasagportal.hu\/index.php\/wp-json\/wp\/v2\/media?parent=71510"}],"wp:term":[{"taxonomy":"category","embeddable":true,"href":"https:\/\/gazdasagportal.hu\/index.php\/wp-json\/wp\/v2\/categories?post=71510"},{"taxonomy":"post_tag","embeddable":true,"href":"https:\/\/gazdasagportal.hu\/index.php\/wp-json\/wp\/v2\/tags?post=71510"}],"curies":[{"name":"wp","href":"https:\/\/api.w.org\/{rel}","templated":true}]}}