{"id":71493,"date":"2015-12-04T08:19:46","date_gmt":"2015-12-04T07:19:46","guid":{"rendered":"http:\/\/gazdasagportal.hu\/?p=71493"},"modified":"2015-12-04T09:28:46","modified_gmt":"2015-12-04T08:28:46","slug":"orban-elfogadhatatlan-lenne-a-magyarok-kilokese-schengenbol","status":"publish","type":"post","link":"https:\/\/gazdasagportal.hu\/index.php\/orban-elfogadhatatlan-lenne-a-magyarok-kilokese-schengenbol\/","title":{"rendered":"Orb\u00e1n: elfogadhatatlan lenne a magyarok kil\u00f6k\u00e9se Schengenb\u0151l"},"content":{"rendered":"<p><strong>Elfogadhatatlannak tart a minisztereln\u00f6k minden olyan szervez\u0151d\u00e9st, amely &#8222;kil\u00f6kn\u00e9&#8221; a magyarokat a szabad eur\u00f3pai mozg\u00e1s lehet\u0151s\u00e9g\u00e9b\u0151l.<\/strong><!--more--><\/p>\n<div class=\"ads-in-post1\"><div id=\"gazdasagportal.hu_fullbanner_wideboard\"><\/div>\r\n<\/div>\n<p>    Orb\u00e1n Viktor p\u00e9nteken a Kossuth R\u00e1di\u00f3 180 perc c\u00edm\u0171 m\u0171sor\u00e1ban azt mondta: n\u00e9h\u00e1ny eur\u00f3pai uni\u00f3s orsz\u00e1g &#8211; legink\u00e1bb az alap\u00edt\u00f3k &#8211; le akarja v\u00e1lasztani mag\u00e1r\u00f3l a k\u00f6z\u00e9p-eur\u00f3pai orsz\u00e1gokat, amerr\u0151l a migr\u00e1nsok \u00e9rkeztek az EU-ba. &#8222;\u00dagy akarnak v\u00e9dekezni &#8211; szerintem egy\u00e9bk\u00e9nt a saj\u00e1t rossz migr\u00e1nspolitik\u00e1jukkal szemben -, hogy vissza\u00e1ll\u00edtj\u00e1k a hat\u00e1r\u0151rizetet olyan orsz\u00e1gok k\u00f6z\u00f6tt, amelyek nem Eur\u00f3pa k\u00fcls\u0151 hat\u00e1r\u00e1t jelentik&#8221; &#8211; fogalmazott.<br \/>\n    &#8222;Teljesen elfogadhatatlan magyar szempontb\u00f3l b\u00e1rmilyen szervez\u0151d\u00e9s, amely ki akarn\u00e1 l\u00f6kni a magyarokat a szabad mozg\u00e1s lehet\u0151s\u00e9g\u00e9b\u0151l, hiszen mi voltunk az egyetlenek a schengeni tag\u00e1llamok k\u00f6z\u00fcl, akik val\u00f3ban megv\u00e9dt\u00e9k Schengen, teh\u00e1t a szabad mozg\u00e1s \u00f6vezet\u00e9nek k\u00fcls\u0151 hat\u00e1r\u00e1t&#8221; &#8211; hangs\u00falyozta.<br \/>\n    Eml\u00e9keztetett: a visegr\u00e1di egy\u00fcttm\u0171k\u00f6d\u00e9s tag\u00e1llamai &#8211; Magyarorsz\u00e1g mellett Csehorsz\u00e1g, Lengyelorsz\u00e1g \u00e9s Szlov\u00e1kia &#8211; cs\u00fct\u00f6rt\u00f6k\u00f6n Pr\u00e1g\u00e1ban meg\u00e1llapodtak, hogy szervezetten l\u00e9pnek fel saj\u00e1t mozg\u00e1si szabads\u00e1guk megv\u00e9d\u00e9se \u00e9rdek\u00e9ben, \u00e9s ez\u00e9rt megalap\u00edtott\u00e1k a Schengen bar\u00e1tai nev\u0171 k\u00f6rt. A t\u00f6bbi uni\u00f3s tag\u00e1llamot pedig arra sz\u00f3l\u00edtj\u00e1k fel, hogy csatlakozzanak hozz\u00e1.<br \/>\n    Azzal kapcsolatban, hogy Magyarorsz\u00e1g az Eur\u00f3pai B\u00edr\u00f3s\u00e1ghoz fordult a migr\u00e1nsok k\u00f6telez\u0151 kv\u00f3t\u00e1k szerinti eloszt\u00e1sa miatt, a minisztereln\u00f6k jelezte: e l\u00e9p\u00e9s nem szimbolikus, hanem \u00e9rdemi, &#8222;hat\u00e1lyon k\u00edv\u00fcl akarjuk helyeztetni&#8221; a b\u00edr\u00f3s\u00e1ggal a kv\u00f3t\u00e1kr\u00f3l sz\u00f3l\u00f3 d\u00f6nt\u00e9st, amely Magyarorsz\u00e1g szerint ellent\u00e9tes az EU-s jogszab\u00e1lyokkal.<br \/>\n    &#8222;Nem mondhatj\u00e1k meg nek\u00fcnk Br\u00fcsszelben, hogy kikkel \u00e9lj\u00fcnk egy\u00fctt&#8221;, senkinek nem lehet hatalma Br\u00fcsszelben arra, hogy ide telep\u00edtsen olyan embereket, &#8222;akikkel mi nem akarunk egy\u00fctt \u00e9lni&#8221; &#8211; k\u00f6z\u00f6lte a korm\u00e1nyf\u0151.<br \/>\n    A betelep\u00edt\u00e9si kv\u00f3ta kock\u00e1zatair\u00f3l ind\u00edtott korm\u00e1nyzati t\u00e1j\u00e9koztat\u00f3 kamp\u00e1nyt azzal magyar\u00e1zta, hogy a kabinetnek meg kell pr\u00f3b\u00e1lnia \u00f6sszerendezni a fontos inform\u00e1ci\u00f3kat \u00e9s t\u00e1j\u00e9koztatnia kell az embereket.<br \/>\n    Szerinte a vil\u00e1g politikai szerepl\u0151inek azon kell dolgozniuk, hogy akik elmenek\u00fcltek otthonr\u00f3l, visszat\u00e9rhessenek oda. Ez\u00e9rt rendezni kell a sz\u00edriai helyzetet, majd mindenkit, aki onnan j\u00f6tt, vissza kell vinni oda, \u00e9s meg kell kezdeni\u00fck annak a vil\u00e1gnak az \u00fajj\u00e1\u00e9p\u00edt\u00e9s\u00e9t.<br \/>\n    A m\u00falt heti EU-T\u00f6r\u00f6korsz\u00e1g-cs\u00facstal\u00e1lkoz\u00f3t \u00e9rt\u00e9kelve Orb\u00e1n Viktor azt mondta: az eur\u00f3pai nagyhatalmak az\u00e9rt akartak meg\u00e1llapodni Ankar\u00e1val, mert a t\u00f6r\u00f6k\u00f6ket akarj\u00e1k r\u00e1venni arra, hogy v\u00e9dj\u00e9k meg az \u00e9rdekeiket \u00e9s Eur\u00f3p\u00e1t.<br \/>\n    Magyarorsz\u00e1g szerint ez hib\u00e1s logika. Magyarorsz\u00e1g t\u00e1mogatja a meg\u00e1llapod\u00e1st T\u00f6r\u00f6korsz\u00e1ggal, de annak az az el\u0151felt\u00e9tele, hogy Eur\u00f3pa saj\u00e1t erej\u00e9b\u0151l is k\u00e9pes legyen megv\u00e9deni a hat\u00e1rait, &#8222;nem koldulhatunk biztons\u00e1got&#8221; &#8211; fejtette ki. Megjegyezte ugyanakkor, nem l\u00e1tta volna b\u00f6lcs dolognak, ha Magyarorsz\u00e1g megv\u00e9t\u00f3zza az EU-T\u00f6r\u00f6korsz\u00e1g-meg\u00e1llapod\u00e1st az eur\u00f3pai nagyhatalmakkal szemben.<br \/>\n    Olyan uni\u00f3s-t\u00f6r\u00f6k meg\u00e1llapod\u00e1s azonban nem j\u00f6het l\u00e9tre &#8211; folytatta -, amely alapj\u00e1n T\u00f6r\u00f6korsz\u00e1gb\u00f3l sz\u00e1zezersz\u00e1m sz\u00e1ll\u00edtan\u00e1nak be Eur\u00f3p\u00e1ba \u00fajabb migr\u00e1nsokat, majd \u0151ket k\u00f6telez\u0151 er\u0151vel sz\u00e9tosztan\u00e1k az EU tag\u00e1llamai k\u00f6z\u00f6tt. &#8222;Volt ilyen gondolat, ezt a gondolatot meg kellett f\u00e9kezni, ez szerintem leker\u00fclt a napirendr\u0151l, de a k\u00eds\u00e9rletek \u00fajra \u00e9s \u00fajra fellobbannak&#8221; &#8211; mondta, megjegyezve, hogy most is van olyan eur\u00f3pai tan\u00e1cskoz\u00e1s, amelyen ezt a k\u00e9rd\u00e9st pr\u00f3b\u00e1lj\u00e1k &#8222;\u00fajrarendezni&#8221;.<br \/>\n    A minisztereln\u00f6k szavai szerint az &#8222;egy \u0151r\u00fclt gondolat&#8221;, hogy az eur\u00f3pai \u00e9let akkor lesz &#8222;boldog, f\u00e9nyes, k\u00edv\u00e1natos&#8221;, ha milli\u00f3sz\u00e1m engednek be migr\u00e1nsokat.<br \/>\n    Azt, hogy az Eur\u00f3pai Bizotts\u00e1g nyilv\u00e1ntart\u00e1sba vett egy Magyarorsz\u00e1ggal szembeni polg\u00e1ri kezdem\u00e9nyez\u00e9st, a korm\u00e1nyf\u0151 bossz\u00fanak min\u0151s\u00edtette. Szerinte arr\u00f3l van sz\u00f3, hogy a &#8222;n\u00e9pv\u00e1ndorl\u00e1s&#8221; kezel\u00e9s\u00e9nek magyar \u00e9s k\u00f6z\u00e9p-eur\u00f3pai m\u00f3dszere sikeres, \u00e9s a nyugati orsz\u00e1gokban \u00e9l\u0151k is ink\u00e1bb ezt t\u00e1mogatj\u00e1k. &#8222;\u00c9s vannak Eur\u00f3p\u00e1ban vezet\u0151k, \u00fczleti k\u00f6r\u00f6k, emberi jogi aktivist\u00e1k, akik d\u00fch\u00f6sek a magyarokra, hogy &#8211; szemben az \u0151 ideol\u00f3gi\u00e1jukkal &#8211; bebizony\u00edtott\u00e1k: igenis lehets\u00e9ges demokratikus m\u00f3don, az eur\u00f3pai emberek akarat\u00e1val egyez\u0151 m\u00f3don megv\u00e9deni ezt a kontinenst&#8221; &#8211; mondta. Hozz\u00e1tette ugyanakkor, hogy Magyarorsz\u00e1g ki fogja v\u00e9deni ezt a bossz\u00fat.<br \/>\n    Azt is mondta, hogy &#8222;Soros Gy\u00f6rgy\u00e9k, az \u00e1ltaluk fenntartott alap\u00edtv\u00e1nyok \u00e9s azok aktivist\u00e1i, az eurob\u00fcrokrat\u00e1k tekint\u00e9lyes r\u00e9sze Br\u00fcsszelben&#8221;, balliber\u00e1lis eur\u00f3pai vezet\u0151k azt gondolj\u00e1k, a nemzetek rossz dolgok. Magyarorsz\u00e1g szerint viszont &#8222;nemzetek n\u00e9lk\u00fcl nincs Eur\u00f3pa&#8221;.<br \/>\n    Orb\u00e1n Viktor arra is felh\u00edvta a figyelmet, hogy &#8222;ny\u00edlik az oll\u00f3&#8221; az eur\u00f3pai emberek \u00e9s a vezet\u0151k akarata k\u00f6z\u00f6tt, ami egy demokr\u00e1ciaprobl\u00e9ma. &#8222;Nem lehet szembemenni az emberekkel&#8221; &#8211; hangs\u00falyozta, a liber\u00e1lis helyett pedig egy &#8222;ism\u00e9t demokratikus korszakot&#8221; s\u00fcrgetett Eur\u00f3p\u00e1ban.<br \/>\n    A r\u00e1di\u00f3interj\u00faban sz\u00f3ba ker\u00fcltek a transzatlanti szabadkereskedelmi meg\u00e1llapod\u00e1sr\u00f3l folytatott t\u00e1rgyal\u00e1sok is, amelyekr\u0151l a minisztereln\u00f6k megjegyezte: id\u0151k\u00f6zben az Egyes\u00fclt \u00c1llamok szabadkereskedelmi meg\u00e1llapod\u00e1sokat k\u00f6t\u00f6tt \u00c1zsia tekint\u00e9lyes t\u00e9rs\u00e9geivel, \u00e9s ezek \u00e9rinteni fogj\u00e1k a Magyarorsz\u00e1gon termel\u0151 c\u00e9gek nemzetk\u00f6zi versenyk\u00e9pess\u00e9g\u00e9t is. Most szerinte ezeket az amerikai-\u00e1zsiai meg\u00e1llapod\u00e1sokat kell elemezni.<br \/>\n    V\u00e9g\u00fcl az oktat\u00e1sra kit\u00e9rve a korm\u00e1nyf\u0151 arr\u00f3l besz\u00e9lt, hogy a munkaalap\u00fa gazdas\u00e1gnak a h\u00edve, ahogyan annak is, hogy \u00f6ssze kell kapcsolni az oktat\u00e1st a gazdas\u00e1ggal. A j\u00f3 min\u0151s\u00e9g\u0171, \u00e9letszer\u0171 oktat\u00e1s er\u0151s\u00edti az orsz\u00e1g gazdas\u00e1gi teljes\u00edtm\u00e9ny\u00e9t &#8211; hangs\u00falyozta.(MTI)<\/p>\n","protected":false},"excerpt":{"rendered":"<p>Elfogadhatatlannak tart a minisztereln\u00f6k minden olyan szervez\u0151d\u00e9st, amely &#8222;kil\u00f6kn\u00e9&#8221; a magyarokat a szabad eur\u00f3pai mozg\u00e1s lehet\u0151s\u00e9g\u00e9b\u0151l.<\/p>\n","protected":false},"author":1,"featured_media":0,"comment_status":"open","ping_status":"closed","sticky":false,"template":"","format":"standard","meta":[],"categories":[19,254],"tags":[],"_links":{"self":[{"href":"https:\/\/gazdasagportal.hu\/index.php\/wp-json\/wp\/v2\/posts\/71493"}],"collection":[{"href":"https:\/\/gazdasagportal.hu\/index.php\/wp-json\/wp\/v2\/posts"}],"about":[{"href":"https:\/\/gazdasagportal.hu\/index.php\/wp-json\/wp\/v2\/types\/post"}],"author":[{"embeddable":true,"href":"https:\/\/gazdasagportal.hu\/index.php\/wp-json\/wp\/v2\/users\/1"}],"replies":[{"embeddable":true,"href":"https:\/\/gazdasagportal.hu\/index.php\/wp-json\/wp\/v2\/comments?post=71493"}],"version-history":[{"count":2,"href":"https:\/\/gazdasagportal.hu\/index.php\/wp-json\/wp\/v2\/posts\/71493\/revisions"}],"predecessor-version":[{"id":71503,"href":"https:\/\/gazdasagportal.hu\/index.php\/wp-json\/wp\/v2\/posts\/71493\/revisions\/71503"}],"wp:attachment":[{"href":"https:\/\/gazdasagportal.hu\/index.php\/wp-json\/wp\/v2\/media?parent=71493"}],"wp:term":[{"taxonomy":"category","embeddable":true,"href":"https:\/\/gazdasagportal.hu\/index.php\/wp-json\/wp\/v2\/categories?post=71493"},{"taxonomy":"post_tag","embeddable":true,"href":"https:\/\/gazdasagportal.hu\/index.php\/wp-json\/wp\/v2\/tags?post=71493"}],"curies":[{"name":"wp","href":"https:\/\/api.w.org\/{rel}","templated":true}]}}