{"id":71475,"date":"2015-12-04T06:06:44","date_gmt":"2015-12-04T05:06:44","guid":{"rendered":"http:\/\/gazdasagportal.hu\/?p=71475"},"modified":"2015-12-03T23:28:03","modified_gmt":"2015-12-03T22:28:03","slug":"pluszjuttatasban-reszesulnek-a-hatarvedelmi-feladatokban-kozremukodo-katonak","status":"publish","type":"post","link":"https:\/\/gazdasagportal.hu\/index.php\/pluszjuttatasban-reszesulnek-a-hatarvedelmi-feladatokban-kozremukodo-katonak\/","title":{"rendered":"Pluszjuttat\u00e1sban r\u00e9szes\u00fclnek a hat\u00e1rv\u00e9delmi feladatokban k\u00f6zrem\u0171k\u00f6d\u0151 katon\u00e1k"},"content":{"rendered":"<p><strong>Pluszjuttat\u00e1sban r\u00e9szes\u00fclnek az illeg\u00e1lis bev\u00e1ndorl\u00e1ssal \u00f6sszef\u00fcgg\u00e9sben a hat\u00e1rv\u00e9delmi feladatokban, a biztons\u00e1gi hat\u00e1rz\u00e1r \u00e9p\u00edt\u00e9s\u00e9ben k\u00f6zrem\u0171k\u00f6d\u0151 katon\u00e1k. Az err\u0151l sz\u00f3l\u00f3 miniszteri rendelet a Magyar K\u00f6zl\u00f6ny cs\u00fct\u00f6rt\u00f6ki sz\u00e1m\u00e1ban jelent meg.<\/strong><!--more--><\/p>\n<div class=\"ads-in-post1\"><div id=\"gazdasagportal.hu_fullbanner_wideboard\"><\/div>\r\n<\/div>\n<p>    A honv\u00e9dek illetm\u00e9ny\u00e9r\u0151l \u00e9s illetm\u00e9nyjelleg\u0171 juttat\u00e1sair\u00f3l sz\u00f3l\u00f3 rendelet kieg\u00e9sz\u00edt\u00e9s\u00e9vel a Hat\u00e1rozott Fell\u00e9p\u00e9s 2015 (HF-15) elnevez\u00e9s\u0171 gyakorlat keret\u00e9ben az ideiglenes biztons\u00e1gi hat\u00e1rz\u00e1r \u00e9p\u00edt\u00e9s\u00e9ben r\u00e9szt vev\u0151k sz\u00e1m\u00e1ra &#8222;a gyakorlaton v\u00e9gzett tev\u00e9kenys\u00e9g\u00e9rt j\u00e1r\u00f3 fokozott ig\u00e9nybev\u00e9teli p\u00f3tl\u00e9k \u00e9s az \u00e1llom\u00e1ny tagj\u00e1ra ir\u00e1nyad\u00f3 szolg\u00e1latteljes\u00edt\u00e9si id\u0151n k\u00edv\u00fclre elrendelt \u00e9s teljes\u00edtett t\u00falszolg\u00e1lat ut\u00e1n j\u00e1r\u00f3 t\u00falszolg\u00e1lati ellent\u00e9telez\u00e9s azonos id\u0151szakra egy\u00fcttesen is meg\u00e1llap\u00edthat\u00f3&#8221;.<br \/>\n    A visszamen\u0151legesen esed\u00e9kess\u00e9 v\u00e1l\u00f3 juttat\u00e1sokat a jogosultak r\u00e9sz\u00e9re 60 napon bel\u00fcl, egy \u00f6sszegben kell kifizetni &#8211; olvashat\u00f3 a rendeletben.(MTI)<\/p>\n","protected":false},"excerpt":{"rendered":"<p>Pluszjuttat\u00e1sban r\u00e9szes\u00fclnek az illeg\u00e1lis bev\u00e1ndorl\u00e1ssal \u00f6sszef\u00fcgg\u00e9sben a hat\u00e1rv\u00e9delmi feladatokban, a biztons\u00e1gi hat\u00e1rz\u00e1r \u00e9p\u00edt\u00e9s\u00e9ben k\u00f6zrem\u0171k\u00f6d\u0151 katon\u00e1k. Az err\u0151l sz\u00f3l\u00f3 miniszteri rendelet a Magyar K\u00f6zl\u00f6ny cs\u00fct\u00f6rt\u00f6ki sz\u00e1m\u00e1ban jelent meg.<\/p>\n","protected":false},"author":1,"featured_media":0,"comment_status":"open","ping_status":"closed","sticky":false,"template":"","format":"standard","meta":[],"categories":[4],"tags":[],"_links":{"self":[{"href":"https:\/\/gazdasagportal.hu\/index.php\/wp-json\/wp\/v2\/posts\/71475"}],"collection":[{"href":"https:\/\/gazdasagportal.hu\/index.php\/wp-json\/wp\/v2\/posts"}],"about":[{"href":"https:\/\/gazdasagportal.hu\/index.php\/wp-json\/wp\/v2\/types\/post"}],"author":[{"embeddable":true,"href":"https:\/\/gazdasagportal.hu\/index.php\/wp-json\/wp\/v2\/users\/1"}],"replies":[{"embeddable":true,"href":"https:\/\/gazdasagportal.hu\/index.php\/wp-json\/wp\/v2\/comments?post=71475"}],"version-history":[{"count":1,"href":"https:\/\/gazdasagportal.hu\/index.php\/wp-json\/wp\/v2\/posts\/71475\/revisions"}],"predecessor-version":[{"id":71476,"href":"https:\/\/gazdasagportal.hu\/index.php\/wp-json\/wp\/v2\/posts\/71475\/revisions\/71476"}],"wp:attachment":[{"href":"https:\/\/gazdasagportal.hu\/index.php\/wp-json\/wp\/v2\/media?parent=71475"}],"wp:term":[{"taxonomy":"category","embeddable":true,"href":"https:\/\/gazdasagportal.hu\/index.php\/wp-json\/wp\/v2\/categories?post=71475"},{"taxonomy":"post_tag","embeddable":true,"href":"https:\/\/gazdasagportal.hu\/index.php\/wp-json\/wp\/v2\/tags?post=71475"}],"curies":[{"name":"wp","href":"https:\/\/api.w.org\/{rel}","templated":true}]}}