{"id":71456,"date":"2015-12-03T18:02:30","date_gmt":"2015-12-03T17:02:30","guid":{"rendered":"http:\/\/gazdasagportal.hu\/?p=71456"},"modified":"2015-12-03T17:33:23","modified_gmt":"2015-12-03T16:33:23","slug":"ebesz-targyaloasztalhoz-ult-a-torok-es-az-orosz-kulugyminiszter","status":"publish","type":"post","link":"https:\/\/gazdasagportal.hu\/index.php\/ebesz-targyaloasztalhoz-ult-a-torok-es-az-orosz-kulugyminiszter\/","title":{"rendered":"EBESZ &#8211; T\u00e1rgyal\u00f3asztalhoz \u00fclt a t\u00f6r\u00f6k \u00e9s az orosz k\u00fcl\u00fcgyminiszter"},"content":{"rendered":"<p><strong>T\u00e1rgyal\u00f3asztalhoz \u00fclt cs\u00fct\u00f6rt\u00f6k\u00f6n Belgr\u00e1dban Szergej Lavrov orosz \u00e9s Mevl\u00fct Cavusoglu t\u00f6r\u00f6k k\u00fcl\u00fcgyminiszter.<\/strong><!--more--><\/p>\n<div class=\"ads-in-post1\"><div id=\"gazdasagportal.hu_fullbanner_wideboard\"><\/div>\r\n<\/div>\n<p>    A k\u00e9t politikus az Eur\u00f3pai Biztons\u00e1gi \u00e9s Egy\u00fcttm\u0171k\u00f6d\u00e9si Szervezet (EBESZ) Miniszteri Tan\u00e1cs\u00e1nak k\u00e9tnapos konferenci\u00e1ja ment\u00e9n tartott k\u00e9toldal\u00fa megbesz\u00e9l\u00e9st.<br \/>\n    Ez volt az els\u0151 hivatalos tal\u00e1lkoz\u00f3 azt k\u00f6vet\u0151en, hogy a t\u00f6r\u00f6k l\u00e9gier\u0151 november 24-\u00e9n lel\u0151tt egy orosz vad\u00e1szbomb\u00e1z\u00f3t a sz\u00edriai-t\u00f6r\u00f6k hat\u00e1r t\u00e9rs\u00e9g\u00e9ben. Az ut\u00f3bbi \u00f6tven \u00e9vben ez volt az els\u0151 alkalom, hogy egy NATO-tag orsz\u00e1g orosz g\u00e9pet l\u0151tt le, ami Moszkva \u00e9les b\u00edr\u00e1lat\u00e1t v\u00e1ltotta ki.<br \/>\n    Szergej Lavrov a tal\u00e1lkoz\u00f3 el\u0151tt kijelentette: Moszkva k\u00edv\u00e1ncsi a t\u00f6r\u00f6k \u00e1ll\u00e1spontra, \u00e9s sajn\u00e1latosnak tartan\u00e1, ha a t\u00f6r\u00f6k f\u00e9l semmi \u00fajat nem mondana, hiszen Ankara kezdem\u00e9nyezte a tal\u00e1lkoz\u00f3t.<br \/>\n    A megbesz\u00e9l\u00e9st k\u00f6vet\u0151en egyik f\u00e9l sem k\u00f6z\u00f6lt r\u00e9szleteket, a konferenci\u00e1n tartott besz\u00e9d\u00e9ben &#8211; amelyre a tal\u00e1lkoz\u00f3 ut\u00e1n ker\u00fclt sor &#8211; viszont a t\u00f6r\u00f6k k\u00fcl\u00fcgyminiszter azt mondta: a vad\u00e1szg\u00e9p lel\u00f6v\u00e9s\u00e9t nem szabad \u00f6sszemosni a terrorizmus elleni harccal, illetve nem szabad politikai c\u00e9lokra haszn\u00e1lni.<br \/>\n    Orosz \u00e9s t\u00f6r\u00f6k \u00fajs\u00e1g\u00edr\u00f3k szerint a k\u00e9toldal\u00fa tal\u00e1lkoz\u00f3n feltehet\u0151en az hangzott el, amit Ahmet Davutoglu t\u00f6r\u00f6k korm\u00e1nyf\u0151 mondott cs\u00fct\u00f6rt\u00f6k\u00f6n Bakuban, azaz hogy Ankara k\u00e9sz megosztani adatait Moszkv\u00e1val a lel\u0151tt orosz vad\u00e1szbomb\u00e1z\u00f3 \u00fcgy\u00e9ben. Davutoglu \u00fagy fogalmazott: &#8222;T\u00f6r\u00f6korsz\u00e1g b\u00e1rmely t\u00e9m\u00e1t illet\u0151en k\u00e9sz a p\u00e1rbesz\u00e9dre Oroszorsz\u00e1ggal, m\u00e9g akkor is, ha a v\u00e9lem\u00e9nyek elt\u00e9rnek. Nem hissz\u00fck, hogy gazdas\u00e1gi szankci\u00f3kkal politikai k\u00e9rd\u00e9seket lehet megoldani&#8221;. Vlagyimir Putyin orosz eln\u00f6k h\u00e9tf\u0151n elutas\u00edtotta, hogy a p\u00e1rizsi kl\u00edmakonferencia ment\u00e9n t\u00e1rgyal\u00f3asztalhoz \u00fclj\u00f6n t\u00f6r\u00f6k koll\u00e9g\u00e1j\u00e1val, Recep Tayyip Erdogannal.(MTI)<\/p>\n","protected":false},"excerpt":{"rendered":"<p>T\u00e1rgyal\u00f3asztalhoz \u00fclt cs\u00fct\u00f6rt\u00f6k\u00f6n Belgr\u00e1dban Szergej Lavrov orosz \u00e9s Mevl\u00fct Cavusoglu t\u00f6r\u00f6k k\u00fcl\u00fcgyminiszter.<\/p>\n","protected":false},"author":1,"featured_media":0,"comment_status":"open","ping_status":"closed","sticky":false,"template":"","format":"standard","meta":[],"categories":[12],"tags":[],"_links":{"self":[{"href":"https:\/\/gazdasagportal.hu\/index.php\/wp-json\/wp\/v2\/posts\/71456"}],"collection":[{"href":"https:\/\/gazdasagportal.hu\/index.php\/wp-json\/wp\/v2\/posts"}],"about":[{"href":"https:\/\/gazdasagportal.hu\/index.php\/wp-json\/wp\/v2\/types\/post"}],"author":[{"embeddable":true,"href":"https:\/\/gazdasagportal.hu\/index.php\/wp-json\/wp\/v2\/users\/1"}],"replies":[{"embeddable":true,"href":"https:\/\/gazdasagportal.hu\/index.php\/wp-json\/wp\/v2\/comments?post=71456"}],"version-history":[{"count":1,"href":"https:\/\/gazdasagportal.hu\/index.php\/wp-json\/wp\/v2\/posts\/71456\/revisions"}],"predecessor-version":[{"id":71457,"href":"https:\/\/gazdasagportal.hu\/index.php\/wp-json\/wp\/v2\/posts\/71456\/revisions\/71457"}],"wp:attachment":[{"href":"https:\/\/gazdasagportal.hu\/index.php\/wp-json\/wp\/v2\/media?parent=71456"}],"wp:term":[{"taxonomy":"category","embeddable":true,"href":"https:\/\/gazdasagportal.hu\/index.php\/wp-json\/wp\/v2\/categories?post=71456"},{"taxonomy":"post_tag","embeddable":true,"href":"https:\/\/gazdasagportal.hu\/index.php\/wp-json\/wp\/v2\/tags?post=71456"}],"curies":[{"name":"wp","href":"https:\/\/api.w.org\/{rel}","templated":true}]}}