{"id":71454,"date":"2015-12-03T17:24:13","date_gmt":"2015-12-03T16:24:13","guid":{"rendered":"http:\/\/gazdasagportal.hu\/?p=71454"},"modified":"2015-12-03T17:24:13","modified_gmt":"2015-12-03T16:24:13","slug":"iszlam-allam-napokon-belul-elkezdodhet-a-nemet-hadsereg-sziriai-kuldetese","status":"publish","type":"post","link":"https:\/\/gazdasagportal.hu\/index.php\/iszlam-allam-napokon-belul-elkezdodhet-a-nemet-hadsereg-sziriai-kuldetese\/","title":{"rendered":"Iszl\u00e1m \u00c1llam &#8211; Napokon bel\u00fcl elkezd\u0151dhet a n\u00e9met hadsereg sz\u00edriai k\u00fcldet\u00e9se"},"content":{"rendered":"<p><strong>A p\u00e9nteki parlamenti (Bundestag-) szavaz\u00e1s ut\u00e1n napokon bel\u00fcl elkezd\u0151dhet a n\u00e9met hadsereg (Bundeswehr) sz\u00edriai k\u00fcldet\u00e9se, a Charles de Gaulle francia rep\u00fcl\u0151g\u00e9p-hordoz\u00f3 haj\u00f3 v\u00e9delm\u00e9re kijel\u00f6lt fregatt m\u00e1r meg is kezdte a felk\u00e9sz\u00fcl\u00e9st &#8211; mondta a Bundeswehr f\u0151fel\u00fcgyel\u0151je cs\u00fct\u00f6rt\u00f6k\u00f6n Berlinben.<\/strong><!--more--><\/p>\n<div class=\"ads-in-post1\"><div id=\"gazdasagportal.hu_fullbanner_wideboard\"><\/div>\r\n<\/div>\n<p>    Volker Wieker t\u00e1bornok a v\u00e9delmi miniszterrel, Ursula von der Leyennel k\u00f6z\u00f6sen tartott nemzetk\u00f6zi sajt\u00f3t\u00e1j\u00e9koztat\u00f3n elmondta, hogy az  Augsburg nev\u0171 fregatt kiv\u00e1lt a Eur\u00f3pai Uni\u00f3 embercsemp\u00e9szek ellen ind\u00edtott, Sophia elnevez\u00e9s\u0171 f\u00f6ldk\u00f6zi-tengeri katonai m\u0171velet\u00e9nek k\u00f6tel\u00e9k\u00e9b\u0151l \u00e9s &#8222;nagyon hamar, egy-k\u00e9t napon bel\u00fcl&#8221; csatlakozik a Charles de Gaulle v\u00e9delm\u00e9t biztos\u00edt\u00f3 nemzetk\u00f6zi haj\u00f3rajhoz.<br \/>\n    Az Iszl\u00e1m \u00c1llam (I\u00c1) terrorszervezet sz\u00edriai \u00e1ll\u00e1sai ellen l\u00e9git\u00e1mad\u00e1sokat int\u00e9z\u0151 sz\u00f6vets\u00e9geseket t\u00e1mogat\u00f3 n\u00e9met felder\u00edt\u0151 \u00e9s l\u00e9gi ut\u00e1nt\u00f6lt\u0151 rep\u00fcl\u0151g\u00e9peket pedig m\u00e1r a j\u00f6v\u0151 h\u00e9ten \u00e1ttelep\u00edtik a d\u00e9l-t\u00f6r\u00f6korsz\u00e1gi Incirlikben m\u0171k\u00f6d\u0151 NATO-t\u00e1maszpontra &#8211; mondta a f\u0151fel\u00fcgyel\u0151.<br \/>\n    A Bundeswehr a m\u0171holdas megfigyel\u0151 kapacit\u00e1s\u00e1nak mozg\u00f3s\u00edt\u00e1s\u00e1val is t\u00e1mogatja az I\u00c1 elleni harcot. Ezt a tev\u00e9kenys\u00e9get a francia partnerekkel egy\u00fcttm\u0171k\u00f6d\u00e9sben v\u00e9gzik. A n\u00e9met \u00e9s a francia rendszerek j\u00f3l kieg\u00e9sz\u00edtik egym\u00e1st, az adatok \u00f6sszes\u00edt\u00e9s\u00e9vel &#8222;t\u00f6bbdimenzi\u00f3s&#8221; k\u00e9pet lehet alkotni a megfigyelt ter\u00fcletekr\u0151l &#8211; tette hozz\u00e1 Volker Wieker.<br \/>\n    A Tornado t\u00edpus\u00fa felder\u00edt\u0151 rep\u00fcl\u0151g\u00e9pek &#8222;megrendel\u00e9sre&#8221; dolgoznak majd, vagyis a l\u00e9git\u00e1mad\u00e1sokat kivitelez\u0151 valamely sz\u00f6vets\u00e9ges k\u00e9r\u00e9s\u00e9re figyelnek majd meg sz\u00edriai ter\u00fcleteket. Minden k\u00e9r\u00e9st alaposan megvizsg\u00e1lnak, \u00e9s akkor teljes\u00edtik, ha megfelel a Bundeswehr parlamenti (Bundestag) felhatalmaz\u00e1s\u00e1nak, a felder\u00edt\u00e9si adatokat pedig a t\u00f6bb mint 60 orsz\u00e1gb\u00f3l \u00e1ll\u00f3 nemzetk\u00f6zi koal\u00edci\u00f3 egy sz\u0171k csoportj\u00e1val, a l\u00e9gicsap\u00e1sokat v\u00e9gz\u0151 orsz\u00e1gokkal osztj\u00e1k meg. Az els\u0151 bevet\u00e9sek janu\u00e1rban lehetnek &#8211; mondta a f\u0151fel\u00fcgyel\u0151.<br \/>\n    N\u00e9met katon\u00e1k nem l\u00e9pnek Sz\u00edria ter\u00fclet\u00e9re, akkor sem, ha egy Tornad\u00f3t szerencs\u00e9tlens\u00e9g \u00e9r \u00e9s ki kell menteni a pil\u00f3t\u00e1t. Ilyen esetben amerikai k\u00fcl\u00f6nleges alakulatokat mozg\u00f3s\u00edtanak.<br \/>\n    A Bundeswehr \u00faj k\u00fcldet\u00e9s\u00e9t a sz\u00edriai helyzet politikai rendez\u00e9s\u00e9t c\u00e9lz\u00f3 folyamatba be\u00e1gyazott m\u0171veletk\u00e9nt kell felfogni, a fegyveres fell\u00e9p\u00e9s &#8222;nem \u00f6nc\u00e9l\u00fa&#8221;, \u00e9s senki nem gondolja, hogy csup\u00e1n er\u0151 alkalmaz\u00e1s\u00e1val v\u00e9get lehet vetni a 2011 \u00f3ta tart\u00f3 polg\u00e1rh\u00e1bor\u00fanak &#8211; fejtette ki Ursula von der Leyen v\u00e9delmi miniszter.<br \/>\n    A k\u00fcldet\u00e9s id\u0151tartama a b\u00e9csi folyamat &#8211; az osztr\u00e1k f\u0151v\u00e1rosban Sz\u00edria \u00fcgy\u00e9ben okt\u00f3berben elkezd\u0151d\u00f6tt nemzetk\u00f6zi t\u00e1rgyal\u00e1ssorozat &#8211; alakul\u00e1s\u00e1t\u00f3l f\u00fcgg, \u00e9s k\u00e9ts\u00e9gtelen, hogy felvet egy sor &#8222;legitim k\u00e9rd\u00e9st&#8221;, egyebek mellett azt, hogy a l\u00e9git\u00e1mad\u00e1sokat milyen sz\u00e1razf\u00f6ldi m\u0171veletek eg\u00e9sz\u00edthetik ki &#8211; mondta a miniszter.<br \/>\n    A nemzetk\u00f6zi koal\u00edci\u00f3 \u00e1ll\u00e1spontja szerint a l\u00e9gicsap\u00e1sok mellett &#8222;helyi er\u0151kre&#8221; van sz\u00fcks\u00e9g, de egy ilyen sz\u00f6vets\u00e9g megszervez\u00e9se a sz\u00edriai ellenz\u00e9k sz\u00e9tapr\u00f3zotts\u00e1ga miatt igen neh\u00e9z &#8211; mondta Ursula von der Leyen.<br \/>\n    Szak\u00e9rt\u0151k 800 \u00e9s 1200 k\u00f6z\u00e9 teszik a sz\u00edriai polg\u00e1rh\u00e1bor\u00faban r\u00e9sztvev\u0151 fegyveres csoportok, mil\u00edci\u00e1k sz\u00e1m\u00e1t &#8211; mutatott r\u00e1 a miniszter.<br \/>\n    \u00c9ppen ez\u00e9rt oly fontos a b\u00e9csi folyamat; min\u00e9l el\u0151bb siker\u00fcl meg\u00e1llapod\u00e1st k\u00f6tni a fegyversz\u00fcnetr\u0151l \u00e9s elind\u00edtani a politikai \u00e1tmenetet, ann\u00e1l hamarabb v\u00e9get \u00e9rhet a Bundeswehr k\u00fcldet\u00e9se &#8211; fejtette ki a n\u00e9met v\u00e9delmi miniszter.<br \/>\n    Ursula von der Leyen \u00e9s Volker Wieker egyar\u00e1nt ker\u00fclte a h\u00e1bor\u00fa kifejez\u00e9st, k\u00f6vetkezetesen az iszlamista terror elleni &#8222;harc&#8221; kifejez\u00e9st haszn\u00e1lt\u00e1k, ezzel is k\u00e9pviselve a korm\u00e1ny hivatalos \u00e1ll\u00e1spontj\u00e1t, miszerint csak k\u00f6znapi \u00e9rtelemben lehet besz\u00e9lni h\u00e1bor\u00far\u00f3l, nemzetk\u00f6zi jogi \u00e9rtelemben viszont egy terrorista szervezet elleni fegyveres fell\u00e9p\u00e9sr\u0151l van sz\u00f3, amelyhez N\u00e9metorsz\u00e1gnak az ENSZ Biztons\u00e1gi Tan\u00e1cs\u00e1nak t\u00f6bb hat\u00e1rozata \u00e9s az ENSZ Alapokm\u00e1ny\u00e1nak \u00f6nv\u00e9delemr\u0151l sz\u00f3l\u00f3 51. paragrafusa alapj\u00e1n joga van.(MTI)<\/p>\n","protected":false},"excerpt":{"rendered":"<p>A p\u00e9nteki parlamenti (Bundestag-) szavaz\u00e1s ut\u00e1n napokon bel\u00fcl elkezd\u0151dhet a n\u00e9met hadsereg (Bundeswehr) sz\u00edriai k\u00fcldet\u00e9se, a Charles de Gaulle francia rep\u00fcl\u0151g\u00e9p-hordoz\u00f3 haj\u00f3 v\u00e9delm\u00e9re kijel\u00f6lt fregatt m\u00e1r meg is kezdte a felk\u00e9sz\u00fcl\u00e9st &#8211; mondta a Bundeswehr f\u0151fel\u00fcgyel\u0151je cs\u00fct\u00f6rt\u00f6k\u00f6n Berlinben.<\/p>\n","protected":false},"author":1,"featured_media":0,"comment_status":"open","ping_status":"closed","sticky":false,"template":"","format":"standard","meta":[],"categories":[16,116],"tags":[],"_links":{"self":[{"href":"https:\/\/gazdasagportal.hu\/index.php\/wp-json\/wp\/v2\/posts\/71454"}],"collection":[{"href":"https:\/\/gazdasagportal.hu\/index.php\/wp-json\/wp\/v2\/posts"}],"about":[{"href":"https:\/\/gazdasagportal.hu\/index.php\/wp-json\/wp\/v2\/types\/post"}],"author":[{"embeddable":true,"href":"https:\/\/gazdasagportal.hu\/index.php\/wp-json\/wp\/v2\/users\/1"}],"replies":[{"embeddable":true,"href":"https:\/\/gazdasagportal.hu\/index.php\/wp-json\/wp\/v2\/comments?post=71454"}],"version-history":[{"count":1,"href":"https:\/\/gazdasagportal.hu\/index.php\/wp-json\/wp\/v2\/posts\/71454\/revisions"}],"predecessor-version":[{"id":71455,"href":"https:\/\/gazdasagportal.hu\/index.php\/wp-json\/wp\/v2\/posts\/71454\/revisions\/71455"}],"wp:attachment":[{"href":"https:\/\/gazdasagportal.hu\/index.php\/wp-json\/wp\/v2\/media?parent=71454"}],"wp:term":[{"taxonomy":"category","embeddable":true,"href":"https:\/\/gazdasagportal.hu\/index.php\/wp-json\/wp\/v2\/categories?post=71454"},{"taxonomy":"post_tag","embeddable":true,"href":"https:\/\/gazdasagportal.hu\/index.php\/wp-json\/wp\/v2\/tags?post=71454"}],"curies":[{"name":"wp","href":"https:\/\/api.w.org\/{rel}","templated":true}]}}