{"id":71449,"date":"2015-12-03T16:03:21","date_gmt":"2015-12-03T15:03:21","guid":{"rendered":"http:\/\/gazdasagportal.hu\/?p=71449"},"modified":"2015-12-03T16:03:21","modified_gmt":"2015-12-03T15:03:21","slug":"az-ekb-kiterjeszti-kotvenyvasarlasi-programjat","status":"publish","type":"post","link":"https:\/\/gazdasagportal.hu\/index.php\/az-ekb-kiterjeszti-kotvenyvasarlasi-programjat\/","title":{"rendered":"Az EKB kiterjeszti k\u00f6tv\u00e9nyv\u00e1s\u00e1rl\u00e1si programj\u00e1t"},"content":{"rendered":"<p><strong>Az Eur\u00f3pai K\u00f6zponti Bank (EKB) legal\u00e1bb 2017 m\u00e1rcius\u00e1ig meghosszabb\u00edtja eszk\u00f6zv\u00e1s\u00e1rl\u00e1si programj\u00e1t &#8211; k\u00f6z\u00f6lte cs\u00fct\u00f6rt\u00f6k\u00f6n Mario Draghi, az EKB eln\u00f6ke a bank igazgat\u00f3tan\u00e1csi \u00fcl\u00e9s\u00e9t k\u00f6vet\u0151 sajt\u00f3t\u00e1j\u00e9koztat\u00f3n. A piacok t\u00f6bbet v\u00e1rtak, a bejelent\u00e9s ut\u00e1n estek a r\u00e9szv\u00e9ny\u00e1rfolyamok.<\/strong><!--more--><\/p>\n<div class=\"ads-in-post1\"><div id=\"gazdasagportal.hu_fullbanner_wideboard\"><\/div>\r\n<\/div>\n<p>    A m\u00e1rciusban beind\u00edtott program keret\u00e9ben az EKB havi 60 milli\u00e1rd eur\u00f3 \u00e9rt\u00e9kben v\u00e1s\u00e1rol pap\u00edrokat, f\u0151k\u00e9nt \u00e1llamk\u00f6tv\u00e9ny, hogy likvidit\u00e1st pump\u00e1ljon a gazdas\u00e1gba \u00e9s n\u00f6velje az infl\u00e1ci\u00f3t. A programot eredetileg 2016 szeptember\u00e9ben akart\u00e1k lez\u00e1rni.<br \/>\n    A bank igazgat\u00f3 tan\u00e1csa cs\u00fct\u00f6rt\u00f6ki \u00fcl\u00e9s\u00e9n 0,2 sz\u00e1zal\u00e9kr\u00f3l 0,3 sz\u00e1zal\u00e9kra emelte az EKB-n\u00e1l elhelyezett egynapos kereskedelmi banki bet\u00e9tekre felsz\u00e1m\u00edtott b\u00fcntet\u0151kamatot. A l\u00e9p\u00e9s c\u00e9lja, hogy a re\u00e1lgazdas\u00e1gba terelje a p\u00e9nzt, \u00f6szt\u00f6n\u00f6zve a bankok hitelez\u00e9si hajland\u00f3s\u00e1g\u00e1t.<br \/>\n    Draghi hangs\u00falyozta, hogy sz\u00fcks\u00e9g eset\u00e9n 2017 m\u00e1rciusa ut\u00e1n is folytatj\u00e1k az eszk\u00f6zv\u00e1s\u00e1rl\u00e1st, de addig mindenk\u00e9ppen, am\u00edg az EKB vezet\u00e9se nem l\u00e1tja \u00fagy, hogy az infl\u00e1ci\u00f3s p\u00e1lya k\u00f6z\u00e9pt\u00e1von fenntarthat\u00f3 m\u00f3don k\u00f6zelebb visz az EKB 2 sz\u00e1zal\u00e9kos infl\u00e1ci\u00f3s c\u00e9lj\u00e1hoz.<br \/>\n    Az EKB eln\u00f6ke elismerte, hogy a test\u00fclet nem egyhang\u00falag d\u00f6nt\u00f6tt, de a hat\u00e1rozat &#8222;nagy t\u00f6bbs\u00e9ggel&#8221; sz\u00fcletett meg &#8211; mondta. N\u00e9met r\u00e9szr\u0151l r\u00e9g\u00f3ta b\u00edr\u00e1lj\u00e1k a Draghi f\u00e9le monet\u00e1ris politikai ir\u00e1nyvonalat, azzal \u00e9rvelve, hogy min\u00e9l tov\u00e1bb folyik az extr\u00e9m laza monet\u00e1ris politika, ann\u00e1l kev\u00e9sb\u00e9 hat, \u00e9s ann\u00e1l t\u00f6bb kock\u00e1zatos mell\u00e9khat\u00e1sa lesz. A korm\u00e1nyok alkalmasint hozz\u00e1szoknak az alacsony kamatokhoz, \u00e9s nem hajtj\u00e1k v\u00e9gre a sz\u00fcks\u00e9ges reformokat.<br \/>\n    Draghi szerint a bank eddigi l\u00e9p\u00e9sei sikeresek voltak az infl\u00e1ci\u00f3 frontj\u00e1n. Ugyanakkor az EKB az id\u00e9n tov\u00e1bbra is 0,1 sz\u00e1zal\u00e9kos infl\u00e1ci\u00f3t v\u00e1r, j\u00f6v\u0151 \u00e9vi infl\u00e1ci\u00f3s el\u0151rejelz\u00e9s\u00e9t pedig egyenesen lefel\u00e9 m\u00f3dos\u00edtotta. Eszerint a fogyaszt\u00f3i \u00e1rak j\u00f6v\u0151re 1 sz\u00e1zal\u00e9kkal, 2017-ben pedig 1,6 sz\u00e1zal\u00e9kkal emelkednek az eur\u00f3\u00f6vezetben, szemben az eddig prognosztiz\u00e1lt 1,1, illetve 1,7 sz\u00e1zal\u00e9kkal.<br \/>\n    Kedvez\u0151bben \u00edt\u00e9lik meg viszont a frankfurti jegybank\u00e1rok a n\u00f6veked\u00e9si kil\u00e1t\u00e1sokat. Erre az \u00e9vre 1,4 sz\u00e1zal\u00e9k helyett 1,5 sz\u00e1zal\u00e9kos n\u00f6veked\u00e9st v\u00e1rnak, 2017-ben pedig 1,9 sz\u00e1zal\u00e9kkal n\u0151 a brutt\u00f3 hazai term\u00e9k a kor\u00e1bban jelzett 1,8 sz\u00e1zal\u00e9kkal szemben. A 2016-ra sz\u00f3l\u00f3 progn\u00f3zist 1,7 sz\u00e1zal\u00e9kon hagyt\u00e1k.<br \/>\n    A t\u0151zsd\u00e9ken csal\u00f3d\u00e1st keltettek a bejelentett gazdas\u00e1gstimul\u00e1l\u00f3 int\u00e9zked\u00e9sek. Megszokt\u00e1k, hogy Draghi \u00e1ltal\u00e1ban t\u00f6bbel rukkol el\u0151, mint amennyire sz\u00e1m\u00edtanak, most azonban az ellenkez\u0151je t\u00f6rt\u00e9nt.<br \/>\n    &#8222;Draghi otthon hagyta a gr\u00e1n\u00e1tvet\u0151t \u00e9s v\u00edzipisztolyt h\u00fazott el\u0151&#8221; &#8211; mondta John Brady, a R.J. O&#8217;Brien br\u00f3kerh\u00e1z igazgat\u00f3ja.<br \/>\n    Val\u00f3ban, a piacok mintha az ut\u00f3bbi hetekben m\u00e1r eld\u00f6nt\u00f6tt\u00e9k volna, hogy mit tesz az EKB: m\u00e9g m\u00e9lyebben m\u00ednuszba viszi a bet\u00e9ti kamatot, az eszk\u00f6zv\u00e1s\u00e1rl\u00e1si programot pedig nemcsak id\u0151ben, hanem \u00f6sszeg\u00e9ben is kiterjeszti, havi 75 milli\u00e1rd doll\u00e1rra b\u0151v\u00edti.<br \/>\n    Az eur\u00f3pai t\u0151zsd\u00e9k Draghi t\u00e1j\u00e9koztat\u00f3ja k\u00f6zben esni kezdtek. F\u00e9l n\u00e9gy k\u00f6r\u00fcl a frankfurti DAX-30 2,9055 sz\u00e1zal\u00e9kos, a p\u00e1rizsi CAC-40 2,73 sz\u00e1zal\u00e9kos, az eur\u00f3\u00f6vezeti Euro Stoxx 50 pedig 2,82 sz\u00e1zal\u00e9kos m\u00ednuszban volt.<br \/>\n    A v\u00e1rtn\u00e1l kisebb horderej\u0171 kamatd\u00f6nt\u00e9s azonban n\u00e9h\u00e1ny perc leforg\u00e1sa alatt 1,8 sz\u00e1zal\u00e9kkal 1,08 doll\u00e1r f\u00f6l\u00e9 lend\u00edtette az eur\u00f3t.(MTI)  <\/p>\n","protected":false},"excerpt":{"rendered":"<p>Az Eur\u00f3pai K\u00f6zponti Bank (EKB) legal\u00e1bb 2017 m\u00e1rcius\u00e1ig meghosszabb\u00edtja eszk\u00f6zv\u00e1s\u00e1rl\u00e1si programj\u00e1t &#8211; k\u00f6z\u00f6lte cs\u00fct\u00f6rt\u00f6k\u00f6n Mario Draghi, az EKB eln\u00f6ke a bank igazgat\u00f3tan\u00e1csi \u00fcl\u00e9s\u00e9t k\u00f6vet\u0151 sajt\u00f3t\u00e1j\u00e9koztat\u00f3n. A piacok t\u00f6bbet v\u00e1rtak, a bejelent\u00e9s ut\u00e1n estek a r\u00e9szv\u00e9ny\u00e1rfolyamok.<\/p>\n","protected":false},"author":1,"featured_media":0,"comment_status":"open","ping_status":"closed","sticky":false,"template":"","format":"standard","meta":[],"categories":[246],"tags":[],"_links":{"self":[{"href":"https:\/\/gazdasagportal.hu\/index.php\/wp-json\/wp\/v2\/posts\/71449"}],"collection":[{"href":"https:\/\/gazdasagportal.hu\/index.php\/wp-json\/wp\/v2\/posts"}],"about":[{"href":"https:\/\/gazdasagportal.hu\/index.php\/wp-json\/wp\/v2\/types\/post"}],"author":[{"embeddable":true,"href":"https:\/\/gazdasagportal.hu\/index.php\/wp-json\/wp\/v2\/users\/1"}],"replies":[{"embeddable":true,"href":"https:\/\/gazdasagportal.hu\/index.php\/wp-json\/wp\/v2\/comments?post=71449"}],"version-history":[{"count":1,"href":"https:\/\/gazdasagportal.hu\/index.php\/wp-json\/wp\/v2\/posts\/71449\/revisions"}],"predecessor-version":[{"id":71450,"href":"https:\/\/gazdasagportal.hu\/index.php\/wp-json\/wp\/v2\/posts\/71449\/revisions\/71450"}],"wp:attachment":[{"href":"https:\/\/gazdasagportal.hu\/index.php\/wp-json\/wp\/v2\/media?parent=71449"}],"wp:term":[{"taxonomy":"category","embeddable":true,"href":"https:\/\/gazdasagportal.hu\/index.php\/wp-json\/wp\/v2\/categories?post=71449"},{"taxonomy":"post_tag","embeddable":true,"href":"https:\/\/gazdasagportal.hu\/index.php\/wp-json\/wp\/v2\/tags?post=71449"}],"curies":[{"name":"wp","href":"https:\/\/api.w.org\/{rel}","templated":true}]}}