{"id":71437,"date":"2015-12-03T13:26:11","date_gmt":"2015-12-03T12:26:11","guid":{"rendered":"http:\/\/gazdasagportal.hu\/?p=71437"},"modified":"2015-12-03T13:26:11","modified_gmt":"2015-12-03T12:26:11","slug":"elemzok-tovabb-no-a-kiskereskedelmi-forgalom","status":"publish","type":"post","link":"https:\/\/gazdasagportal.hu\/index.php\/elemzok-tovabb-no-a-kiskereskedelmi-forgalom\/","title":{"rendered":"Elemz\u0151k: tov\u00e1bb n\u0151 a kiskereskedelmi forgalom"},"content":{"rendered":"<p><strong>Az \u00e9v h\u00e1tral\u00e9v\u0151 r\u00e9sz\u00e9ben tov\u00e1bb n\u00f6vekedhet a kiskereskedelmi forgalom az MTI-nek nyilatkoz\u00f3 elemz\u0151k szerint, akik a K\u00f6zponti Statisztikai Hivatal (KSH) cs\u00fct\u00f6rt\u00f6k\u00f6n publik\u00e1lt adataira reag\u00e1ltak.<\/strong><!--more--><\/p>\n<div class=\"ads-in-post1\"><div id=\"gazdasagportal.hu_fullbanner_wideboard\"><\/div>\r\n<\/div>\n<p>    Suppan Gergely, a Takar\u00e9kbank elemz\u0151je MTI-hez eljuttatott komment\u00e1rja szerint az okt\u00f3beri \u00e9ves 4,5 sz\u00e1zal\u00e9kos n\u00f6veked\u00e9s k\u00f6zel volt a v\u00e1rakoz\u00e1sokhoz. A szak\u00e9rt\u0151 \u00fagy v\u00e9li, \u00e9ves \u00e1tlagban 5,5 sz\u00e1zal\u00e9kos lehet a kiskereskedelem b\u0151v\u00fcl\u00e9se \u00e9s a n\u00f6veked\u00e9s \u00fcteme  j\u00f6v\u0151re is meghaladhatja a 3 sz\u00e1zal\u00e9kot.<br \/>\n     Az elemz\u0151 szerint a n\u00f6vekv\u0151 re\u00e1lb\u00e9rek \u00e9s foglalkoztat\u00e1s mellett a devizahitelek elsz\u00e1mol\u00e1sa is jelent\u0151sen n\u00f6velte a h\u00e1ztart\u00e1sok elk\u00f6lthet\u0151 j\u00f6vedelm\u00e9t. Az \u00fajra megugr\u00f3 fogyaszt\u00f3i bizalom szint\u00e9n dinamikus forgalomn\u00f6veked\u00e9st vet\u00edt el\u0151re &#8211; v\u00e9lekedett. A hitelt\u00f6rleszt\u00e9sek kisz\u00e1m\u00edthat\u00f3v\u00e1 v\u00e1l\u00e1sa egyre kev\u00e9sb\u00e9 indokolja a h\u00e1ztart\u00e1sok \u00f3vatoss\u00e1gi megtakar\u00edt\u00e1sait, \u00edgy az elm\u00falt \u00e9vekben elhalasztott fogyaszt\u00e1s p\u00f3tl\u00e1sa is hozz\u00e1j\u00e1rulhat a v\u00e1s\u00e1rl\u00e1sok  dinamikus n\u00f6veked\u00e9s\u00e9hez &#8211; v\u00e9li Suppan Gergely.<br \/>\n    Barczel Vivien \u00e9s \u00dcrm\u00f6ssy Gergely, az Erste makroelemz\u0151i MTI-hez eljuttatott komment\u00e1rjukban kifejtett\u00e9k: a n\u00f6veked\u00e9s j\u00f6v\u0151re is folytat\u00f3dhat, amelyet v\u00e1rakoz\u00e1saik szerint a re\u00e1lb\u00e9r emelked\u00e9se is seg\u00edthet. A brutt\u00f3 hazai term\u00e9k (GDP) b\u0151v\u00fcl\u00e9sben tov\u00e1bbra is meghat\u00e1roz\u00f3 szereppel b\u00edrhat a h\u00e1ztart\u00e1sok fogyaszt\u00e1sa &#8211; \u00e1ll a komment\u00e1rban.<br \/>\n    A legnagyobb m\u00e9rt\u00e9kben, \u00e9ves alapon 7,8 sz\u00e1zal\u00e9kkal a nem \u00e9lelmiszer jelleg\u0171 kiskereskedelem tudott b\u0151v\u00fclni, ami arra enged k\u00f6vetkeztetni a szak\u00e9rt\u0151k szerint, hogy a h\u00e1ztart\u00e1sok v\u00e1ls\u00e1g sor\u00e1n elhalasztott fogyaszt\u00e1sa egyre ink\u00e1bb megjelenik. A l\u00e9tsz\u00fcks\u00e9gleti cikkek mellett azon term\u00e9kek is beker\u00fclnek a &#8222;kos\u00e1rba&#8221;, melyet a recesszi\u00f3 miatt nem engedhettek meg maguknak a v\u00e1s\u00e1rl\u00f3k &#8211; v\u00e9lik az Erste elemz\u0151i.<br \/>\n    Kiemelt\u00e9k: a h\u00e1ztart\u00e1sok fogyaszt\u00e1s\u00e1nak b\u0151v\u00fcl\u00e9s\u00e9vel p\u00e1rhuzamosan az import volumen is emelked\u00e9st mutathat, ami annak is k\u00f6sz\u00f6nhet\u0151, hogy a kereslet egy r\u00e9sze az import term\u00e9keken csap\u00f3dik le. Ezzel p\u00e1rhuzamosan az Erste makroelemz\u0151i szerint a k\u00fclkereskedelmi t\u00f6bblet is alacsonyabb lehet a kor\u00e1bban v\u00e1rtn\u00e1l.<br \/>\n    Az OKSZ komment\u00e1rja szerint novemberben m\u00e9g m\u00e9rs\u00e9kl\u0151dhet a n\u00f6veked\u00e9s, de decemberben er\u0151sebb, ak\u00e1r 5-6 sz\u00e1zal\u00e9kos forgalomb\u0151v\u00fcl\u00e9s v\u00e1rhat\u00f3. T\u00f6bb \u00e1ruh\u00e1zl\u00e1nc is k\u00e9tsz\u00e1mjegy\u0171 forgalomb\u0151v\u00fcl\u00e9st v\u00e1r decemberben, a v\u00e1llalkoz\u00e1sok jelz\u00e9sei is jelent\u0151sebb bev\u00e1s\u00e1rl\u00f3 rohamot jeleznek el\u0151re, az OKSZ tov\u00e1bbra is 940-950 milli\u00e1rdos decemberi kiskereskedelmi forgalommal sz\u00e1mol.<br \/>\n    Felfel\u00e9 h\u00fazza az \u00e9ves m\u00e9rleget a gazdas\u00e1g idei n\u00f6veked\u00e9se, ezen kereszt\u00fcl a re\u00e1lj\u00f6vedelmek b\u0151v\u00fcl\u00e9se mellett az online p\u00e9nzt\u00e1rg\u00e9p rendszer, a devizahiteleseket seg\u00edt\u0151 csomag \u00e9s a k\u00fclf\u00f6ld\u00f6n dolgoz\u00f3k jelent\u0151s m\u00e9rt\u00e9k\u0171 hazautal\u00e1sa (term\u00e9szetesen az eml\u00edtett t\u00f6bbletj\u00f6vedelmeknek csak egy r\u00e9sz\u00e9t k\u00f6ltik el a csal\u00e1dok a boltokban). Egy\u00e9rtelm\u0171en seg\u00edti a csal\u00e1di k\u00f6ltekez\u00e9st az alacsony benzin\u00e1r is &#8211; \u00edrja az OKSZ.<br \/>\n    A kiskereskedelem a j\u00faliust\u00f3l okt\u00f3ber v\u00e9g\u00e9ig 5 sz\u00e1zal\u00e9kkal n\u0151tt, ami egy sz\u00e1zal\u00e9kkal kisebb az els\u0151 f\u00e9l\u00e9vi piacb\u0151v\u00fcl\u00e9s \u00fctem\u00e9n\u00e9l &#8211; \u00edrj\u00e1k. A m\u00e1sodik f\u00e9l\u00e9vi kisebb n\u00f6veked\u00e9si \u00fctemet m\u00e1r \u00e9v elej\u00e9n jelezte az OKSZ, mivel az online p\u00e9nzt\u00e1rg\u00e9p rendszer ki\u00e9p\u00edt\u00e9se 2014. augusztus\u00e1ban lez\u00e1rult, \u00edgy piactiszt\u00edt\u00f3 hat\u00e1sa az \u0151szi h\u00f3napokban fokozatosan m\u00e9rs\u00e9kl\u0151dik.<br \/>\n    Az OKSZ k\u00f6zlem\u00e9ny\u00e9ben kit\u00e9r arra, hogy f\u00e9kezi a kiskereskedelmi piacot a kism\u00e9ret\u0171 boltok sz\u00e1m\u00e1nak cs\u00f6kken\u00e9se. A KSH adatai szerint 2015. els\u0151 f\u00e9l\u00e9v\u00e9ben t\u00f6bb mint k\u00e9tezerrel cs\u00f6kkent a sz\u00e1muk &#8211; \u00edrj\u00e1k. Nehez\u00edti a kiskereskedelem helyzet\u00e9t a kor\u00e1bbi \u00e9vekhez k\u00e9pest gyeng\u00e9bb deviza\u00e1rfolyam is, ami az import cikkek k\u00f6lts\u00e9geit dr\u00e1g\u00edtja, ugyanakkor az \u00e1tlagos bolti k\u00f6ltekez\u00e9st tekintve \u00f6sszess\u00e9g\u00e9ben nincs infl\u00e1ci\u00f3s mozg\u00e1s &#8211; \u00e1ll az OKSZ k\u00f6zlem\u00e9ny\u00e9ben.(MTI)<\/p>\n","protected":false},"excerpt":{"rendered":"<p>Az \u00e9v h\u00e1tral\u00e9v\u0151 r\u00e9sz\u00e9ben tov\u00e1bb n\u00f6vekedhet a kiskereskedelmi forgalom az MTI-nek nyilatkoz\u00f3 elemz\u0151k szerint, akik a K\u00f6zponti Statisztikai Hivatal (KSH) cs\u00fct\u00f6rt\u00f6k\u00f6n publik\u00e1lt adataira reag\u00e1ltak.<\/p>\n","protected":false},"author":1,"featured_media":0,"comment_status":"open","ping_status":"closed","sticky":false,"template":"","format":"standard","meta":[],"categories":[19],"tags":[],"_links":{"self":[{"href":"https:\/\/gazdasagportal.hu\/index.php\/wp-json\/wp\/v2\/posts\/71437"}],"collection":[{"href":"https:\/\/gazdasagportal.hu\/index.php\/wp-json\/wp\/v2\/posts"}],"about":[{"href":"https:\/\/gazdasagportal.hu\/index.php\/wp-json\/wp\/v2\/types\/post"}],"author":[{"embeddable":true,"href":"https:\/\/gazdasagportal.hu\/index.php\/wp-json\/wp\/v2\/users\/1"}],"replies":[{"embeddable":true,"href":"https:\/\/gazdasagportal.hu\/index.php\/wp-json\/wp\/v2\/comments?post=71437"}],"version-history":[{"count":1,"href":"https:\/\/gazdasagportal.hu\/index.php\/wp-json\/wp\/v2\/posts\/71437\/revisions"}],"predecessor-version":[{"id":71438,"href":"https:\/\/gazdasagportal.hu\/index.php\/wp-json\/wp\/v2\/posts\/71437\/revisions\/71438"}],"wp:attachment":[{"href":"https:\/\/gazdasagportal.hu\/index.php\/wp-json\/wp\/v2\/media?parent=71437"}],"wp:term":[{"taxonomy":"category","embeddable":true,"href":"https:\/\/gazdasagportal.hu\/index.php\/wp-json\/wp\/v2\/categories?post=71437"},{"taxonomy":"post_tag","embeddable":true,"href":"https:\/\/gazdasagportal.hu\/index.php\/wp-json\/wp\/v2\/tags?post=71437"}],"curies":[{"name":"wp","href":"https:\/\/api.w.org\/{rel}","templated":true}]}}