{"id":71425,"date":"2015-12-03T10:42:11","date_gmt":"2015-12-03T09:42:11","guid":{"rendered":"http:\/\/gazdasagportal.hu\/?p=71425"},"modified":"2015-12-03T10:42:11","modified_gmt":"2015-12-03T09:42:11","slug":"stabil-keszletek-mellett-lejtmenetben-az-elelmiszerarak","status":"publish","type":"post","link":"https:\/\/gazdasagportal.hu\/index.php\/stabil-keszletek-mellett-lejtmenetben-az-elelmiszerarak\/","title":{"rendered":"Stabil k\u00e9szletek mellett lejtmenetben az \u00e9lelmiszer\u00e1rak"},"content":{"rendered":"<p><span lang=\"HU\"><strong>November folyam\u00e1n a legt\u00f6bb alapvet\u0151 \u00e9lelmiszer\u00fcnk nemzetk\u00f6zi kereskedelmi \u00e1ra cs\u00f6kkent, a cukrot kiv\u00e9ve, ellent\u00e9telezve valamelyest az okt\u00f3beri emelked\u00e9st.<\/strong><\/span><!--more--><\/p>\n<div class=\"ads-in-post1\"><div id=\"gazdasagportal.hu_fullbanner_wideboard\"><\/div>\r\n<\/div>\n<p><span lang=\"HU\">A FAO \u00e9lelmiszer\u00e1r-indexe 1,6 %-kal kisebb \u00e9rt\u00e9ken z\u00e1rt (156,7 pont), ami k\u00f6zel 20 %-kal kevesebb a 2014 novemberihez k\u00e9pest.<\/span><\/p>\n<p><span lang=\"HU\">Ezen bel\u00fcl is a FAO gabona \u00e1rindex \u00e1tlagon fel\u00fcl, 2,3 %-kal cs\u00f6kkent, legink\u00e1bb a kedvez\u0151 szemesgabona-term\u00e9snek az Egyes\u00fclt \u00c1llamokban, a vil\u00e1g legnagyobb kukoricatermel\u0151 \u00e9s \u2013export\u00e1l\u00f3 orsz\u00e1g\u00e1ban.<\/span><\/p><div id=\"gazda-3576258361\" class=\"gazda-tartalomban gazda-entity-placement\"><script async src=\"https:\/\/pagead2.googlesyndication.com\/pagead\/js\/adsbygoogle.js\"><\/script>\r\n<ins class=\"adsbygoogle\"\r\n     style=\"display:block\"\r\n     data-ad-format=\"fluid\"\r\n     data-ad-layout-key=\"-6t+ed+2i-1n-4w\"\r\n     data-ad-client=\"ca-pub-1959107119989764\"\r\n     data-ad-slot=\"4008251320\"><\/ins>\r\n<script>\r\n     (adsbygoogle = window.adsbygoogle || []).push({});\r\n<\/script><\/div>\n<p><span lang=\"HU\">Az alacsony energia\u00e1rakt\u00f3l t\u00e1mogatva a n\u00f6v\u00e9nyi olajok \u00e1ra is m\u00e9rs\u00e9kl\u0151d\u00f6tt, okt\u00f3berhez k\u00e9pest 3 %-kal, ami a sz\u00f3ja\u00fcltetv\u00e9nyek terjed\u00e9s\u00e9hez vezethet az amerikai kontinensen. <\/span><\/p>\n<p><span lang=\"HU\">A tejterm\u00e9kek is k\u00f6zel 3 %-kal alacsonyabb szinten cser\u00e9ltek gazd\u00e1t a nemzetk\u00f6zi piacon, stabil k\u00e9szleteket sejtetve. A h\u00fas \u00e1ra szint\u00e9n cs\u00f6kkent, egyed\u00fcl a cukor eset\u00e9ben figyelhett\u00fcnk meg \u2013 egy harmadik h\u00f3napja tart\u00f3 \u2013 er\u0151s emelked\u00e9st.<\/span><\/p>\n<p><span lang=\"HU\">A <a href=\"http:\/\/www.fao.org\/worldfoodsituation\/foodpricesindex\/en\/\" target=\"_blank\" rel=\"noopener\">FAO \u00e9lelmiszer\u00e1r-indexet<\/a> a glob\u00e1lis szinten legfontosabb \u00f6t \u00e9lelmiszert (szemes term\u00e9nyek, h\u00fasf\u00e9l\u00e9k, tejterm\u00e9kek, n\u00f6v\u00e9nyi olajok \u00e9s cukor) tartalmaz\u00f3 \u00e9lelmiszerkos\u00e1r \u00e1r\u00e1nak v\u00e1ltoz\u00e1sa alapj\u00e1n hat\u00e1rozz\u00e1k meg az ENSZ \u00c9lelmez\u00e9s\u00fcgyi \u00e9s Mez\u0151gazdas\u00e1gi Szervezet\u00e9nek (FAO) szak\u00e9rt\u0151i.<\/span><\/p>\n<p><b><span lang=\"HU\">Visszafogottabb termel\u00e9s, de b\u0151s\u00e9ges k\u00e9szletek<\/span><\/b><\/p>\n<p><span lang=\"HU\">A FAO szint\u00e9n ma kiadott <a href=\"http:\/\/www.fao.org\/worldfoodsituation\/csdb\/en\/\" target=\"_blank\" rel=\"noopener\">Gabonak\u00e9szletek \u00e9s \u2013ig\u00e9nyek gyorsjelent\u00e9se<\/a> az el\u0151zetes adatokhoz k\u00e9pest valamelyest visszafogottabb gabonaterm\u00e9ssel sz\u00e1mol 2015-re: a becs\u00fclt 2527 milli\u00e1rd tonna 1,3 %-kal t\u00e9r el negat\u00edv ir\u00e1nyba a tavalyi (rekord)eredm\u00e9nyt\u0151l. A korrekci\u00f3 f\u0151 oka a v\u00e1rhat\u00f3an alacsonyabb k\u00ednai kukoricaterm\u00e9s.<\/span><\/p>\n<p><span lang=\"HU\">Becsl\u00e9sek szerint a gabonaig\u00e9ny 1 %-kal n\u0151 a 2015-16-os id\u00e9nyben (2529 milli\u00e1rd tonn\u00e1ra), ami egy lassul\u00f3 tendenci\u00e1t jelez, vagyis nem kell agg\u00f3dnunk a b\u0151s\u00e9ges k\u00e9szletek megcsappan\u00e1sa miatt. A n\u00f6veked\u00e9s h\u00e1tter\u00e9ben a bio\u00fczemanyagok az alacsony olaj\u00e1r miatti v\u00e1ltoz\u00f3 ir\u00e1nti kereslete \u00e1ll. <\/span><\/p>\n<p><span lang=\"HU\">Az El Ni\u00f1o okozta extr\u00e9m id\u0151j\u00e1r\u00e1s azonban visszavetheti a gabonaterm\u00e9st Afrik\u00e1ban, \u00c1zsi\u00e1ban \u00e9s a Csendes-\u00f3ce\u00e1n t\u00e9rs\u00e9g\u00e9ben, mik\u00f6zben K\u00f6z\u00e9p-Amerika \u00e9s a Karibi-t\u00e9rs\u00e9g orsz\u00e1gai, \u00e9s bizonyos \u00e1zsiai nemzetek m\u00e1r jelenleg is ki vannak t\u00e9ve a hat\u00e1s\u00e1nak. \u00c9szak-Indi\u00e1ban ek\u00f6zben a sz\u00e1razs\u00e1g miatt v\u00e1rhat\u00f3 szer\u00e9nyebb arat\u00e1s a 2015-\u00f6s szezonban. <\/span><\/p>\n<p><b><span lang=\"HU\">\u00c9lelmez\u00e9sbiztons\u00e1g a fegyveres konfliktusok \u00e9s a sz\u00e9ls\u0151s\u00e9ges id\u0151j\u00e1r\u00e1s \u00e1rny\u00e9k\u00e1ban<\/span><\/b><\/p>\n<p><span lang=\"HU\">Jelenleg 33 orsz\u00e1g, k\u00f6zt\u00fck 26 afrikai, szorul k\u00fcls\u0151 seg\u00edts\u00e9gre n\u00e9pess\u00e9g\u00fck ell\u00e1t\u00e1s\u00e1hoz a sz\u00e1razs\u00e1g, \u00e1rad\u00e1sok \u00e9s fegyveres konfliktusok miatt, olvashat\u00f3 a FAO leg\u00fajabb <a href=\"http:\/\/www.fao.org\/GIEWS\/ENGLISH\/cpfs\/index.htm\" target=\"_blank\" rel=\"noopener\">Gabonakil\u00e1t\u00e1sok \u00e9s az \u00e9lelmez\u00e9s helyzete<\/a> jelent\u00e9s\u00e9ben.<\/span><\/p>\n<p><span lang=\"HU\">A politikai instabilit\u00e1s miatt romlott az \u00e9lelmez\u00e9si helyzet Sz\u00edri\u00e1ban \u00e9s Jemenben, tov\u00e1bb\u00e1 <a href=\"http:\/\/www.fao.org\/africa\/news\/detail-news\/en\/c\/356883\/\" target=\"_blank\" rel=\"noopener\">Nig\u00e9ri\u00e1ban<\/a>, Kamerunban, Cs\u00e1dban \u00e9s a Kong\u00f3i Demokratikus K\u00f6zt\u00e1rsas\u00e1gban \u2013 ez ut\u00f3bbiak eset\u00e9ben jelent\u0151s r\u00e9szben az oda\u00e9rkez\u0151 menek\u00fcltek miatt. Nyugat-Afrik\u00e1ban a h\u00e1rmas \u00e9s az ann\u00e1l is s\u00falyosabb konfliktusban \u00e9l\u0151 8 milli\u00f3 ember sz\u00e1ma v\u00e1rhat\u00f3an a 10 milli\u00f3t is meghaladja majd j\u00f6v\u0151 j\u00fanius-augusztusra. <\/span><\/p>\n<p><span lang=\"HU\">Afrika keleti r\u00e9sz\u00e9n az Eti\u00f3pi\u00e1ban tapasztalt s\u00falyos sz\u00e1razs\u00e1g \u00e9s az elh\u00faz\u00f3d\u00f3 konfliktusok miatt 17 milli\u00f3 ember szorul humanit\u00e1rius seg\u00edts\u00e9gre, ami 50 %-os emelked\u00e9s tavalyhoz k\u00e9pest.<\/span><\/p>\n<p><span lang=\"HU\">A FAO becsl\u00e9se szerint az idei term\u00e9s\u00e1tlag Afrik\u00e1ban t\u00f6bb mint egy tized\u00e9vel cs\u00f6kken, mik\u00f6zben glob\u00e1lisan ez a sz\u00e1m csup\u00e1n 2 % lesz.<\/span><\/p>\n","protected":false},"excerpt":{"rendered":"<p>November folyam\u00e1n a legt\u00f6bb alapvet\u0151 \u00e9lelmiszer\u00fcnk nemzetk\u00f6zi kereskedelmi \u00e1ra cs\u00f6kkent, a cukrot kiv\u00e9ve, ellent\u00e9telezve valamelyest az okt\u00f3beri emelked\u00e9st.<\/p>\n","protected":false},"author":1,"featured_media":0,"comment_status":"open","ping_status":"closed","sticky":false,"template":"","format":"standard","meta":[],"categories":[246],"tags":[],"_links":{"self":[{"href":"https:\/\/gazdasagportal.hu\/index.php\/wp-json\/wp\/v2\/posts\/71425"}],"collection":[{"href":"https:\/\/gazdasagportal.hu\/index.php\/wp-json\/wp\/v2\/posts"}],"about":[{"href":"https:\/\/gazdasagportal.hu\/index.php\/wp-json\/wp\/v2\/types\/post"}],"author":[{"embeddable":true,"href":"https:\/\/gazdasagportal.hu\/index.php\/wp-json\/wp\/v2\/users\/1"}],"replies":[{"embeddable":true,"href":"https:\/\/gazdasagportal.hu\/index.php\/wp-json\/wp\/v2\/comments?post=71425"}],"version-history":[{"count":1,"href":"https:\/\/gazdasagportal.hu\/index.php\/wp-json\/wp\/v2\/posts\/71425\/revisions"}],"predecessor-version":[{"id":71426,"href":"https:\/\/gazdasagportal.hu\/index.php\/wp-json\/wp\/v2\/posts\/71425\/revisions\/71426"}],"wp:attachment":[{"href":"https:\/\/gazdasagportal.hu\/index.php\/wp-json\/wp\/v2\/media?parent=71425"}],"wp:term":[{"taxonomy":"category","embeddable":true,"href":"https:\/\/gazdasagportal.hu\/index.php\/wp-json\/wp\/v2\/categories?post=71425"},{"taxonomy":"post_tag","embeddable":true,"href":"https:\/\/gazdasagportal.hu\/index.php\/wp-json\/wp\/v2\/tags?post=71425"}],"curies":[{"name":"wp","href":"https:\/\/api.w.org\/{rel}","templated":true}]}}