{"id":71421,"date":"2015-12-03T10:18:17","date_gmt":"2015-12-03T09:18:17","guid":{"rendered":"http:\/\/gazdasagportal.hu\/?p=71421"},"modified":"2015-12-03T10:18:17","modified_gmt":"2015-12-03T09:18:17","slug":"nem-jar-a-4-es-metro-potlobuszok-viszik-az-utasokat","status":"publish","type":"post","link":"https:\/\/gazdasagportal.hu\/index.php\/nem-jar-a-4-es-metro-potlobuszok-viszik-az-utasokat\/","title":{"rendered":"Nem j\u00e1r a 4-es metr\u00f3, p\u00f3tl\u00f3buszok viszik az utasokat"},"content":{"rendered":"<p><strong>A 4-es metr\u00f3 helyett p\u00f3tl\u00f3buszok k\u00f6zlekednek a teljes vonalon m\u0171szaki okok miatt &#8211; k\u00f6z\u00f6lte a Budapesti K\u00f6zleked\u00e9si K\u00f6zpont a Facebook-oldal\u00e1n cs\u00fct\u00f6rt\u00f6k d\u00e9lel\u0151tt.<\/strong><!--more--><\/p>\n<div class=\"ads-in-post1\"><div id=\"gazdasagportal.hu_fullbanner_wideboard\"><\/div>\r\n<\/div>\n<p>    A t\u00e1j\u00e9koztat\u00e1s szerint a p\u00f3tl\u00f3buszok nem \u00e9rintik a II. J\u00e1nos P\u00e1l p\u00e1pa teret.(MTI)<\/p>\n","protected":false},"excerpt":{"rendered":"<p>A 4-es metr\u00f3 helyett p\u00f3tl\u00f3buszok k\u00f6zlekednek a teljes vonalon m\u0171szaki okok miatt &#8211; k\u00f6z\u00f6lte a Budapesti K\u00f6zleked\u00e9si K\u00f6zpont a Facebook-oldal\u00e1n cs\u00fct\u00f6rt\u00f6k d\u00e9lel\u0151tt.<\/p>\n","protected":false},"author":1,"featured_media":0,"comment_status":"open","ping_status":"closed","sticky":false,"template":"","format":"standard","meta":[],"categories":[4,151],"tags":[],"_links":{"self":[{"href":"https:\/\/gazdasagportal.hu\/index.php\/wp-json\/wp\/v2\/posts\/71421"}],"collection":[{"href":"https:\/\/gazdasagportal.hu\/index.php\/wp-json\/wp\/v2\/posts"}],"about":[{"href":"https:\/\/gazdasagportal.hu\/index.php\/wp-json\/wp\/v2\/types\/post"}],"author":[{"embeddable":true,"href":"https:\/\/gazdasagportal.hu\/index.php\/wp-json\/wp\/v2\/users\/1"}],"replies":[{"embeddable":true,"href":"https:\/\/gazdasagportal.hu\/index.php\/wp-json\/wp\/v2\/comments?post=71421"}],"version-history":[{"count":1,"href":"https:\/\/gazdasagportal.hu\/index.php\/wp-json\/wp\/v2\/posts\/71421\/revisions"}],"predecessor-version":[{"id":71422,"href":"https:\/\/gazdasagportal.hu\/index.php\/wp-json\/wp\/v2\/posts\/71421\/revisions\/71422"}],"wp:attachment":[{"href":"https:\/\/gazdasagportal.hu\/index.php\/wp-json\/wp\/v2\/media?parent=71421"}],"wp:term":[{"taxonomy":"category","embeddable":true,"href":"https:\/\/gazdasagportal.hu\/index.php\/wp-json\/wp\/v2\/categories?post=71421"},{"taxonomy":"post_tag","embeddable":true,"href":"https:\/\/gazdasagportal.hu\/index.php\/wp-json\/wp\/v2\/tags?post=71421"}],"curies":[{"name":"wp","href":"https:\/\/api.w.org\/{rel}","templated":true}]}}