{"id":71291,"date":"2015-11-30T23:03:36","date_gmt":"2015-11-30T22:03:36","guid":{"rendered":"http:\/\/gazdasagportal.hu\/?p=71291"},"modified":"2015-11-30T21:44:30","modified_gmt":"2015-11-30T20:44:30","slug":"eghajlatkutato-magyarorszag-a-jobban-melegedo-regiokhoz-tartozik","status":"publish","type":"post","link":"https:\/\/gazdasagportal.hu\/index.php\/eghajlatkutato-magyarorszag-a-jobban-melegedo-regiokhoz-tartozik\/","title":{"rendered":"\u00c9ghajlatkutat\u00f3: Magyarorsz\u00e1g a jobban meleged\u0151 r\u00e9gi\u00f3khoz tartozik"},"content":{"rendered":"<p><strong>A kl\u00edmav\u00e1ltoz\u00e1s tekintet\u00e9ben Magyarorsz\u00e1g &#8222;kev\u00e9sb\u00e9 s\u00e9r\u00fcl\u00e9keny&#8221;, ugyanakkor a jobban meleged\u0151 r\u00e9gi\u00f3khoz tartozik, a v\u00e1ltoz\u00e1s hat\u00e1sait m\u00e1r most is \u00e9rz\u00e9kelni lehet az orsz\u00e1gban. Err\u0151l Lakatos M\u00f3nika, az Orsz\u00e1gos Meteorol\u00f3giai Szolg\u00e1lat \u00e9ghajlatkutat\u00f3ja besz\u00e9lt az M1 aktu\u00e1lis csatorna h\u00e9tf\u0151 esti m\u0171sor\u00e1ban.<\/strong><!--more--><\/p>\n<div class=\"ads-in-post1\"><div id=\"gazdasagportal.hu_fullbanner_wideboard\"><\/div>\r\n<\/div>\n<p>    Hivatalosan h\u00e9tf\u0151n kezd\u0151d\u00f6tt meg Franciaorsz\u00e1gban a p\u00e1rizsi kl\u00edmacs\u00facs, amelyen 195 orsz\u00e1g vezet\u0151i \u00e9s kl\u00edmaszak\u00e9rt\u0151i vesznek r\u00e9szt &#8211; k\u00f6zt\u00fck Barack Obama amerikai, Vlagyimir Putyin orosz \u00e9s Hszi Csin-ping k\u00ednai eln\u00f6k, Angela Merkel n\u00e9met kancell\u00e1r. A h\u00e9tf\u0151i megnyit\u00f3n \u00c1der J\u00e1nos magyar k\u00f6zt\u00e1rsas\u00e1gi eln\u00f6k is felsz\u00f3lalt. A tan\u00e1cskoz\u00e1s c\u00e9lja, hogy most el\u0151sz\u00f6r glob\u00e1lis kl\u00edmav\u00e9delmi egyezm\u00e9nyt \u00edrjanak al\u00e1 a tag\u00e1llamok annak \u00e9rdek\u00e9ben, hogy a F\u00f6ld l\u00e9gk\u00f6r\u00e9nek felmeleged\u00e9s\u00e9t 2 Celsius-fokban maxim\u00e1lj\u00e1k az iparosod\u00e1s el\u0151tti m\u00e9rt\u00e9khez k\u00e9pest. A rem\u00e9nyek szerint az orsz\u00e1gok \u00e1ltal az \u00fcvegh\u00e1zhat\u00e1s\u00fa g\u00e1zok kibocs\u00e1t\u00e1s\u00e1nak cs\u00f6kkent\u00e9s\u00e9re tett \u00f6nk\u00e9ntes felaj\u00e1nl\u00e1sokkal p\u00e1rhuzamosan a meg\u00e1llapod\u00e1s \u00e1ltal\u00e1nos \u00e9s k\u00f6telez\u0151 \u00e9rv\u00e9ny\u0171 keretet teremt a k\u00f6vetkez\u0151 20-30 \u00e9vre, \u00e9s a 2020-ban lej\u00e1r\u00f3 kiot\u00f3i egyezm\u00e9nyt v\u00e1ltja fel.<br \/>\n    Lakatos M\u00f3nika az M1 m\u0171sor\u00e1ban elmondta: az iparosod\u00e1s kezdete \u00f3ta m\u00e1r mostan\u00e1ig 1 fokot emelkedett a glob\u00e1lis h\u0151m\u00e9rs\u00e9klet. A gr\u00f6nlandi j\u00e9gtakar\u00f3 \u00e9vente \u00e1tlagosan 250 milli\u00e1rd tonn\u00e1t vesz\u00edt a t\u00f6meg\u00e9b\u0151l &#8211; emelte ki a szak\u00e9rt\u0151, hozz\u00e1t\u00e9ve: ezek m\u00e1r beindult folyamatok, re\u00e1lis vesz\u00e9lyek, amelyek a 2 fok el\u00e9r\u00e9s\u00e9vel fokoz\u00f3dnak. Kiemelte tov\u00e1bb\u00e1, hogy a 2 fok glob\u00e1lisan \u00e9rtend\u0151, vannak r\u00e9gi\u00f3k &#8211; ilyen ter\u00fcleten fekszik Magyarorsz\u00e1g is &#8211; amelyek jobban melegszenek.<br \/>\n    Kifejtette tov\u00e1bb\u00e1, hogy ha m\u00e9g enn\u00e9l is nagyobb lenne a glob\u00e1lis f\u00f6ldfelsz\u00edn h\u0151m\u00e9rs\u00e9kletemelked\u00e9se, akkor az igaz\u00e1n nagy gondot az jelenten\u00e9, ha az antarktiszi kontinent\u00e1lis talapzaton nyugv\u00f3 j\u00e9g elkezd olvadni, mert ez t\u00f6bbm\u00e9teres, ak\u00e1r 5 m\u00e9teres tengerszint emelked\u00e9st okozna &#8211; emelte ki a szak\u00e9rt\u0151, aki szerint m\u00e1r egym\u00e9teres tengerszint emelked\u00e9s is a vil\u00e1g n\u00e9pess\u00e9g\u00e9nek t\u00f6bb mint fel\u00e9t \u00e9rinten\u00e9, akik a partokon \u00e9lnek. Mindez olyan \u00e9ghajlati menek\u00fclt\u00e1radatot ind\u00edtana el, amelyet nagyon neh\u00e9z lenne kezelni &#8211; h\u00edvta fel a figyelmet az \u00e9ghajlatkutat\u00f3. Emellett vannak olyan ter\u00fcletek &#8211; mint p\u00e9ld\u00e1ul a K\u00f6zel-Keleten, K\u00f6z\u00e9p-\u00c1zsia egyes r\u00e9gi\u00f3iban, \u00c9szak-Afrik\u00e1ban &#8211; ahol az iv\u00f3v\u00edzhez val\u00f3 korl\u00e1tozott hozz\u00e1f\u00e9r\u00e9s m\u00e1r jelenleg is probl\u00e9ma &#8211; tette hozz\u00e1.<br \/>\n    Lakatos M\u00f3nika azt mondta: b\u00edzik abban, hogy a mostani cs\u00facson siker\u00fcl meg\u00e1llapodni a r\u00e9sztvev\u0151knek. Ezzel egy\u00fctt viszont meg kell kezdeni a felk\u00e9sz\u00fcl\u00e9st is, p\u00e9ld\u00e1ul alkalmazkod\u00e1si strat\u00e9gi\u00e1k kidolgoz\u00e1s\u00e1val &#8211; hangs\u00falyozta. Ebben a felk\u00e9sz\u00fcl\u00e9sben a szak\u00e9rt\u0151 szerint az Eur\u00f3pai Uni\u00f3 \u00e9s Magyarorsz\u00e1g is j\u00f3l halad. Az Orsz\u00e1gos Meteorol\u00f3giai Szolg\u00e1lat \u00e9ghajlatkutat\u00f3ja elmondta, hogy Magyarorsz\u00e1gnak m\u00e1r van \u00e9ghajlatv\u00e1ltoz\u00e1si, azon bel\u00fcl egy alkalmazkod\u00e1si strat\u00e9gi\u00e1ja. Lakatos M\u00f3nika \u00fagy tudja, a korm\u00e1ny ezzel kapcsolatos javaslata elk\u00e9sz\u00fclt, \u00e9s b\u00edznak abban, hogy az miel\u0151bb a parlament el\u00e9 ker\u00fcl.(MTI)<\/p>\n","protected":false},"excerpt":{"rendered":"<p>A kl\u00edmav\u00e1ltoz\u00e1s tekintet\u00e9ben Magyarorsz\u00e1g &#8222;kev\u00e9sb\u00e9 s\u00e9r\u00fcl\u00e9keny&#8221;, ugyanakkor a jobban meleged\u0151 r\u00e9gi\u00f3khoz tartozik, a v\u00e1ltoz\u00e1s hat\u00e1sait m\u00e1r most is \u00e9rz\u00e9kelni lehet az orsz\u00e1gban. Err\u0151l Lakatos M\u00f3nika, az Orsz\u00e1gos Meteorol\u00f3giai Szolg\u00e1lat \u00e9ghajlatkutat\u00f3ja besz\u00e9lt az M1 aktu\u00e1lis csatorna h\u00e9tf\u0151 esti m\u0171sor\u00e1ban.<\/p>\n","protected":false},"author":1,"featured_media":0,"comment_status":"open","ping_status":"closed","sticky":false,"template":"","format":"standard","meta":[],"categories":[4],"tags":[],"_links":{"self":[{"href":"https:\/\/gazdasagportal.hu\/index.php\/wp-json\/wp\/v2\/posts\/71291"}],"collection":[{"href":"https:\/\/gazdasagportal.hu\/index.php\/wp-json\/wp\/v2\/posts"}],"about":[{"href":"https:\/\/gazdasagportal.hu\/index.php\/wp-json\/wp\/v2\/types\/post"}],"author":[{"embeddable":true,"href":"https:\/\/gazdasagportal.hu\/index.php\/wp-json\/wp\/v2\/users\/1"}],"replies":[{"embeddable":true,"href":"https:\/\/gazdasagportal.hu\/index.php\/wp-json\/wp\/v2\/comments?post=71291"}],"version-history":[{"count":1,"href":"https:\/\/gazdasagportal.hu\/index.php\/wp-json\/wp\/v2\/posts\/71291\/revisions"}],"predecessor-version":[{"id":71292,"href":"https:\/\/gazdasagportal.hu\/index.php\/wp-json\/wp\/v2\/posts\/71291\/revisions\/71292"}],"wp:attachment":[{"href":"https:\/\/gazdasagportal.hu\/index.php\/wp-json\/wp\/v2\/media?parent=71291"}],"wp:term":[{"taxonomy":"category","embeddable":true,"href":"https:\/\/gazdasagportal.hu\/index.php\/wp-json\/wp\/v2\/categories?post=71291"},{"taxonomy":"post_tag","embeddable":true,"href":"https:\/\/gazdasagportal.hu\/index.php\/wp-json\/wp\/v2\/tags?post=71291"}],"curies":[{"name":"wp","href":"https:\/\/api.w.org\/{rel}","templated":true}]}}