{"id":71287,"date":"2015-11-30T22:10:24","date_gmt":"2015-11-30T21:10:24","guid":{"rendered":"http:\/\/gazdasagportal.hu\/?p=71287"},"modified":"2015-11-30T21:41:49","modified_gmt":"2015-11-30T20:41:49","slug":"sziria-bassar-el-aszad-szerint-pragaban-irhatjak-ala-a-sziriarol-szolo-megallapodast","status":"publish","type":"post","link":"https:\/\/gazdasagportal.hu\/index.php\/sziria-bassar-el-aszad-szerint-pragaban-irhatjak-ala-a-sziriarol-szolo-megallapodast\/","title":{"rendered":"Sz\u00edria &#8211; Bass\u00e1r el-Asz\u00e1d szerint Pr\u00e1g\u00e1ban \u00edrhatj\u00e1k al\u00e1 a Sz\u00edri\u00e1r\u00f3l sz\u00f3l\u00f3 meg\u00e1llapod\u00e1st"},"content":{"rendered":"<p><strong>Bass\u00e1r el-Asz\u00e1d sz\u00edriai \u00e1llamf\u0151 szerint re\u00e1lis es\u00e9ly van arra, hogy a sz\u00edriai helyzet rendez\u00e9s\u00e9r\u0151l sz\u00f3l\u00f3 meg\u00e1llapod\u00e1st Pr\u00e1g\u00e1ban \u00edrj\u00e1k al\u00e1. A sz\u00edr eln\u00f6k err\u0151l a Cseh Telev\u00edzi\u00f3ban h\u00e9tf\u0151n este sug\u00e1rzott interj\u00faban besz\u00e9lt.<\/strong><!--more--><\/p>\n<div class=\"ads-in-post1\"><div id=\"gazdasagportal.hu_fullbanner_wideboard\"><\/div>\r\n<\/div>\n<p>    A t\u0171zsz\u00fcnetr\u0151l sz\u00f3l\u00f3 nyilatkozat esetleges pr\u00e1gai al\u00e1\u00edr\u00e1s\u00e1nak lehet\u0151s\u00e9g\u00e9t els\u0151 \u00edzben Milos Zeman cseh \u00e1llamf\u0151  eml\u00edtette szeptemberben az ENSZ K\u00f6zgy\u0171l\u00e9s\u00e9n elmondott besz\u00e9d\u00e9ben. Zeman \u00e1ll\u00edt\u00e1sa szerint az elgondol\u00e1st a sz\u00edr korm\u00e1ny \u00e9s az ellenz\u00e9k egyar\u00e1nt t\u00e1mogatja. Aszad  ennek eshet\u0151s\u00e9g\u00e9t most meger\u0151s\u00edtette.     &#8222;Term\u00e9szetesen ez re\u00e1lis lehet. A sz\u00edriaiak azt mondj\u00e1k, nem lehet a b\u00e9kekonferencia p\u00e9ld\u00e1ul Franciaorsz\u00e1gban, mert Franciaorsz\u00e1g t\u00e1mogatja a terrorizmust, t\u00e1mogatja a h\u00e1bor\u00fat \u00e9s nem t\u00e1mogatja a b\u00e9k\u00e9t.  A sz\u00edr \u00e1llamf\u0151 szerint  a pr\u00e1gai helysz\u00edn &#8222;Csehorsz\u00e1g kiegyens\u00falyozott \u00e1ll\u00e1spontja miatt \u00e1ltal\u00e1nos t\u00e1mogat\u00e1sra fog tal\u00e1lni&#8221;.     Bass\u00e1r el-Asz\u00e1d az interj\u00faban ism\u00e9t azt hangoztatta:  a sz\u00edriai helyzet politikai rendez\u00e9s\u00e9nek felt\u00e9tele azoknak a felkel\u0151 csoportoknak a veres\u00e9ge, amelyek &#8211; mint fogalmazott &#8211;  megd\u00f6nt\u00e9s\u00e9re t\u00f6rekednek. &#8222;Minden a sz\u00edriaiak kez\u00e9ben van&#8221; &#8211; sz\u00f6gezte le.     A sz\u00edriai h\u00e1bor\u00fa k\u00f6vetkezt\u00e9ben m\u00e1r t\u00f6bb mint 11 milli\u00f3 ember v\u00e1lt f\u00f6ld\u00f6nfut\u00f3v\u00e1.     A sz\u00edr \u00e1llamf\u0151 szerint az Eur\u00f3p\u00e1ba tart\u00f3 menek\u00fcltek k\u00f6z\u00f6tt  k\u00fcl\u00f6nf\u00e9le emberek gtal\u00e1lhat\u00f3. &#8222;Ami a sz\u00edriai menek\u00fclteket illeti,  t\u00f6bbs\u00e9g\u00fck j\u00f3 sz\u00edr, hazafi, rendes ember. Term\u00e9szetesen terrorist\u00e1k is keveredtek k\u00f6z\u00e9j\u00fck, ez t\u00e9ny. Hogy h\u00e1nyan, azt neh\u00e9z lenne megmondani&#8221;  &#8211; fogalmazott  Bass\u00e1r el-Asz\u00e1d az interj\u00faban.<br \/>\n(MTI) <\/p>\n","protected":false},"excerpt":{"rendered":"<p>Bass\u00e1r el-Asz\u00e1d sz\u00edriai \u00e1llamf\u0151 szerint re\u00e1lis es\u00e9ly van arra, hogy a sz\u00edriai helyzet rendez\u00e9s\u00e9r\u0151l sz\u00f3l\u00f3 meg\u00e1llapod\u00e1st Pr\u00e1g\u00e1ban \u00edrj\u00e1k al\u00e1. A sz\u00edr eln\u00f6k err\u0151l a Cseh Telev\u00edzi\u00f3ban h\u00e9tf\u0151n este sug\u00e1rzott interj\u00faban besz\u00e9lt.<\/p>\n","protected":false},"author":1,"featured_media":0,"comment_status":"open","ping_status":"closed","sticky":false,"template":"","format":"standard","meta":[],"categories":[16],"tags":[],"_links":{"self":[{"href":"https:\/\/gazdasagportal.hu\/index.php\/wp-json\/wp\/v2\/posts\/71287"}],"collection":[{"href":"https:\/\/gazdasagportal.hu\/index.php\/wp-json\/wp\/v2\/posts"}],"about":[{"href":"https:\/\/gazdasagportal.hu\/index.php\/wp-json\/wp\/v2\/types\/post"}],"author":[{"embeddable":true,"href":"https:\/\/gazdasagportal.hu\/index.php\/wp-json\/wp\/v2\/users\/1"}],"replies":[{"embeddable":true,"href":"https:\/\/gazdasagportal.hu\/index.php\/wp-json\/wp\/v2\/comments?post=71287"}],"version-history":[{"count":1,"href":"https:\/\/gazdasagportal.hu\/index.php\/wp-json\/wp\/v2\/posts\/71287\/revisions"}],"predecessor-version":[{"id":71288,"href":"https:\/\/gazdasagportal.hu\/index.php\/wp-json\/wp\/v2\/posts\/71287\/revisions\/71288"}],"wp:attachment":[{"href":"https:\/\/gazdasagportal.hu\/index.php\/wp-json\/wp\/v2\/media?parent=71287"}],"wp:term":[{"taxonomy":"category","embeddable":true,"href":"https:\/\/gazdasagportal.hu\/index.php\/wp-json\/wp\/v2\/categories?post=71287"},{"taxonomy":"post_tag","embeddable":true,"href":"https:\/\/gazdasagportal.hu\/index.php\/wp-json\/wp\/v2\/tags?post=71287"}],"curies":[{"name":"wp","href":"https:\/\/api.w.org\/{rel}","templated":true}]}}