{"id":71285,"date":"2015-11-30T21:40:09","date_gmt":"2015-11-30T20:40:09","guid":{"rendered":"http:\/\/gazdasagportal.hu\/?p=71285"},"modified":"2015-11-30T21:40:09","modified_gmt":"2015-11-30T20:40:09","slug":"orosz-vadaszgep-putyin-az-orosz-gepet-az-ia-olajszallitmanyainak-vedelmeben-lottek-le-erdogan-bizonyitekot-kovetel","status":"publish","type":"post","link":"https:\/\/gazdasagportal.hu\/index.php\/orosz-vadaszgep-putyin-az-orosz-gepet-az-ia-olajszallitmanyainak-vedelmeben-lottek-le-erdogan-bizonyitekot-kovetel\/","title":{"rendered":"Orosz vad\u00e1szg\u00e9p &#8211; Putyin: az orosz g\u00e9pet az I\u00c1 olajsz\u00e1ll\u00edtm\u00e1nyainak v\u00e9delm\u00e9ben l\u0151tt\u00e9k le, Erdogan bizony\u00edt\u00e9kot k\u00f6vetel"},"content":{"rendered":"<p><strong>Oroszorsz\u00e1g joggal felt\u00e9telezheti, hogy a m\u00falt h\u00e9ten az\u00e9rt l\u0151tt\u00e9k le a Szu-24-es orosz harci g\u00e9pet, mert \u00edgy akart\u00e1k biztos\u00edtani az Iszl\u00e1m \u00c1llam illeg\u00e1lis olajsz\u00e1ll\u00edtm\u00e1nyainak a zavartalans\u00e1g\u00e1t &#8211; v\u00e9lekedett Vlagyimir Putyin h\u00e9tf\u0151n P\u00e1rizsban. Recep Tayyip Erdogan t\u00f6r\u00f6k eln\u00f6k bizony\u00edt\u00e9kokat k\u00f6vetelt az \u00e1ll\u00edt\u00e1sra.<\/strong><!--more--><\/p>\n<div class=\"ads-in-post1\"><div id=\"gazdasagportal.hu_fullbanner_wideboard\"><\/div>\r\n<\/div>\n<p>    Az orosz eln\u00f6k a kl\u00edmacs\u00facs keret\u00e9ben tartott sajt\u00f3\u00e9rtekezlet\u00e9n \u00fajs\u00e1g\u00edr\u00f3knak elmondta: a g\u00e9p lel\u00f6v\u00e9s\u00e9nek \u00fcgy\u00e9t megbesz\u00e9lte t\u00f6bb orsz\u00e1g vezet\u0151j\u00e9vel is ezen a f\u00f3rumon. &#8222;Ami a lel\u0151tt orosz g\u00e9p t\u00e9m\u00e1j\u00e1t illeti, term\u00e9szetesen gyakorlatilag minden k\u00e9toldal\u00fa tal\u00e1lkoz\u00f3mon sz\u00f3ba ker\u00fclt, \u00e9s megadtam a megfelel\u0151 felvil\u00e1gos\u00edt\u00e1st, elmondtam mindazt, ami t\u00f6rt\u00e9nt&#8221; &#8211; mondta Putyin. Hangs\u00falyozta: minden koll\u00e9g\u00e1ja figyelmesen meghallgatta \u0151t, t\u00f6bbs\u00e9g\u00fck mindenk\u00e9ppen osztja azt a v\u00e9lem\u00e9nyt, miszerint nem volt semmi sz\u00fcks\u00e9g csap\u00e1st m\u00e9rni a v\u00e9dtelen orosz vad\u00e1szbomb\u00e1z\u00f3ra, hiszen az nem vesz\u00e9lyeztette T\u00f6r\u00f6korsz\u00e1got.<br \/>\n    Az orosz eln\u00f6k azt \u00e1ll\u00edtotta: Moszkva olyan &#8222;kieg\u00e9sz\u00edt\u0151 adatokhoz&#8221; jutott, amelyek al\u00e1t\u00e1masztj\u00e1k felt\u00e9telez\u00e9s\u00e9t, miszerint az Iszl\u00e1m \u00c1llam \u00e1ltal ellen\u0151rz\u00f6tt sz\u00edriai ter\u00fcleteken kitermelt olajat ipari m\u00e9retekben sz\u00e1ll\u00edtj\u00e1k \u00e1t t\u00f6r\u00f6k ter\u00fcletre. &#8222;Ez\u00e9rt minden okunk megvan azt felt\u00e9telezni: a g\u00e9p\u00fcnk lel\u00f6v\u00e9s\u00e9re vonatkoz\u00f3 d\u00f6nt\u00e9s m\u00f6g\u00f6tt az a sz\u00e1nd\u00e9k h\u00faz\u00f3dott, hogy v\u00e9delmezz\u00e9k ezeket a t\u00f6r\u00f6k ter\u00fclet fel\u00e9 tart\u00f3 olajsz\u00e1ll\u00edt\u00e1si \u00fatvonalakat&#8221; &#8211; \u00e1llap\u00edtotta meg.<br \/>\n    Putyin sajn\u00e1lat\u00e1t fejezte ki az orosz-t\u00f6r\u00f6k kapcsolatok roml\u00e1sa miatt, de hozz\u00e1tette: az Ankar\u00e1val folytatott p\u00e1rbesz\u00e9d sz\u00e1mos probl\u00e9m\u00e1ja r\u00e9gi kelet\u0171. P\u00e9ldak\u00e9nt eml\u00edtette, hogy a k\u00e9t orsz\u00e1g k\u00f6z\u00f6tt \u00e9rv\u00e9nyben l\u00e9v\u0151 v\u00edzummentess\u00e9ggel a terrorist\u00e1k vissza\u00e9lnek.<br \/>\n    Azokra a fegyveresekre utalt, akik Oroszorsz\u00e1g k\u00fcl\u00f6nb\u00f6z\u0151 r\u00e9gi\u00f3iban, \u00edgy az \u00e9szak-kauk\u00e1zusi t\u00e9rs\u00e9gben harcolnak az orosz hat\u00f3s\u00e1gok ellen. Moszkva m\u00e1r t\u00f6bbsz\u00f6r hi\u00e1ba jelezte ezt a probl\u00e9m\u00e1t Ankar\u00e1nak, mivel az eml\u00edtett terrorist\u00e1k sokszor \u00e1tmennek t\u00f6r\u00f6k ter\u00fcletre, ott egy ideig k\u00fcl\u00f6nf\u00e9le &#8211; a titkosszolg\u00e1latok \u00e9s a rend\u0151rs\u00e9g \u00e1ltal &#8222;v\u00e9dett&#8221; &#8211; r\u00e9gi\u00f3kban megh\u00faz\u00f3dnak, majd kihaszn\u00e1lva a v\u00edzummentess\u00e9get, ism\u00e9t \u00e1tmennek Oroszorsz\u00e1gba, \u00e9s ott folytatj\u00e1k a harcot az orosz fegyveres er\u0151k ellen &#8211; magyar\u00e1zta Putyin.<br \/>\n    Az EFE h\u00edr\u00fcgyn\u00f6ks\u00e9g p\u00e1rizsi keltez\u00e9s\u0171 h\u00edr\u00e9ben a t\u00f6r\u00f6k eln\u00f6k reag\u00e1l\u00e1s\u00e1t id\u00e9zte. Eszerint Recep Tayyip Erdogan &#8211; szint\u00e9n P\u00e1rizsban tartott &#8211; sajt\u00f3\u00e9rtekezlet\u00e9n \u00e1ll\u00edt\u00f3lag azt \u00edg\u00e9rte: lemond tiszts\u00e9g\u00e9r\u0151l, ha az orosz f\u00e9l bebizony\u00edtja a Putyin \u00e1ltal hangoztatott v\u00e1dakat az orosz g\u00e9p lel\u00f6v\u00e9s\u00e9nek &#8222;h\u00e1ts\u00f3 sz\u00e1nd\u00e9kait&#8221; illet\u0151en. Ugyanakkor \u00e9lesen b\u00edr\u00e1lta az orosz eln\u00f6k\u00f6t. &#8222;Nem erk\u00f6lcs\u00f6s dolog azzal v\u00e1dolni T\u00f6r\u00f6korsz\u00e1got, hogy olajat v\u00e1s\u00e1rol az Iszl\u00e1m \u00c1llamt\u00f3l. Ha vannak err\u0151l dokumentumok, akkor azokat tess\u00e9k bemutatni, hogy l\u00e1thassuk. Ha be lesznek mutatva, akkor \u00e9n nem maradok a helyemen. De Putyin \u00fart\u00f3l azt k\u00e9rdem: \u00d6n megmarad tiszts\u00e9g\u00e9ben?&#8221; &#8211; id\u00e9zte Erdogant a spanyol h\u00edr\u00fcgyn\u00f6ks\u00e9g.(MTI)<\/p>\n","protected":false},"excerpt":{"rendered":"<p>Oroszorsz\u00e1g joggal felt\u00e9telezheti, hogy a m\u00falt h\u00e9ten az\u00e9rt l\u0151tt\u00e9k le a Szu-24-es orosz harci g\u00e9pet, mert \u00edgy akart\u00e1k biztos\u00edtani az Iszl\u00e1m \u00c1llam illeg\u00e1lis olajsz\u00e1ll\u00edtm\u00e1nyainak a zavartalans\u00e1g\u00e1t &#8211; v\u00e9lekedett Vlagyimir Putyin h\u00e9tf\u0151n P\u00e1rizsban. Recep Tayyip Erdogan t\u00f6r\u00f6k eln\u00f6k bizony\u00edt\u00e9kokat k\u00f6vetelt az \u00e1ll\u00edt\u00e1sra.<\/p>\n","protected":false},"author":1,"featured_media":0,"comment_status":"open","ping_status":"closed","sticky":false,"template":"","format":"standard","meta":[],"categories":[16],"tags":[],"_links":{"self":[{"href":"https:\/\/gazdasagportal.hu\/index.php\/wp-json\/wp\/v2\/posts\/71285"}],"collection":[{"href":"https:\/\/gazdasagportal.hu\/index.php\/wp-json\/wp\/v2\/posts"}],"about":[{"href":"https:\/\/gazdasagportal.hu\/index.php\/wp-json\/wp\/v2\/types\/post"}],"author":[{"embeddable":true,"href":"https:\/\/gazdasagportal.hu\/index.php\/wp-json\/wp\/v2\/users\/1"}],"replies":[{"embeddable":true,"href":"https:\/\/gazdasagportal.hu\/index.php\/wp-json\/wp\/v2\/comments?post=71285"}],"version-history":[{"count":1,"href":"https:\/\/gazdasagportal.hu\/index.php\/wp-json\/wp\/v2\/posts\/71285\/revisions"}],"predecessor-version":[{"id":71286,"href":"https:\/\/gazdasagportal.hu\/index.php\/wp-json\/wp\/v2\/posts\/71285\/revisions\/71286"}],"wp:attachment":[{"href":"https:\/\/gazdasagportal.hu\/index.php\/wp-json\/wp\/v2\/media?parent=71285"}],"wp:term":[{"taxonomy":"category","embeddable":true,"href":"https:\/\/gazdasagportal.hu\/index.php\/wp-json\/wp\/v2\/categories?post=71285"},{"taxonomy":"post_tag","embeddable":true,"href":"https:\/\/gazdasagportal.hu\/index.php\/wp-json\/wp\/v2\/tags?post=71285"}],"curies":[{"name":"wp","href":"https:\/\/api.w.org\/{rel}","templated":true}]}}