{"id":71279,"date":"2015-11-30T17:31:54","date_gmt":"2015-11-30T16:31:54","guid":{"rendered":"http:\/\/gazdasagportal.hu\/?p=71279"},"modified":"2015-11-30T17:31:54","modified_gmt":"2015-11-30T16:31:54","slug":"foldarveresek-az-nvb-elutasitotta-az-eladasi-tilalmat-celzo-nepszavazasi-kezdemenyezest","status":"publish","type":"post","link":"https:\/\/gazdasagportal.hu\/index.php\/foldarveresek-az-nvb-elutasitotta-az-eladasi-tilalmat-celzo-nepszavazasi-kezdemenyezest\/","title":{"rendered":"F\u00f6ld\u00e1rver\u00e9sek &#8211; Az NVB elutas\u00edtotta az elad\u00e1si tilalmat c\u00e9lz\u00f3 n\u00e9pszavaz\u00e1si kezdem\u00e9nyez\u00e9st"},"content":{"rendered":"<p><strong>Elutas\u00edtotta az \u00e1llami term\u0151f\u00f6ldek elad\u00e1s\u00e1nak tilalm\u00e1t c\u00e9lz\u00f3 n\u00e9pszavaz\u00e1si kezdem\u00e9nyez\u00e9st a Nemzeti V\u00e1laszt\u00e1si Bizotts\u00e1g (NVB) h\u00e9tf\u0151i \u00fcl\u00e9s\u00e9n; a k\u00e9rd\u00e9st G\u0151g\u00f6s Zolt\u00e1n szocialista politikus ny\u00fajtotta be mag\u00e1nszem\u00e9lyk\u00e9nt.<br \/>\n<\/strong><!--more--><\/p>\n<div class=\"ads-in-post1\"><div id=\"gazdasagportal.hu_fullbanner_wideboard\"><\/div>\r\n<\/div>\n    A k\u00e9rd\u00e9s hiteles\u00edt\u00e9s\u00e9t a test\u00fclet 6:4 ar\u00e1nyban utas\u00edtotta el; kisebbs\u00e9gben maradt az MSZP \u00e9s a Jobbik deleg\u00e1ltja, tov\u00e1bb\u00e1 k\u00e9t, az Orsz\u00e1ggy\u0171l\u00e9s \u00e1ltal v\u00e1lasztott tag. Az LMP deleg\u00e1ltja nem vett r\u00e9szt az \u00fcl\u00e9sen.<br \/>\n    Az NVB arra hivatkozva tagadta meg a beny\u00fajtott k\u00e9rd\u00e9s \u00edv\u00e9nek hiteles\u00edt\u00e9s\u00e9t, hogy a kezdem\u00e9nyez\u00e9s a k\u00f6lts\u00e9gvet\u00e9si t\u00f6rv\u00e9nyt \u00e9rinti, megfogalmaz\u00e1sa pedig nem teljesen egy\u00e9rtelm\u0171.<br \/>\n    A k\u00e9rd\u00e9s hiteles\u00edt\u00e9se mellett szavaz\u00f3k azzal \u00e9rveltek, hogy szinte nincs olyan kezdem\u00e9nyez\u00e9s, amely k\u00f6zvetve ne \u00e9rinten\u00e9 az \u00e1llami k\u00f6lts\u00e9gvet\u00e9st.<br \/>\n    Patyi Andr\u00e1s eln\u00f6k ezzel kapcsolatban arra h\u00edvta fel a figyelmet, hogy ebben az esetben nem t\u00e1voli, k\u00f6zvetett a kezdem\u00e9nyez\u00e9s k\u00f6lts\u00e9gvet\u00e9st \u00e9rint\u0151 kapcsolata, hanem konkr\u00e9t, mert a m\u00e1r kihirdetett j\u00f6v\u0151 \u00e9vi k\u00f6lts\u00e9gvet\u00e9si t\u00f6rv\u00e9nyt, annak bev\u00e9teli oldal\u00e1t \u00e9rinti.<br \/>\n    A vita \u00e9rintette azt is: egy\u00e9rtelm\u0171-e, illetve el\u00e9g &#8222;prec\u00edz-e&#8221; a k\u00e9rd\u00e9s, teh\u00e1t az Orsz\u00e1ggy\u0171l\u00e9st arra k\u00f6telezn\u00e9, hogy abszol\u00fat tilalomr\u00f3l alkosson t\u00f6rv\u00e9nyt, vagy &#8222;\u00e1ltal\u00e1ban&#8221;, ebben a t\u00e9mak\u00f6rben.<br \/>\n    Az NVB \u00e1ltal nem hiteles\u00edtett k\u00e9rd\u00e9s \u00fagy sz\u00f3l: &#8222;Egyet\u00e9rt-e \u00d6n azzal, hogy az Orsz\u00e1ggy\u0171l\u00e9s alkosson t\u00f6rv\u00e9nyt az \u00e1llami tulajdonban \u00e1ll\u00f3 term\u0151f\u00f6ldek \u00e9rt\u00e9kes\u00edt\u00e9s\u00e9nek a tilalm\u00e1r\u00f3l?&#8221;.<br \/>\n    Az NVB hat\u00e1rozat\u00e1val szemben 15 napon bel\u00fcl a K\u00fari\u00e1hoz lehet jogorvoslattal fordulni.(MTI)<\/p>\n","protected":false},"excerpt":{"rendered":"<p>Elutas\u00edtotta az \u00e1llami term\u0151f\u00f6ldek elad\u00e1s\u00e1nak tilalm\u00e1t c\u00e9lz\u00f3 n\u00e9pszavaz\u00e1si kezdem\u00e9nyez\u00e9st a Nemzeti V\u00e1laszt\u00e1si Bizotts\u00e1g (NVB) h\u00e9tf\u0151i \u00fcl\u00e9s\u00e9n; a k\u00e9rd\u00e9st G\u0151g\u00f6s Zolt\u00e1n szocialista politikus ny\u00fajtotta be mag\u00e1nszem\u00e9lyk\u00e9nt.<\/p>\n","protected":false},"author":1,"featured_media":0,"comment_status":"open","ping_status":"closed","sticky":false,"template":"","format":"standard","meta":[],"categories":[19],"tags":[],"_links":{"self":[{"href":"https:\/\/gazdasagportal.hu\/index.php\/wp-json\/wp\/v2\/posts\/71279"}],"collection":[{"href":"https:\/\/gazdasagportal.hu\/index.php\/wp-json\/wp\/v2\/posts"}],"about":[{"href":"https:\/\/gazdasagportal.hu\/index.php\/wp-json\/wp\/v2\/types\/post"}],"author":[{"embeddable":true,"href":"https:\/\/gazdasagportal.hu\/index.php\/wp-json\/wp\/v2\/users\/1"}],"replies":[{"embeddable":true,"href":"https:\/\/gazdasagportal.hu\/index.php\/wp-json\/wp\/v2\/comments?post=71279"}],"version-history":[{"count":1,"href":"https:\/\/gazdasagportal.hu\/index.php\/wp-json\/wp\/v2\/posts\/71279\/revisions"}],"predecessor-version":[{"id":71280,"href":"https:\/\/gazdasagportal.hu\/index.php\/wp-json\/wp\/v2\/posts\/71279\/revisions\/71280"}],"wp:attachment":[{"href":"https:\/\/gazdasagportal.hu\/index.php\/wp-json\/wp\/v2\/media?parent=71279"}],"wp:term":[{"taxonomy":"category","embeddable":true,"href":"https:\/\/gazdasagportal.hu\/index.php\/wp-json\/wp\/v2\/categories?post=71279"},{"taxonomy":"post_tag","embeddable":true,"href":"https:\/\/gazdasagportal.hu\/index.php\/wp-json\/wp\/v2\/tags?post=71279"}],"curies":[{"name":"wp","href":"https:\/\/api.w.org\/{rel}","templated":true}]}}