{"id":71275,"date":"2015-11-30T16:54:38","date_gmt":"2015-11-30T15:54:38","guid":{"rendered":"http:\/\/gazdasagportal.hu\/?p=71275"},"modified":"2015-11-30T16:54:38","modified_gmt":"2015-11-30T15:54:38","slug":"eu-torok-csucs-dk-orban-viktor-vesztett-az-unios-csucson","status":"publish","type":"post","link":"https:\/\/gazdasagportal.hu\/index.php\/eu-torok-csucs-dk-orban-viktor-vesztett-az-unios-csucson\/","title":{"rendered":"EU-t\u00f6r\u00f6k cs\u00facs &#8211; DK: Orb\u00e1n Viktor vesztett az uni\u00f3s cs\u00facson"},"content":{"rendered":"<p><strong>A Demokratikus Koal\u00edci\u00f3 szerint Orb\u00e1n Viktor minisztereln\u00f6k nem gy\u0151z\u00f6tt, hanem vesztett az Eur\u00f3pai Uni\u00f3 \u00e9s T\u00f6r\u00f6korsz\u00e1g vezet\u0151inek vas\u00e1rnap Br\u00fcsszelben tartott rendk\u00edv\u00fcli cs\u00facstal\u00e1lkoz\u00f3j\u00e1n. Ek\u00f6zben ism\u00e9t bebizonyosodott, hogy a magyar korm\u00e1ny akad\u00e1lya Eur\u00f3pa k\u00f6z\u00f6s biztons\u00e1g\u00e1nak &#8211; k\u00f6z\u00f6lte h\u00e9tf\u0151n az MTI-vel a p\u00e1rt EP-k\u00e9pvisel\u0151je.<br \/>\n<\/strong><!--more--><\/p>\n<div class=\"ads-in-post1\"><div id=\"gazdasagportal.hu_fullbanner_wideboard\"><\/div>\r\n<\/div>\n    Niederm\u00fcller P\u00e9ter \u00fagy fogalmazott, a korm\u00e1nyf\u0151 hatalmas gy\u0151zelemk\u00e9nt \u00fcnnepli, hogy &#8222;a vas\u00e1rnap elfogadott z\u00e1r\u00f3nyilatkozatnak nem r\u00e9sze az, hogy az Eur\u00f3pai Uni\u00f3 orsz\u00e1gai k\u00f6z\u00f6tt k\u00f6telez\u0151en sz\u00e9t lehetne osztani a migr\u00e1nsokat&#8221;. A minisztereln\u00f6k ism\u00e9t bl\u00f6ff\u00f6l vagy csak sim\u00e1n hazudik &#8211; v\u00e9li a politikus.<br \/>\n    A cs\u00facs c\u00e9lja az volt, hogy Eur\u00f3pa meg\u00e1llapodjon T\u00f6r\u00f6korsz\u00e1ggal abban, hogy k\u00f6z\u00f6sen kezelik a menek\u00fcltek helyzet\u00e9t. Ennek a csomagnak r\u00e9sze az is, hogy t\u00f6bb uni\u00f3s tagorsz\u00e1g v\u00e1llalta, hogy hajland\u00f3 fogadni a T\u00f6r\u00f6korsz\u00e1gban l\u00e9v\u0151 menek\u00fcltek egy r\u00e9sz\u00e9t. Ez a meg\u00e1llapod\u00e1s azonban semmilyen m\u00f3don nem \u00e9rinti az Eur\u00f3pai Tan\u00e1cs kor\u00e1bbi, \u00e9rv\u00e9nyes hat\u00e1rozat\u00e1t, ami a m\u00e1r az uni\u00f3 ter\u00fclet\u00e9n l\u00e9v\u0151 menek\u00fcltek \u00fajraeloszt\u00e1s\u00e1r\u00f3l, teh\u00e1t a kv\u00f3t\u00e1r\u00f3l sz\u00f3 &#8211; hangs\u00falyozza.<br \/>\n    Niederm\u00fcller P\u00e9ter azt is kijelenti, Magyarorsz\u00e1gnak jogi \u00e9s erk\u00f6lcsi k\u00f6teless\u00e9ge az, hogy fogadja az ebben a rendszerben Magyarorsz\u00e1gra \u00e9rkez\u0151 mintegy k\u00e9tezer menek\u00fcltet.(MTI)<\/p>\n","protected":false},"excerpt":{"rendered":"<p>A Demokratikus Koal\u00edci\u00f3 szerint Orb\u00e1n Viktor minisztereln\u00f6k nem gy\u0151z\u00f6tt, hanem vesztett az Eur\u00f3pai Uni\u00f3 \u00e9s T\u00f6r\u00f6korsz\u00e1g vezet\u0151inek vas\u00e1rnap Br\u00fcsszelben tartott rendk\u00edv\u00fcli cs\u00facstal\u00e1lkoz\u00f3j\u00e1n. Ek\u00f6zben ism\u00e9t bebizonyosodott, hogy a magyar korm\u00e1ny akad\u00e1lya Eur\u00f3pa k\u00f6z\u00f6s biztons\u00e1g\u00e1nak &#8211; k\u00f6z\u00f6lte h\u00e9tf\u0151n az MTI-vel a p\u00e1rt EP-k\u00e9pvisel\u0151je.<\/p>\n","protected":false},"author":1,"featured_media":0,"comment_status":"open","ping_status":"closed","sticky":false,"template":"","format":"standard","meta":[],"categories":[4,18],"tags":[],"_links":{"self":[{"href":"https:\/\/gazdasagportal.hu\/index.php\/wp-json\/wp\/v2\/posts\/71275"}],"collection":[{"href":"https:\/\/gazdasagportal.hu\/index.php\/wp-json\/wp\/v2\/posts"}],"about":[{"href":"https:\/\/gazdasagportal.hu\/index.php\/wp-json\/wp\/v2\/types\/post"}],"author":[{"embeddable":true,"href":"https:\/\/gazdasagportal.hu\/index.php\/wp-json\/wp\/v2\/users\/1"}],"replies":[{"embeddable":true,"href":"https:\/\/gazdasagportal.hu\/index.php\/wp-json\/wp\/v2\/comments?post=71275"}],"version-history":[{"count":1,"href":"https:\/\/gazdasagportal.hu\/index.php\/wp-json\/wp\/v2\/posts\/71275\/revisions"}],"predecessor-version":[{"id":71276,"href":"https:\/\/gazdasagportal.hu\/index.php\/wp-json\/wp\/v2\/posts\/71275\/revisions\/71276"}],"wp:attachment":[{"href":"https:\/\/gazdasagportal.hu\/index.php\/wp-json\/wp\/v2\/media?parent=71275"}],"wp:term":[{"taxonomy":"category","embeddable":true,"href":"https:\/\/gazdasagportal.hu\/index.php\/wp-json\/wp\/v2\/categories?post=71275"},{"taxonomy":"post_tag","embeddable":true,"href":"https:\/\/gazdasagportal.hu\/index.php\/wp-json\/wp\/v2\/tags?post=71275"}],"curies":[{"name":"wp","href":"https:\/\/api.w.org\/{rel}","templated":true}]}}