{"id":71269,"date":"2015-11-30T16:09:52","date_gmt":"2015-11-30T15:09:52","guid":{"rendered":"http:\/\/gazdasagportal.hu\/?p=71269"},"modified":"2015-11-30T16:09:52","modified_gmt":"2015-11-30T15:09:52","slug":"ujabb-penzugyi-torvenycsomag-a-parlament-elott","status":"publish","type":"post","link":"https:\/\/gazdasagportal.hu\/index.php\/ujabb-penzugyi-torvenycsomag-a-parlament-elott\/","title":{"rendered":"\u00dajabb p\u00e9nz\u00fcgyi t\u00f6rv\u00e9nycsomag a parlament el\u0151tt"},"content":{"rendered":"<p><strong>A Nemzeti Ad\u00f3- \u00e9s V\u00e1mhivatal \u00e1talak\u00edt\u00e1s\u00e1val kapcsolatban sz\u00e1mos t\u00f6rv\u00e9nyt m\u00f3dos\u00edt az a t\u00f6rv\u00e9nyjavaslat, amelyet h\u00e9tf\u0151n terjesztett Varga Mih\u00e1ly nemzetgazdas\u00e1gi miniszter az Orsz\u00e1ggy\u0171l\u00e9s el\u00e9.<\/strong><!--more--><\/p>\n<div class=\"ads-in-post1\"><div id=\"gazdasagportal.hu_fullbanner_wideboard\"><\/div>\r\n<\/div>\n<p>    Az &#8222;egyes t\u00f6rv\u00e9nyeknek a Nemzeti Ad\u00f3- \u00e9s V\u00e1mhivatal \u00e1talak\u00edt\u00e1s\u00e1val, valamint a k\u00f6lts\u00e9gvet\u00e9si tervez\u00e9ssel \u00e9s gazd\u00e1lkod\u00e1ssal kapcsolatos m\u00f3dos\u00edt\u00e1s\u00e1r\u00f3l&#8221; c\u00edmet visel\u0151 javaslat alapj\u00e1n a j\u00f6v\u0151 \u00e9v els\u0151 napj\u00e1t\u00f3l \u00faj illetm\u00e9ny b\u00e9rbesorol\u00e1st kapnak a NAV szem\u00e9lyi \u00e1llom\u00e1ny\u00e1ba tartoz\u00f3 korm\u00e1nytisztvisel\u0151k \u00e9s p\u00e9nz\u00fcgy\u0151r\u00f6k.<br \/>\n    Az \u00e1talak\u00edt\u00e1ssal \u00e9rintett korm\u00e1nytisztvisel\u0151, illetve p\u00e9nz\u00fcgy\u0151r illetm\u00e9nye a j\u00f6v\u0151 \u00e9v els\u0151 napj\u00e1n nem lehet kevesebb, mint amennyi ez \u00e9v utols\u00f3 napj\u00e1n volt. Ez al\u00f3l kiv\u00e9tel az, ha az alacsonyabb illetm\u00e9nyt a vezet\u0151i kinevez\u00e9sben t\u00f6rt\u00e9nt v\u00e1ltoz\u00e1s indokolja.<br \/>\n    Az illetm\u00e9ny a k\u00f6vetkez\u0151 elemekb\u0151l \u00e1ll \u00f6ssze: az alapilletm\u00e9nyb\u0151l, az illetm\u00e9nykieg\u00e9sz\u00edt\u00e9sb\u0151l, a nyelvp\u00f3tl\u00e9kb\u00f3l, a vezet\u0151i illetm\u00e9nyp\u00f3tl\u00e9kb\u00f3l, tov\u00e1bb\u00e1 a vesz\u00e9lyess\u00e9gi p\u00f3tl\u00e9kb\u00f3l.<br \/>\n    Amennyiben valakinek az illetm\u00e9nye az \u00faj besorol\u00e1s alapj\u00e1n nem \u00e9ri el a kor\u00e1bbit, akkor a 2015. december 31-\u00e9n hat\u00e1lyos illetm\u00e9nyt meghalad\u00f3 r\u00e9szt 2016. janu\u00e1r 1-j\u00e9t\u0151l k\u00fcl\u00f6n illetm\u00e9nyelemk\u00e9nt &#8211; kompenz\u00e1ci\u00f3s d\u00edjk\u00e9nt &#8211; kell meg\u00e1llap\u00edtani.<br \/>\n    A j\u00f6ved\u00e9ki t\u00f6rv\u00e9ny \u00fagy m\u00f3dosul, hogy &#8211; egy kiv\u00e9tellel &#8211; a v\u00e1mhat\u00f3s\u00e1g j\u00e1r el a j\u00f6ved\u00e9ki \u00fcgyekben. A kiv\u00e9tel az otthoni p\u00e1linkaf\u0151z\u00e9s szab\u00e1lyai betart\u00e1s\u00e1nak az ellen\u0151rz\u00e9se. Ez az \u00f6nkorm\u00e1nyzati ad\u00f3hat\u00f3s\u00e1g feladata lesz. Viszont az otthon el\u0151\u00e1ll\u00edtott, de jogszab\u00e1lys\u00e9rt\u0151 m\u00f3don \u00e9rt\u00e9kes\u00edtett p\u00e1link\u00e1val kapcsolatos \u00fcgyekben m\u00e1r \u00fajra a v\u00e1mhat\u00f3s\u00e1g j\u00e1r el.<br \/>\n    A k\u00f6zalkalmazottak jog\u00e1ll\u00e1s\u00e1r\u00f3l sz\u00f3l\u00f3 t\u00f6rv\u00e9nyt pedig \u00fagy m\u00f3dos\u00edtja a javaslat, hogy az eddigi 14 fizet\u00e9si fokozatot 17-re emeli. Az alap illetm\u00e9ny szorz\u00f3sz\u00e1ma a NAV k\u00f6zponti ir\u00e1ny\u00edt\u00f3j\u00e1n\u00e1l 10,7, m\u00edg szakf\u0151igazgat\u00f3kn\u00e1l 9,95. Az igazgat\u00f3k szorz\u00f3sz\u00e1ma 7,97-8,85, a f\u0151oszt\u00e1lyvezet\u0151k\u00e9 pedig 7,20-8,00.<br \/>\n    Az \u00e1llamh\u00e1ztart\u00e1si t\u00f6rv\u00e9ny m\u00f3dos\u00edt\u00e1sa pedig kieg\u00e9sz\u00fclt egy &#8211;  Nyilv\u00e1noss\u00e1g &#8211; c\u00edm\u0171 fejezettel. Ez megszabja a kincst\u00e1rnak azt, hogy k\u00f6teles monitoringrendszert m\u0171k\u00f6dtetni. A monitoring rendszer a k\u00f6lts\u00e9gvet\u00e9si t\u00e1mogat\u00e1sokat \u00e9s a k\u00f6lts\u00e9gvet\u00e9si t\u00e1mogat\u00e1snak nem min\u0151s\u00fcl\u0151 csek\u00e9ly \u00f6sszeg\u0171 t\u00e1mogat\u00e1sokat tartalmazza. A kincst\u00e1r emellett  k\u00f6zrem\u0171k\u00f6dik a t\u00e1mogat\u00e1sok felhaszn\u00e1l\u00e1s\u00e1nak \u00f6sszehangol\u00e1s\u00e1ban. A monitoringrendszerben nem r\u00f6gz\u00edtett t\u00e1mogat\u00e1si d\u00f6nt\u00e9s alapj\u00e1n &#8211; \u00e9rv\u00e9nyesen &#8211; t\u00e1mogat\u00e1s nem ny\u00fajthat\u00f3.(MTI)<\/p>\n","protected":false},"excerpt":{"rendered":"<p>A Nemzeti Ad\u00f3- \u00e9s V\u00e1mhivatal \u00e1talak\u00edt\u00e1s\u00e1val kapcsolatban sz\u00e1mos t\u00f6rv\u00e9nyt m\u00f3dos\u00edt az a t\u00f6rv\u00e9nyjavaslat, amelyet h\u00e9tf\u0151n terjesztett Varga Mih\u00e1ly nemzetgazdas\u00e1gi miniszter az Orsz\u00e1ggy\u0171l\u00e9s el\u00e9.<\/p>\n","protected":false},"author":1,"featured_media":0,"comment_status":"open","ping_status":"closed","sticky":false,"template":"","format":"standard","meta":[],"categories":[19],"tags":[],"_links":{"self":[{"href":"https:\/\/gazdasagportal.hu\/index.php\/wp-json\/wp\/v2\/posts\/71269"}],"collection":[{"href":"https:\/\/gazdasagportal.hu\/index.php\/wp-json\/wp\/v2\/posts"}],"about":[{"href":"https:\/\/gazdasagportal.hu\/index.php\/wp-json\/wp\/v2\/types\/post"}],"author":[{"embeddable":true,"href":"https:\/\/gazdasagportal.hu\/index.php\/wp-json\/wp\/v2\/users\/1"}],"replies":[{"embeddable":true,"href":"https:\/\/gazdasagportal.hu\/index.php\/wp-json\/wp\/v2\/comments?post=71269"}],"version-history":[{"count":1,"href":"https:\/\/gazdasagportal.hu\/index.php\/wp-json\/wp\/v2\/posts\/71269\/revisions"}],"predecessor-version":[{"id":71270,"href":"https:\/\/gazdasagportal.hu\/index.php\/wp-json\/wp\/v2\/posts\/71269\/revisions\/71270"}],"wp:attachment":[{"href":"https:\/\/gazdasagportal.hu\/index.php\/wp-json\/wp\/v2\/media?parent=71269"}],"wp:term":[{"taxonomy":"category","embeddable":true,"href":"https:\/\/gazdasagportal.hu\/index.php\/wp-json\/wp\/v2\/categories?post=71269"},{"taxonomy":"post_tag","embeddable":true,"href":"https:\/\/gazdasagportal.hu\/index.php\/wp-json\/wp\/v2\/tags?post=71269"}],"curies":[{"name":"wp","href":"https:\/\/api.w.org\/{rel}","templated":true}]}}