{"id":71265,"date":"2015-11-30T15:41:05","date_gmt":"2015-11-30T14:41:05","guid":{"rendered":"http:\/\/gazdasagportal.hu\/?p=71265"},"modified":"2015-11-30T15:41:05","modified_gmt":"2015-11-30T14:41:05","slug":"iszlam-allam-tobb-mint-120-harcos-tert-mar-vissza-koszovoba","status":"publish","type":"post","link":"https:\/\/gazdasagportal.hu\/index.php\/iszlam-allam-tobb-mint-120-harcos-tert-mar-vissza-koszovoba\/","title":{"rendered":"Iszl\u00e1m \u00c1llam &#8211; T\u00f6bb mint 120 harcos t\u00e9rt m\u00e1r vissza Koszov\u00f3ba"},"content":{"rendered":"<p><strong>T\u00f6bb mint 120 olyan harcos van jelenleg Koszov\u00f3ban, aki kor\u00e1bban az Iszl\u00e1m \u00c1llam (I\u00c1) nev\u0171 terrorszervezet soraiban harcolt &#8211; jelentette ki h\u00e9tf\u0151n Baki Kelani, a koszov\u00f3i rend\u0151rs\u00e9g a Zeri c\u00edm\u0171 pristinai napilap besz\u00e1mol\u00f3ja szerint.<\/strong><!--more--><\/p>\n<div class=\"ads-in-post1\"><div id=\"gazdasagportal.hu_fullbanner_wideboard\"><\/div>\r\n<\/div>\n<p>    Olyan f\u00e9rfiakr\u00f3l van sz\u00f3, akik 2011 \u00f3ta sz\u00edriai \u00e9s iraki harcokban vettek r\u00e9szt az I\u00c1 soraiban. A hat\u00f3s\u00e1gok a visszat\u00e9rtek minden l\u00e9p\u00e9s\u00e9t k\u00f6vetik &#8211; fejtette ki a sz\u00f3viv\u0151.<br \/>\n    A p\u00e1rizsi mer\u00e9nyletek \u00f3ta Koszov\u00f3ban is fokozt\u00e1k a biztons\u00e1gi int\u00e9zked\u00e9seken, hogy megel\u0151zzenek egy lehets\u00e9ges t\u00e1mad\u00e1st annak ellen\u00e9re &#8211; fogalmazott Baki Kelani -, hogy a rend\u0151rs\u00e9gnek nincs tudom\u00e1sa arr\u00f3l, hogy az I\u00c1 mer\u00e9nyletre k\u00e9sz\u00fclne Koszov\u00f3 ter\u00fclet\u00e9n.<br \/>\n    A pristinai bel\u00fcgyminiszt\u00e9rium kor\u00e1bbi k\u00f6zl\u00e9se szerint az orsz\u00e1g ter\u00fclet\u00e9r\u0151l bizony\u00edtottan t\u00f6bb sz\u00e1zan csatlakoztak k\u00fcl\u00f6nb\u00f6z\u0151 f\u00e9lkatonai szervezetekhez Sz\u00edri\u00e1ban \u00e9s Irakban. Koszov\u00f3 m\u00e1rcius \u00f3ta b\u00fcnteti a k\u00fclf\u00f6ldi harcokban val\u00f3 r\u00e9szv\u00e9telt.(MTI)<\/p>\n","protected":false},"excerpt":{"rendered":"<p>T\u00f6bb mint 120 olyan harcos van jelenleg Koszov\u00f3ban, aki kor\u00e1bban az Iszl\u00e1m \u00c1llam (I\u00c1) nev\u0171 terrorszervezet soraiban harcolt &#8211; jelentette ki h\u00e9tf\u0151n Baki Kelani, a koszov\u00f3i rend\u0151rs\u00e9g a Zeri c\u00edm\u0171 pristinai napilap besz\u00e1mol\u00f3ja szerint.<\/p>\n","protected":false},"author":1,"featured_media":0,"comment_status":"open","ping_status":"closed","sticky":false,"template":"","format":"standard","meta":[],"categories":[12],"tags":[],"_links":{"self":[{"href":"https:\/\/gazdasagportal.hu\/index.php\/wp-json\/wp\/v2\/posts\/71265"}],"collection":[{"href":"https:\/\/gazdasagportal.hu\/index.php\/wp-json\/wp\/v2\/posts"}],"about":[{"href":"https:\/\/gazdasagportal.hu\/index.php\/wp-json\/wp\/v2\/types\/post"}],"author":[{"embeddable":true,"href":"https:\/\/gazdasagportal.hu\/index.php\/wp-json\/wp\/v2\/users\/1"}],"replies":[{"embeddable":true,"href":"https:\/\/gazdasagportal.hu\/index.php\/wp-json\/wp\/v2\/comments?post=71265"}],"version-history":[{"count":1,"href":"https:\/\/gazdasagportal.hu\/index.php\/wp-json\/wp\/v2\/posts\/71265\/revisions"}],"predecessor-version":[{"id":71266,"href":"https:\/\/gazdasagportal.hu\/index.php\/wp-json\/wp\/v2\/posts\/71265\/revisions\/71266"}],"wp:attachment":[{"href":"https:\/\/gazdasagportal.hu\/index.php\/wp-json\/wp\/v2\/media?parent=71265"}],"wp:term":[{"taxonomy":"category","embeddable":true,"href":"https:\/\/gazdasagportal.hu\/index.php\/wp-json\/wp\/v2\/categories?post=71265"},{"taxonomy":"post_tag","embeddable":true,"href":"https:\/\/gazdasagportal.hu\/index.php\/wp-json\/wp\/v2\/tags?post=71265"}],"curies":[{"name":"wp","href":"https:\/\/api.w.org\/{rel}","templated":true}]}}