{"id":71224,"date":"2015-11-30T09:56:18","date_gmt":"2015-11-30T08:56:18","guid":{"rendered":"http:\/\/gazdasagportal.hu\/?p=71224"},"modified":"2015-11-30T09:44:31","modified_gmt":"2015-11-30T08:44:31","slug":"az-eu-elismerte-hogy-nem-kepes-megvedeni-kulso-hatarait","status":"publish","type":"post","link":"https:\/\/gazdasagportal.hu\/index.php\/az-eu-elismerte-hogy-nem-kepes-megvedeni-kulso-hatarait\/","title":{"rendered":"Az EU elismerte, hogy nem k\u00e9pes megv\u00e9deni k\u00fcls\u0151 hat\u00e1rait"},"content":{"rendered":"<p><strong>A vas\u00e1rnapi cs\u00facstal\u00e1lkoz\u00f3n elfogadott nyilatkozattal az Eur\u00f3pai Uni\u00f3 (EU) elismerte, hogy nem k\u00e9pes megv\u00e9deni k\u00fcls\u0151 hat\u00e1rait \u00e9s T\u00f6r\u00f6korsz\u00e1g n\u00e9lk\u00fcl nem tudja megoldani a migr\u00e1nsv\u00e1ls\u00e1got &#8211; mondta ifj. Lomnici Zolt\u00e1n alkotm\u00e1nyjog\u00e1sz h\u00e9tf\u0151n az M1 aktu\u00e1lis csatorna m\u0171sor\u00e1ban.<\/strong><!--more--><\/p>\n<div class=\"ads-in-post1\"><div id=\"gazdasagportal.hu_fullbanner_wideboard\"><\/div>\r\n<\/div>\n<p>    Az elfogadott nyilatkozatnak mindenk\u00e9ppen gy\u0151ztese Magyarorsz\u00e1g \u00e9s T\u00f6r\u00f6korsz\u00e1g is &#8211; k\u00f6z\u00f6lte ifj. Lomnici Zolt\u00e1n.<br \/>\n    &#8222;A kv\u00f3tarendszer m\u00e1r a m\u00falt\u00e9, Magyarorsz\u00e1gnak nem kell a k\u00e9nyszerbetelep\u00edt\u00e9sben r\u00e9szt venni&#8221;, nem kell befogadnia migr\u00e1nsokat &#8211; fogalmazott.<br \/>\n    Az uni\u00f3s \u00e9s a t\u00f6r\u00f6k vezet\u0151k br\u00fcsszeli rendk\u00edv\u00fcli cs\u00facstal\u00e1lkoz\u00f3 keret\u00e9ben z\u00e1r\u00f3nyilatkozatban fogadt\u00e1k el vas\u00e1rnap azt a k\u00f6z\u00f6s akci\u00f3tervet, amely a rem\u00e9nyek szerint kulcs lehet a menek\u00fcltv\u00e1ls\u00e1g megold\u00e1s\u00e1hoz \u00e9s felgyors\u00edthatja T\u00f6r\u00f6korsz\u00e1g uni\u00f3s csatlakoz\u00e1s\u00e1t is.<br \/>\n    T\u00f6r\u00f6korsz\u00e1g er\u0151fesz\u00edt\u00e9seket tesz az Eur\u00f3p\u00e1ba ir\u00e1nyul\u00f3 illeg\u00e1lis migr\u00e1ci\u00f3 megf\u00e9kez\u00e9se \u00e9rdek\u00e9ben, az EU pedig 3 milli\u00e1rd eur\u00f3val t\u00e1mogatja a T\u00f6r\u00f6korsz\u00e1gban tart\u00f3zkod\u00f3, mintegy 2 milli\u00f3 sz\u00edriai menek\u00fclt ell\u00e1t\u00e1s\u00e1t. Ez a p\u00e9nz\u00fcgyi keret &#8211; amelyhez Magyarorsz\u00e1g 18 milli\u00f3 eur\u00f3val j\u00e1rul hozz\u00e1 &#8211; k\u00e9t\u00e9ves peri\u00f3dusra sz\u00f3l.(MTI)<\/p>\n","protected":false},"excerpt":{"rendered":"<p>A vas\u00e1rnapi cs\u00facstal\u00e1lkoz\u00f3n elfogadott nyilatkozattal az Eur\u00f3pai Uni\u00f3 (EU) elismerte, hogy nem k\u00e9pes megv\u00e9deni k\u00fcls\u0151 hat\u00e1rait \u00e9s T\u00f6r\u00f6korsz\u00e1g n\u00e9lk\u00fcl nem tudja megoldani a migr\u00e1nsv\u00e1ls\u00e1got &#8211; mondta ifj. Lomnici Zolt\u00e1n alkotm\u00e1nyjog\u00e1sz h\u00e9tf\u0151n az M1 aktu\u00e1lis csatorna m\u0171sor\u00e1ban.<\/p>\n","protected":false},"author":1,"featured_media":0,"comment_status":"open","ping_status":"closed","sticky":false,"template":"","format":"standard","meta":[],"categories":[19,16,246],"tags":[],"_links":{"self":[{"href":"https:\/\/gazdasagportal.hu\/index.php\/wp-json\/wp\/v2\/posts\/71224"}],"collection":[{"href":"https:\/\/gazdasagportal.hu\/index.php\/wp-json\/wp\/v2\/posts"}],"about":[{"href":"https:\/\/gazdasagportal.hu\/index.php\/wp-json\/wp\/v2\/types\/post"}],"author":[{"embeddable":true,"href":"https:\/\/gazdasagportal.hu\/index.php\/wp-json\/wp\/v2\/users\/1"}],"replies":[{"embeddable":true,"href":"https:\/\/gazdasagportal.hu\/index.php\/wp-json\/wp\/v2\/comments?post=71224"}],"version-history":[{"count":1,"href":"https:\/\/gazdasagportal.hu\/index.php\/wp-json\/wp\/v2\/posts\/71224\/revisions"}],"predecessor-version":[{"id":71225,"href":"https:\/\/gazdasagportal.hu\/index.php\/wp-json\/wp\/v2\/posts\/71224\/revisions\/71225"}],"wp:attachment":[{"href":"https:\/\/gazdasagportal.hu\/index.php\/wp-json\/wp\/v2\/media?parent=71224"}],"wp:term":[{"taxonomy":"category","embeddable":true,"href":"https:\/\/gazdasagportal.hu\/index.php\/wp-json\/wp\/v2\/categories?post=71224"},{"taxonomy":"post_tag","embeddable":true,"href":"https:\/\/gazdasagportal.hu\/index.php\/wp-json\/wp\/v2\/tags?post=71224"}],"curies":[{"name":"wp","href":"https:\/\/api.w.org\/{rel}","templated":true}]}}