{"id":71222,"date":"2015-11-30T09:42:03","date_gmt":"2015-11-30T08:42:03","guid":{"rendered":"http:\/\/gazdasagportal.hu\/?p=71222"},"modified":"2015-11-30T09:42:03","modified_gmt":"2015-11-30T08:42:03","slug":"egy-orosz-gep-tevedesbol-megsertette-izrael-legteret","status":"publish","type":"post","link":"https:\/\/gazdasagportal.hu\/index.php\/egy-orosz-gep-tevedesbol-megsertette-izrael-legteret\/","title":{"rendered":"Egy orosz g\u00e9p t\u00e9ved\u00e9sb\u0151l megs\u00e9rtette Izrael l\u00e9gter\u00e9t"},"content":{"rendered":"<p><strong>Egy orosz harci rep\u00fcl\u0151g\u00e9p a k\u00f6zelm\u00faltban t\u00e9ved\u00e9sb\u0151l megs\u00e9rtette Izrael l\u00e9gter\u00e9t, de miut\u00e1n az izraeli hat\u00f3s\u00e1gok kapcsolatba l\u00e9ptek vele, r\u00f6gvest visszat\u00e9rt Sz\u00edria ter\u00fclete f\u00f6l\u00e9 &#8211; ismerte el M\u00f3se Jaalon izraeli v\u00e9delmi miniszter a k\u00f6zszolg\u00e1lati r\u00e1di\u00f3ban.<\/strong><!--more--><\/p>\n<div class=\"ads-in-post1\"><div id=\"gazdasagportal.hu_fullbanner_wideboard\"><\/div>\r\n<\/div>\n<p>    &#8222;Mivel az orosz g\u00e9pek nem t\u00e1madnak minket, nincs sz\u00fcks\u00e9g arra, hogy automatikusan &#8211; m\u00e9g ha t\u00e9ved\u00e9s is t\u00f6rt\u00e9nik &#8211; lel\u0151j\u00fck \u0151ket&#8221; &#8211; fogalmazott Jaalon a r\u00e1di\u00f3nak adott interj\u00faj\u00e1ban, arra utalva, hogy a t\u00f6r\u00f6k l\u00e9gier\u0151 a m\u00falt h\u00e9ten lel\u0151tt egy orosz Szu-24-es vad\u00e1szbomb\u00e1z\u00f3t a t\u00f6r\u00f6k-sz\u00edriai hat\u00e1rn\u00e1l.<br \/>\n    A H\u00e1\u00e1rec c\u00edm\u0171 \u00fajs\u00e1g h\u00e9tf\u0151i sz\u00e1ma szerint ez volt az eddigi egyetlen eset, amelynek sor\u00e1n csorba esett a k\u00e9t orsz\u00e1g katonai egy\u00fcttm\u0171k\u00f6d\u00e9s\u00e9n. Az orosz katonai g\u00e9p egy m\u00e9rf\u00f6ld m\u00e9lys\u00e9gben hatolt be az izraeli l\u00e9gt\u00e9rbe a Gol\u00e1n-fenns\u00edkon az incidens sor\u00e1n, azt viszont nem tudni pontosan, hogy az eset mikor t\u00f6rt\u00e9nt.<br \/>\n    Jaalon azt is kiemelte, hogy szeptemberben, az orosz l\u00e9gier\u0151 sz\u00edriai bevet\u00e9s\u00e9nek kezdetekor Benj\u00e1min Netanjahu minisztereln\u00f6k azonnal Moszkv\u00e1ba sietett, hogy Vlagyimir Putyin orosz eln\u00f6kkel t\u00e1rgyaljon. A tal\u00e1lkoz\u00f3n meg\u00e1llapodtak az egy\u00fcttm\u0171k\u00f6d\u00e9s m\u00f3djaiban \u00e9s a l\u00e9gier\u0151k k\u00f6z\u00f6tti esetleges vit\u00e1k megel\u0151z\u00e9s\u00e9ben.<br \/>\n    \u00c1mosz Gil\u00e1d, a v\u00e9delmi miniszt\u00e9rium katonapolitikai \u00fcgyeinek igazgat\u00f3ja szombaton \u00fagy nyilatkozott, hogy az orosz hader\u0151 megjelen\u00e9se nem korl\u00e1tozza Izrael mozg\u00e1si szabads\u00e1g\u00e1t, \u00e9s hogy &#8222;k\u00e9ptelens\u00e9g teljes m\u00e9rt\u00e9kben kiz\u00e1rni, hogy egy orosz g\u00e9p megs\u00e9rtse Izrael l\u00e9gter\u00e9t&#8221;.<br \/>\n    Izraelnek sz\u00fcks\u00e9ge van a cselekv\u00e9si szabads\u00e1gra a sz\u00edriai l\u00e9gt\u00e9rben, hogy lecsaphasson a Hezbollah libanoni s\u00edita radik\u00e1lis szervezethez k\u00fcld\u00f6tt fegyversz\u00e1ll\u00edtm\u00e1nyokra. Az oroszok megjelen\u00e9se \u00f3ta a k\u00fclf\u00f6ldi forr\u00e1sok szerint m\u00e1r k\u00e9t ilyen bevet\u00e9st is v\u00e9grehajtottak izraeli bomb\u00e1z\u00f3k, de az\u00f3ta elker\u00fclt\u00e9k a moszkvai l\u00e9gier\u0151nek sz\u00e1ll\u00e1st ad\u00f3 \u00e9szak-sz\u00edriai alavita r\u00e9szeket.<br \/>\n    Az orosz-t\u00f6r\u00f6k kapcsolatok \u00c1mosz Harel katonai szak\u00e9rt\u0151nek a H\u00e1\u00e1recben publik\u00e1lt elemz\u00e9se szerint az\u00e9rt alakulnak gy\u00f6keresen elt\u00e9r\u0151en, mert m\u00e1st-m\u00e1st szeretn\u00e9nek el\u00e9rni Sz\u00edri\u00e1ban: Putyin Bass\u00e1r el-Aszad sz\u00edriai eln\u00f6k uralm\u00e1nak fennmarad\u00e1s\u00e1t, Recep Tayyip Erdogan t\u00f6r\u00f6k eln\u00f6k pedig a buk\u00e1s\u00e1t. Erdogan c\u00e9lja egy rep\u00fcl\u00e9stilalmi z\u00f3na kialak\u00edt\u00e1sa a t\u00f6r\u00f6k-sz\u00edriai hat\u00e1ron a Sz\u00edri\u00e1ban \u00e9l\u0151 t\u00f6r\u00f6k kisebbs\u00e9g v\u00e9delm\u00e9ben \u00e9s a T\u00f6r\u00f6korsz\u00e1gban \u00e9l\u0151 kurd kisebbs\u00e9g ter\u00fcleti folytonoss\u00e1g\u00e1nak megakad\u00e1lyoz\u00e1s\u00e1ra.<br \/>\n    Harel szerint egyebek k\u00f6zt \u00e9ppen egy ilyen z\u00f3na kialak\u00edt\u00e1sa ellen avatkozott be Moszkva szeptemberben Aszad oldal\u00e1n. Az orosz g\u00e9p lel\u00f6v\u00e9se ut\u00e1n az oroszok Sz-400-as l\u00e9gv\u00e9delmi rak\u00e9tarendszert telep\u00edtenek g\u00e9peik v\u00e9delm\u00e9re, \u00e9s ezzel teljesen felsz\u00e1molt\u00e1k a rep\u00fcl\u00e9stilalmi \u00f6vezet lehet\u0151s\u00e9g\u00e9t.<br \/>\n    Ugyanakkor az Sz-400-as rendszer ki\u00e9p\u00edt\u00e9se Izraelt is \u00e9rinti, mert a rendszer t\u00f6bb sz\u00e1z kilom\u00e9terre azonos\u00edtani tudja a rep\u00fcl\u0151g\u00e9peket, ez\u00e9rt ezent\u00fal az izraeli l\u00e9gier\u0151nek is alaposan meg kell fontolnia sz\u00edriai bevet\u00e9seit &#8211; hangs\u00falyozta az izraeli szak\u00e9rt\u0151.(MTI)<\/p>\n","protected":false},"excerpt":{"rendered":"<p>Egy orosz harci rep\u00fcl\u0151g\u00e9p a k\u00f6zelm\u00faltban t\u00e9ved\u00e9sb\u0151l megs\u00e9rtette Izrael l\u00e9gter\u00e9t, de miut\u00e1n az izraeli hat\u00f3s\u00e1gok kapcsolatba l\u00e9ptek vele, r\u00f6gvest visszat\u00e9rt Sz\u00edria ter\u00fclete f\u00f6l\u00e9 &#8211; ismerte el M\u00f3se Jaalon izraeli v\u00e9delmi miniszter a k\u00f6zszolg\u00e1lati r\u00e1di\u00f3ban.<\/p>\n","protected":false},"author":1,"featured_media":0,"comment_status":"open","ping_status":"closed","sticky":false,"template":"","format":"standard","meta":[],"categories":[16],"tags":[],"_links":{"self":[{"href":"https:\/\/gazdasagportal.hu\/index.php\/wp-json\/wp\/v2\/posts\/71222"}],"collection":[{"href":"https:\/\/gazdasagportal.hu\/index.php\/wp-json\/wp\/v2\/posts"}],"about":[{"href":"https:\/\/gazdasagportal.hu\/index.php\/wp-json\/wp\/v2\/types\/post"}],"author":[{"embeddable":true,"href":"https:\/\/gazdasagportal.hu\/index.php\/wp-json\/wp\/v2\/users\/1"}],"replies":[{"embeddable":true,"href":"https:\/\/gazdasagportal.hu\/index.php\/wp-json\/wp\/v2\/comments?post=71222"}],"version-history":[{"count":1,"href":"https:\/\/gazdasagportal.hu\/index.php\/wp-json\/wp\/v2\/posts\/71222\/revisions"}],"predecessor-version":[{"id":71223,"href":"https:\/\/gazdasagportal.hu\/index.php\/wp-json\/wp\/v2\/posts\/71222\/revisions\/71223"}],"wp:attachment":[{"href":"https:\/\/gazdasagportal.hu\/index.php\/wp-json\/wp\/v2\/media?parent=71222"}],"wp:term":[{"taxonomy":"category","embeddable":true,"href":"https:\/\/gazdasagportal.hu\/index.php\/wp-json\/wp\/v2\/categories?post=71222"},{"taxonomy":"post_tag","embeddable":true,"href":"https:\/\/gazdasagportal.hu\/index.php\/wp-json\/wp\/v2\/tags?post=71222"}],"curies":[{"name":"wp","href":"https:\/\/api.w.org\/{rel}","templated":true}]}}