{"id":71214,"date":"2015-11-30T07:21:20","date_gmt":"2015-11-30T06:21:20","guid":{"rendered":"http:\/\/gazdasagportal.hu\/?p=71214"},"modified":"2015-11-30T07:21:20","modified_gmt":"2015-11-30T06:21:20","slug":"eu-torok-csucs-elemzo-jol-lathato-egy-kelet-nyugat-ellentet-a-migracios-problema-kezeleseben","status":"publish","type":"post","link":"https:\/\/gazdasagportal.hu\/index.php\/eu-torok-csucs-elemzo-jol-lathato-egy-kelet-nyugat-ellentet-a-migracios-problema-kezeleseben\/","title":{"rendered":"EU-t\u00f6r\u00f6k cs\u00facs &#8211; Elemz\u0151: j\u00f3l l\u00e1that\u00f3 egy kelet-nyugat ellent\u00e9t a migr\u00e1ci\u00f3s probl\u00e9ma kezel\u00e9s\u00e9ben"},"content":{"rendered":"<p><strong>A vas\u00e1rnapi EU-t\u00f6r\u00f6k cs\u00facstal\u00e1lkoz\u00f3n is er\u0151sen kirajzol\u00f3dott egy uni\u00f3n bel\u00fcli kelet-nyugat ellent\u00e9t a migr\u00e1ci\u00f3s probl\u00e9ma kezel\u00e9s\u00e9t illet\u0151en &#8211; mondta az Alapjogok\u00e9rt K\u00f6zpont strat\u00e9giai igazgat\u00f3ja az M1 aktu\u00e1lis csatorna vas\u00e1rnap esti H\u00edrad\u00f3j\u00e1ban.<\/strong><!--more--><\/p>\n<div class=\"ads-in-post1\"><div id=\"gazdasagportal.hu_fullbanner_wideboard\"><\/div>\r\n<\/div>\n<p>    Kov\u00e1cs Istv\u00e1n \u00fagy \u00e9rt\u00e9kelte a cs\u00facstal\u00e1lkoz\u00f3 eredm\u00e9ny\u00e9t: az uni\u00f3 vezet\u0151i bel\u00e1tt\u00e1k, hogy T\u00f6r\u00f6korsz\u00e1g n\u00e9lk\u00fcl a migr\u00e1ci\u00f3s probl\u00e9ma kezel\u00e9se nem lehets\u00e9ges, de abban nem siker\u00fclt meg\u00e1llapodni, hogy mi az az \u00e1ldozat, amit az EU hajland\u00f3 v\u00e1llalni.<br \/>\n    Az elemz\u0151 szerint e tekintetben j\u00f3l kivehet\u0151 egy kelet-nyugat ellent\u00e9t az uni\u00f3n bel\u00fcl: m\u00edg a keleti orsz\u00e1gok a hat\u00e1rok v\u00e9delm\u00e9ben l\u00e1tj\u00e1k a megold\u00e1st, addig a nyugati orsz\u00e1gok ink\u00e1bb k\u00f6zvetlen\u00fcl \u00e1tvenn\u00e9nek bev\u00e1ndorl\u00f3kat T\u00f6r\u00f6korsz\u00e1gt\u00f3l. Ez\u00e9rt a nyugati orsz\u00e1gok vezet\u0151i k\u00fcl\u00f6n egyeztettek az \u00e1tv\u00e9tel r\u00e9szleteir\u0151l &#8211; tette hozz\u00e1.<br \/>\n    Kov\u00e1cs Istv\u00e1n kiemelte: az nem egy\u00e9rtelm\u0171, hogy ezekben a nyugat-eur\u00f3pai orsz\u00e1gokban a t\u00e1rsadalom a vezet\u0151k m\u00f6g\u00f6tt \u00e1ll-e ebben az \u00fcgyben. Tov\u00e1bb \u00e1rnyalja a k\u00e9pet, hogy m\u00edg G\u00f6r\u00f6gorsz\u00e1g val\u00f3sz\u00edn\u0171leg r\u00e9szt vesz ebben a programban, a migr\u00e1ci\u00f3s szempontb\u00f3l nagyon hasonl\u00f3 helyzetben l\u00e9v\u0151 Olaszorsz\u00e1g m\u00e1r kimarad bel\u0151le &#8211; jegyezte meg.<br \/>\n    A vas\u00e1rnapi, br\u00fcsszeli EU-t\u00f6r\u00f6k cs\u00facstal\u00e1lkoz\u00f3n arr\u00f3l sz\u00fcletett meg\u00e1llapod\u00e1s, hogy anyagi seg\u00edts\u00e9g, v\u00edzummentess\u00e9g \u00e9s az uni\u00f3s csatlakoz\u00e1si t\u00e1rgyal\u00e1sok felgyors\u00edt\u00e1s\u00e1\u00e9rt cser\u00e9be T\u00f6r\u00f6korsz\u00e1g er\u0151fesz\u00edt\u00e9seket tesz az Eur\u00f3p\u00e1ba ir\u00e1nyul\u00f3 illeg\u00e1lis migr\u00e1ci\u00f3 megf\u00e9kez\u00e9se \u00e9rdek\u00e9ben.(MTI)<\/p>\n","protected":false},"excerpt":{"rendered":"<p>A vas\u00e1rnapi EU-t\u00f6r\u00f6k cs\u00facstal\u00e1lkoz\u00f3n is er\u0151sen kirajzol\u00f3dott egy uni\u00f3n bel\u00fcli kelet-nyugat ellent\u00e9t a migr\u00e1ci\u00f3s probl\u00e9ma kezel\u00e9s\u00e9t illet\u0151en &#8211; mondta az Alapjogok\u00e9rt K\u00f6zpont strat\u00e9giai igazgat\u00f3ja az M1 aktu\u00e1lis csatorna vas\u00e1rnap esti H\u00edrad\u00f3j\u00e1ban.<\/p>\n","protected":false},"author":1,"featured_media":0,"comment_status":"open","ping_status":"closed","sticky":false,"template":"","format":"standard","meta":[],"categories":[12],"tags":[],"_links":{"self":[{"href":"https:\/\/gazdasagportal.hu\/index.php\/wp-json\/wp\/v2\/posts\/71214"}],"collection":[{"href":"https:\/\/gazdasagportal.hu\/index.php\/wp-json\/wp\/v2\/posts"}],"about":[{"href":"https:\/\/gazdasagportal.hu\/index.php\/wp-json\/wp\/v2\/types\/post"}],"author":[{"embeddable":true,"href":"https:\/\/gazdasagportal.hu\/index.php\/wp-json\/wp\/v2\/users\/1"}],"replies":[{"embeddable":true,"href":"https:\/\/gazdasagportal.hu\/index.php\/wp-json\/wp\/v2\/comments?post=71214"}],"version-history":[{"count":1,"href":"https:\/\/gazdasagportal.hu\/index.php\/wp-json\/wp\/v2\/posts\/71214\/revisions"}],"predecessor-version":[{"id":71215,"href":"https:\/\/gazdasagportal.hu\/index.php\/wp-json\/wp\/v2\/posts\/71214\/revisions\/71215"}],"wp:attachment":[{"href":"https:\/\/gazdasagportal.hu\/index.php\/wp-json\/wp\/v2\/media?parent=71214"}],"wp:term":[{"taxonomy":"category","embeddable":true,"href":"https:\/\/gazdasagportal.hu\/index.php\/wp-json\/wp\/v2\/categories?post=71214"},{"taxonomy":"post_tag","embeddable":true,"href":"https:\/\/gazdasagportal.hu\/index.php\/wp-json\/wp\/v2\/tags?post=71214"}],"curies":[{"name":"wp","href":"https:\/\/api.w.org\/{rel}","templated":true}]}}