{"id":71212,"date":"2015-11-30T06:53:04","date_gmt":"2015-11-30T05:53:04","guid":{"rendered":"http:\/\/gazdasagportal.hu\/?p=71212"},"modified":"2015-11-30T06:53:04","modified_gmt":"2015-11-30T05:53:04","slug":"eu-torok-csucs-zaronyilatkozat-a-migracios-hullam-megfekezeserol-es-torokorszag-unios-csatlakozasanak-felgyorsitasarol","status":"publish","type":"post","link":"https:\/\/gazdasagportal.hu\/index.php\/eu-torok-csucs-zaronyilatkozat-a-migracios-hullam-megfekezeserol-es-torokorszag-unios-csatlakozasanak-felgyorsitasarol\/","title":{"rendered":"EU-t\u00f6r\u00f6k cs\u00facs &#8211; Z\u00e1r\u00f3nyilatkozat a migr\u00e1ci\u00f3s hull\u00e1m megf\u00e9kez\u00e9s\u00e9r\u0151l \u00e9s T\u00f6r\u00f6korsz\u00e1g uni\u00f3s csatlakoz\u00e1s\u00e1nak felgyors\u00edt\u00e1s\u00e1r\u00f3l"},"content":{"rendered":"<p><strong>Z\u00e1r\u00f3nyilatkozatban fogadt\u00e1k el vas\u00e1rnap az uni\u00f3s \u00e9s a t\u00f6r\u00f6k vezet\u0151k br\u00fcsszeli rendk\u00edv\u00fcli cs\u00facstal\u00e1lkoz\u00f3ja keret\u00e9ben azt a k\u00f6z\u00f6s akci\u00f3tervet, amely a rem\u00e9nyek szerint kulcs lehet a menek\u00fcltv\u00e1ls\u00e1g megold\u00e1s\u00e1hoz, \u00e9s felgyors\u00edthatja T\u00f6r\u00f6korsz\u00e1g uni\u00f3s csatlakoz\u00e1s\u00e1t is.<\/strong><!--more--><\/p>\n<div class=\"ads-in-post1\"><div id=\"gazdasagportal.hu_fullbanner_wideboard\"><\/div>\r\n<\/div>\n<p>    T\u00f6r\u00f6korsz\u00e1g er\u0151fesz\u00edt\u00e9seket tesz az Eur\u00f3p\u00e1ba ir\u00e1nyul\u00f3 illeg\u00e1lis migr\u00e1ci\u00f3 megf\u00e9kez\u00e9se \u00e9rdek\u00e9ben, az EU pedig 3 milli\u00e1rd eur\u00f3val t\u00e1mogatja a sz\u00edriai menek\u00fcltek t\u00f6r\u00f6korsz\u00e1gi ell\u00e1t\u00e1s\u00e1t.<br \/>\n    A tizenegy pontos z\u00e1r\u00f3nyilatkozatban szerepel egyebek k\u00f6zt a terrorizmus elleni k\u00f6z\u00f6s fell\u00e9p\u00e9s, a k\u00fcl- \u00e9s biztons\u00e1gpolitikai p\u00e1rbesz\u00e9d meg\u00faj\u00edt\u00e1sa.<br \/>\n    A vas\u00e1rnap elfogadott meg\u00e1llapod\u00e1ssal siker\u00fcl meg\u00e1ll\u00edtani a migr\u00e1ci\u00f3 hull\u00e1mait &#8211; v\u00e9lekedett Donald Tusk, az Eur\u00f3pai Tan\u00e1cs eln\u00f6ke a cs\u00facs ut\u00e1ni sajt\u00f3t\u00e1j\u00e9koztat\u00f3n.<br \/>\n    A nyilatkozat \u00faj fejezetet nyit az uni\u00f3 migr\u00e1ci\u00f3s politik\u00e1j\u00e1ban, amelyben mostant\u00f3l T\u00f6r\u00f6korsz\u00e1g is partnerk\u00e9nt veszi ki r\u00e9sz\u00e9t &#8211; hangs\u00falyozta Tusk, hozz\u00e1t\u00e9ve, hogy a meg\u00e1llapod\u00e1snak r\u00e9sze a p\u00e1rbesz\u00e9d \u00fajb\u00f3li megnyit\u00e1sa \u00e9s elm\u00e9ly\u00edt\u00e9se is az EU-tagjel\u00f6lt T\u00f6r\u00f6korsz\u00e1ggal.<br \/>\n    A csatlakoz\u00e1si folyamatban december 14-\u00e9n megnyitj\u00e1k a gazdas\u00e1g- \u00e9s p\u00e9nz\u00fcgypolitik\u00e1r\u00f3l sz\u00f3l\u00f3 17. t\u00e1rgyal\u00e1si t\u00e9mafejezetet, 2016 els\u0151 negyed\u00e9v\u00e9ben pedig tov\u00e1bbi fejezetek t\u00e1rgyal\u00e1s\u00e1ra ny\u00edlhat lehet\u0151s\u00e9g &#8211; mondta Tusk.<br \/>\n    Jean-Claude Juncker, az Eur\u00f3pai Bizotts\u00e1g eln\u00f6ke k\u00f6z\u00f6lte: az elfogadott akci\u00f3terv r\u00e9sze a v\u00edzumliberaliz\u00e1ci\u00f3, amely 2016 okt\u00f3ber\u00e9t\u0151l k\u00f6nny\u00edtheti meg a t\u00f6r\u00f6k \u00e1llampolg\u00e1rok uni\u00f3ba val\u00f3 bel\u00e9p\u00e9s\u00e9t. T\u00f6r\u00f6korsz\u00e1g elk\u00f6telezett a v\u00edzummentess\u00e9g \u00e9rdek\u00e9ben sz\u00fcks\u00e9ges l\u00e9p\u00e9sek megt\u00e9tele mellett, amelyek \u00e1ll\u00e1s\u00e1r\u00f3l j\u00f6v\u0151 m\u00e1rciusban uni\u00f3s jelent\u00e9s k\u00e9sz\u00fcl.<br \/>\n    Az uni\u00f3 \u00e9s T\u00f6r\u00f6korsz\u00e1g vezet\u0151i a j\u00f6v\u0151 esztend\u0151t\u0151l kezdve \u00e9vente k\u00e9tszer tartanak majd cs\u00facstal\u00e1lkoz\u00f3t.<br \/>\n    2016 j\u00fanius\u00e1ban l\u00e9p hat\u00e1lyba az EU-t\u00f6r\u00f6k visszafogad\u00e1si egyezm\u00e9ny, melynek \u00e9rtelm\u00e9ben visszak\u00fcldhet\u0151 T\u00f6r\u00f6korsz\u00e1gba az a mened\u00e9kk\u00e9r\u0151, aki az uni\u00f3 ter\u00fclet\u00e9n nem kapott menek\u00fcltst\u00e1tust. Aki nem jogosult a menek\u00fcltst\u00e1tusra, azonnal vissza kell k\u00fcldeni a sz\u00e1rmaz\u00e1si orsz\u00e1gba, \u00e9s emellett hat\u00e9konyan kell fell\u00e9pni az embercsemp\u00e9szet ellen.<br \/>\n    Ahmet Davutoglu t\u00f6r\u00f6k korm\u00e1nyf\u0151 a sajt\u00f3t\u00e1j\u00e9koztat\u00f3n k\u00f6z\u00f6lte: T\u00f6r\u00f6korsz\u00e1g v\u00e1llalta, hogy a hat\u00e1rain kereszt\u00fcl illeg\u00e1lis \u00faton nem enged migr\u00e1nsokat az uni\u00f3 ter\u00fclet\u00e9re, \u00e9s visszafogadja az onnan visszak\u00fcld\u00f6tteket.<br \/>\n    \u00dcdv\u00f6z\u00f6lte az uni\u00f3 azon kezdem\u00e9nyez\u00e9s\u00e9t, amely szerint orsz\u00e1ga t\u00e1mogat\u00e1st kap a sz\u00edriai menek\u00fcltek ell\u00e1t\u00e1s\u00e1hoz. Elmondta, hogy T\u00f6r\u00f6korsz\u00e1g a t\u00f6bb mint h\u00e1rom \u00e9ve elkezd\u0151d\u00f6tt sz\u00edriai h\u00e1bor\u00fa \u00f3ta 2,2 milli\u00f3 menek\u00fcltet fogadott be, akikre eddig 8 milli\u00e1rd doll\u00e1rt k\u00f6lt\u00f6tt.<br \/>\n    A z\u00e1r\u00f3nyilatkozat r\u00f6gz\u00edti, hogy a vas\u00e1rnapi tan\u00e1cskoz\u00e1son megjelent \u00e1llam- \u00e9s korm\u00e1nyf\u0151k l\u00e9trehozt\u00e1k azt a 3 milli\u00e1rd eur\u00f3s p\u00e9nz\u00fcgyi alapot, amellyel az uni\u00f3 a sz\u00edriai menek\u00fcltek ell\u00e1t\u00e1s\u00e1nak jav\u00edt\u00e1s\u00e1hoz j\u00e1rul hozz\u00e1. Magyarorsz\u00e1g 18 milli\u00f3 eur\u00f3s t\u00e1mogat\u00e1ssal j\u00e1rul hozz\u00e1 az uni\u00f3s alaphoz.<br \/>\n    A t\u00f6r\u00f6k \u00e9s uni\u00f3s vezet\u0151k egyet\u00e9rtettek abban, hogy az orsz\u00e1gaikra nehezed\u0151 migr\u00e1ci\u00f3s nyom\u00e1s megold\u00e1sa a tehermegoszt\u00e1s. Abban azonban nem sz\u00fcletett megegyez\u00e9s, hogy milyen keretek \u00e9s szab\u00e1lyok ment\u00e9n t\u00f6rt\u00e9njen a tag\u00e1llami \u00e9s uni\u00f3s \u00e1ttelep\u00edt\u00e9si rendszerekhez val\u00f3 hozz\u00e1j\u00e1rul\u00e1s.<br \/>\n    A vas\u00e1rnap elfogadott z\u00e1r\u00f3nyilatkozatnak nem r\u00e9sze az, hogy az Eur\u00f3pai Uni\u00f3 orsz\u00e1gai k\u00f6z\u00f6tt k\u00f6telez\u0151en sz\u00e9t kellene osztani a migr\u00e1nsokat. Err\u0151l a cs\u00facstal\u00e1lkoz\u00f3t megel\u0151z\u0151en N\u00e9metorsz\u00e1g mellett Ausztria, a Benelux \u00e1llamok, Sv\u00e9dorsz\u00e1g, Finnorsz\u00e1g \u00e9s G\u00f6r\u00f6gorsz\u00e1g vezet\u0151i tan\u00e1cskoztak Angela Merkel n\u00e9met kancell\u00e1r kezdem\u00e9nyez\u00e9s\u00e9re, de &#8211; mint azt Merkel sajt\u00f3t\u00e1j\u00e9koztat\u00f3j\u00e1n k\u00f6z\u00f6lte &#8211; konkr\u00e9t sz\u00e1mokr\u00f3l nem t\u00e1rgyaltak.(MTI)<\/p>\n","protected":false},"excerpt":{"rendered":"<p>Z\u00e1r\u00f3nyilatkozatban fogadt\u00e1k el vas\u00e1rnap az uni\u00f3s \u00e9s a t\u00f6r\u00f6k vezet\u0151k br\u00fcsszeli rendk\u00edv\u00fcli cs\u00facstal\u00e1lkoz\u00f3ja keret\u00e9ben azt a k\u00f6z\u00f6s akci\u00f3tervet, amely a rem\u00e9nyek szerint kulcs lehet a menek\u00fcltv\u00e1ls\u00e1g megold\u00e1s\u00e1hoz, \u00e9s felgyors\u00edthatja T\u00f6r\u00f6korsz\u00e1g uni\u00f3s csatlakoz\u00e1s\u00e1t is.<\/p>\n","protected":false},"author":1,"featured_media":2125,"comment_status":"open","ping_status":"closed","sticky":false,"template":"","format":"standard","meta":[],"categories":[146,4,136,12],"tags":[],"_links":{"self":[{"href":"https:\/\/gazdasagportal.hu\/index.php\/wp-json\/wp\/v2\/posts\/71212"}],"collection":[{"href":"https:\/\/gazdasagportal.hu\/index.php\/wp-json\/wp\/v2\/posts"}],"about":[{"href":"https:\/\/gazdasagportal.hu\/index.php\/wp-json\/wp\/v2\/types\/post"}],"author":[{"embeddable":true,"href":"https:\/\/gazdasagportal.hu\/index.php\/wp-json\/wp\/v2\/users\/1"}],"replies":[{"embeddable":true,"href":"https:\/\/gazdasagportal.hu\/index.php\/wp-json\/wp\/v2\/comments?post=71212"}],"version-history":[{"count":1,"href":"https:\/\/gazdasagportal.hu\/index.php\/wp-json\/wp\/v2\/posts\/71212\/revisions"}],"predecessor-version":[{"id":71213,"href":"https:\/\/gazdasagportal.hu\/index.php\/wp-json\/wp\/v2\/posts\/71212\/revisions\/71213"}],"wp:featuredmedia":[{"embeddable":true,"href":"https:\/\/gazdasagportal.hu\/index.php\/wp-json\/wp\/v2\/media\/2125"}],"wp:attachment":[{"href":"https:\/\/gazdasagportal.hu\/index.php\/wp-json\/wp\/v2\/media?parent=71212"}],"wp:term":[{"taxonomy":"category","embeddable":true,"href":"https:\/\/gazdasagportal.hu\/index.php\/wp-json\/wp\/v2\/categories?post=71212"},{"taxonomy":"post_tag","embeddable":true,"href":"https:\/\/gazdasagportal.hu\/index.php\/wp-json\/wp\/v2\/tags?post=71212"}],"curies":[{"name":"wp","href":"https:\/\/api.w.org\/{rel}","templated":true}]}}