{"id":71208,"date":"2015-11-30T04:25:34","date_gmt":"2015-11-30T03:25:34","guid":{"rendered":"http:\/\/gazdasagportal.hu\/?p=71208"},"modified":"2015-11-29T21:56:13","modified_gmt":"2015-11-29T20:56:13","slug":"eu-torok-csucs-orban-viktor-az-elfogadott-zaronyilatkozat-szerint-nem-kell-kotelezo-jelleggel-migransokat-befogadni","status":"publish","type":"post","link":"https:\/\/gazdasagportal.hu\/index.php\/eu-torok-csucs-orban-viktor-az-elfogadott-zaronyilatkozat-szerint-nem-kell-kotelezo-jelleggel-migransokat-befogadni\/","title":{"rendered":"EU-t\u00f6r\u00f6k cs\u00facs &#8211; Orb\u00e1n Viktor: az elfogadott z\u00e1r\u00f3nyilatkozat szerint nem kell k\u00f6telez\u0151 jelleggel migr\u00e1nsokat befogadni"},"content":{"rendered":"<p><strong>A vas\u00e1rnap elfogadott z\u00e1r\u00f3nyilatkozatnak nem r\u00e9sze az, hogy az Eur\u00f3pai Uni\u00f3 orsz\u00e1gai k\u00f6z\u00f6tt k\u00f6telez\u0151en sz\u00e9t lehetne osztani a migr\u00e1nsokat &#8211; k\u00f6z\u00f6lte Orb\u00e1n Viktor minisztereln\u00f6k az Eur\u00f3pai Uni\u00f3 \u00e9s T\u00f6r\u00f6korsz\u00e1g vezet\u0151inek vas\u00e1rnap Br\u00fcsszelben tartott rendk\u00edv\u00fcli cs\u00facstal\u00e1lkoz\u00f3j\u00e1nak v\u00e9g\u00e9n.<\/strong><!--more--><\/p>\n<div class=\"ads-in-post1\"><div id=\"gazdasagportal.hu_fullbanner_wideboard\"><\/div>\r\n<\/div>\n<p>    A magyar szempontokat ezzel siker\u00fclt \u00e9rv\u00e9nyes\u00edteni &#8211; er\u0151s\u00edtette meg a korm\u00e1nyf\u0151.     A nyilatkozat vil\u00e1gos garanci\u00e1t ad Magyarorsz\u00e1g sz\u00e1m\u00e1ra, hogy senkit sem kell k\u00f6telez\u0151 jelleggel befogadnia &#8211; nyilatkozott a minisztereln\u00f6k, aki rem\u00e9ny\u00e9t fejezte ki, hogy a nagyhatalmak j\u00f3 meg\u00e1llapod\u00e1st k\u00f6t\u00f6ttek, hiszen Eur\u00f3p\u00e1nak az az \u00e9rdeke, hogy T\u00f6r\u00f6korsz\u00e1g visszatartsa a migr\u00e1nsokat.     Az elfogadott sz\u00f6veg nem t\u00e9r ki arra, hogy a migr\u00e1nsok \u00e1ttelep\u00edt\u00e9s\u00e9t milyen sz\u00e1mban \u00e9s milyen m\u00f3dszerrel k\u00e9pzelik el, de erre egy\u00e9rtelm\u0171 sz\u00e1nd\u00e9k mutatkozott a jelenl\u00e9v\u0151 vezet\u0151k k\u00f6z\u00f6tt &#8211; k\u00f6z\u00f6lte a minisztereln\u00f6k.     Az uni\u00f3 \u00e1ltal T\u00f6r\u00f6korsz\u00e1gnak felaj\u00e1nlott, a menek\u00fcltek ell\u00e1t\u00e1s\u00e1t seg\u00edt\u0151 3 milli\u00e1rd eur\u00f3s p\u00e9nz\u00fcgyi keret k\u00e9t\u00e9ves peri\u00f3dusra sz\u00f3l &#8211; t\u00e1j\u00e9koztatott a korm\u00e1nyf\u0151, aki emberiess\u00e9gi szempontb\u00f3l helyesnek tartotta a Magyarorsz\u00e1g 18 milli\u00f3s hozz\u00e1j\u00e1rul\u00e1s\u00e1t, az \u00f6sszeget pedig m\u00e9lt\u00e1nyosnak nevezte a nemzeti \u00f6sszterm\u00e9k ar\u00e1nyaihoz k\u00e9pest.(MTI)<\/p>\n","protected":false},"excerpt":{"rendered":"<p>A vas\u00e1rnap elfogadott z\u00e1r\u00f3nyilatkozatnak nem r\u00e9sze az, hogy az Eur\u00f3pai Uni\u00f3 orsz\u00e1gai k\u00f6z\u00f6tt k\u00f6telez\u0151en sz\u00e9t lehetne osztani a migr\u00e1nsokat &#8211; k\u00f6z\u00f6lte Orb\u00e1n Viktor minisztereln\u00f6k az Eur\u00f3pai Uni\u00f3 \u00e9s T\u00f6r\u00f6korsz\u00e1g vezet\u0151inek vas\u00e1rnap Br\u00fcsszelben tartott rendk\u00edv\u00fcli cs\u00facstal\u00e1lkoz\u00f3j\u00e1nak v\u00e9g\u00e9n.<\/p>\n","protected":false},"author":1,"featured_media":0,"comment_status":"open","ping_status":"closed","sticky":false,"template":"","format":"standard","meta":[],"categories":[4],"tags":[],"_links":{"self":[{"href":"https:\/\/gazdasagportal.hu\/index.php\/wp-json\/wp\/v2\/posts\/71208"}],"collection":[{"href":"https:\/\/gazdasagportal.hu\/index.php\/wp-json\/wp\/v2\/posts"}],"about":[{"href":"https:\/\/gazdasagportal.hu\/index.php\/wp-json\/wp\/v2\/types\/post"}],"author":[{"embeddable":true,"href":"https:\/\/gazdasagportal.hu\/index.php\/wp-json\/wp\/v2\/users\/1"}],"replies":[{"embeddable":true,"href":"https:\/\/gazdasagportal.hu\/index.php\/wp-json\/wp\/v2\/comments?post=71208"}],"version-history":[{"count":1,"href":"https:\/\/gazdasagportal.hu\/index.php\/wp-json\/wp\/v2\/posts\/71208\/revisions"}],"predecessor-version":[{"id":71209,"href":"https:\/\/gazdasagportal.hu\/index.php\/wp-json\/wp\/v2\/posts\/71208\/revisions\/71209"}],"wp:attachment":[{"href":"https:\/\/gazdasagportal.hu\/index.php\/wp-json\/wp\/v2\/media?parent=71208"}],"wp:term":[{"taxonomy":"category","embeddable":true,"href":"https:\/\/gazdasagportal.hu\/index.php\/wp-json\/wp\/v2\/categories?post=71208"},{"taxonomy":"post_tag","embeddable":true,"href":"https:\/\/gazdasagportal.hu\/index.php\/wp-json\/wp\/v2\/tags?post=71208"}],"curies":[{"name":"wp","href":"https:\/\/api.w.org\/{rel}","templated":true}]}}