{"id":71206,"date":"2015-11-30T03:53:15","date_gmt":"2015-11-30T02:53:15","guid":{"rendered":"http:\/\/gazdasagportal.hu\/?p=71206"},"modified":"2015-11-29T21:54:54","modified_gmt":"2015-11-29T20:54:54","slug":"parizsi-klimacsucs-osszecsaptak-rendorok-es-tuntetok-parizsban","status":"publish","type":"post","link":"https:\/\/gazdasagportal.hu\/index.php\/parizsi-klimacsucs-osszecsaptak-rendorok-es-tuntetok-parizsban\/","title":{"rendered":"P\u00e1rizsi kl\u00edmacs\u00facs &#8211; \u00d6sszecsaptak rend\u0151r\u00f6k \u00e9s t\u00fcntet\u0151k P\u00e1rizsban"},"content":{"rendered":"<p><strong>A francia rend\u0151rs\u00e9g 208 embert el\u0151\u00e1ll\u00edtott \u00e9s k\u00f6z\u00fcl\u00fck 174-et \u0151rizetbe vett, miut\u00e1n \u00f6sszecsap\u00e1sok t\u00f6rtek ki vas\u00e1rnap d\u00e9lut\u00e1n P\u00e1rizs belv\u00e1ros\u00e1ban a rendfenntart\u00f3 er\u0151k \u00e9s a kl\u00edmacs\u00facs ellen t\u00fcntet\u0151 aktivist\u00e1k k\u00f6z\u00f6tt &#8211; k\u00f6z\u00f6lte vas\u00e1rnap este a francia bel\u00fcgyminiszt\u00e9rium.<\/strong><!--more--><\/p>\n<div class=\"ads-in-post1\"><div id=\"gazdasagportal.hu_fullbanner_wideboard\"><\/div>\r\n<\/div>\n<p>    &#8222;Kis, er\u0151szakos csoportokr\u00f3l van sz\u00f3&#8221;, amelyek a p\u00e1rizsi prefekt\u00fara szerint gyerty\u00e1kkal, p\u00e9tanque-goly\u00f3kkal, \u00fcvegekkel dob\u00e1lt\u00e1k meg a rend\u0151r\u00f6ket a R\u00e9publique (K\u00f6zt\u00e1rsas\u00e1g) t\u00e9ren, akik k\u00f6nnyg\u00e1zzal v\u00e1laszoltak. Az \u00f6sszecsap\u00e1sokban senki nem s\u00e9r\u00fclt meg.<br \/>\n    A november 13-i, 130 \u00e1ldozatot k\u00f6vetel\u0151 mer\u00e9nyleteket k\u00f6vet\u0151en kihirdetett gy\u00fclekez\u00e9si tilalom ellen\u00e9re t\u00f6bb sz\u00e1z t\u00fcntet\u0151 gy\u0171lt \u00f6ssze d\u00e9lut\u00e1n P\u00e1rizsban. K\u00f6z\u00fcl\u00fck v\u00e1ltak ki a feket\u00e9be \u00f6lt\u00f6z\u00f6tt, arcukat eltakar\u00f3 fiatalok, akik a rend\u0151r\u00f6kre t\u00e1madtak.<br \/>\n    A t\u00fcntet\u0151k az Anticop21 elnevez\u00e9s\u0171 francia kl\u00edmacs\u00facs-elleni csoportosul\u00e1s felh\u00edv\u00e1s\u00e1ra gy\u0171ltek \u00f6ssze a terrort\u00e1mad\u00e1sok elleni megeml\u00e9kez\u00e9sek legf\u0151bb helysz\u00edn\u00e9n, hogy a gy\u00fclekez\u00e9si jog elv\u00e9tele ellen tiltakozzanak.<br \/>\n    Bernard Cazeneuve bel\u00fcgyminiszter sajn\u00e1lat\u00e1t fejezte ki az er\u0151szakos cselekm\u00e9nyek miatt \u00e9s arra eml\u00e9keztettt, hogy a rendk\u00edv\u00fcli \u00e1llapot keret\u00e9ben kihirdetett gy\u00fclekez\u00e9si tilalom idej\u00e9n a megeml\u00e9kez\u00e9sek \u00e9s az \u00e9l\u0151l\u00e1ncok enged\u00e9lyezettek, a t\u00fcntet\u00e9sek viszont nem.<br \/>\n    A R\u00e9publique t\u00e9r a mer\u00e9nyleteket k\u00f6vet\u0151en az \u00e1ldozatokra val\u00f3 megeml\u00e9kez\u00e9sek k\u00f6zponti helysz\u00edne lett, amelyeket enged\u00e9lyezett is a rend\u0151rs\u00e9g. A p\u00e1rizsiak \u00e9s a turist\u00e1k mellett Angela Merkel n\u00e9met kancell\u00e1r Francois Hollande \u00e1llamf\u0151vel egy\u00fctt itt helyezett el szerd\u00e1n a k\u00f6zt\u00e1rsas\u00e1gi jelk\u00e9pez\u0151 Marianne szobor l\u00e1b\u00e1n\u00e1l vir\u00e1got \u00e9s gyerty\u00e1t az \u00e1ldozatok eml\u00e9k\u00e9re.<br \/>\n    Miut\u00e1n a francia hat\u00f3s\u00e1gok nem enged\u00e9lyezt\u00e9k a k\u00f6rnyezetv\u00e9d\u0151k \u00e1ltal vas\u00e1rnapra a francia f\u0151v\u00e1rosba tervezett k\u00e9t nagy felvonul\u00e1st, a civil szervezetek k\u00e9tkilom\u00e9teres \u00e9l\u0151l\u00e1ncot szerveztek az \u00e9ghajlat\u00e9rt a t\u00e9rr\u0151l indul\u00f3 Voltaire sug\u00e1r\u00faton, valamint t\u00f6bb ezer p\u00e1r cip\u0151t halmoztak fel a t\u00e9r k\u00f6zep\u00e9n a k\u00f6rnyezetv\u00e9d\u0151k. A cip\u0151k jelk\u00e9pezt\u00e9k azokat az embereket, akik nem vonulhattak fel P\u00e1rizsban. A szervez\u0151k szerint mintegy 10 ezren, a rend\u0151rs\u00e9g szerint mintegy 4500-an alkott\u00e1k az \u00e9l\u0151l\u00e1ncot.<br \/>\n    A b\u00e9k\u00e9s k\u00f6rnyezetv\u00e9d\u0151k egy\u00e9bk\u00e9nt kif\u00fcty\u00fclt\u00e9k az anarchista aktivist\u00e1kat, akik \u00e9rkez\u00e9s\u00fcket k\u00f6vet\u0151en azonnal kuk\u00e1kat kezdtek borogatni.<br \/>\n    &#8222;Te \u00fagy t\u00fcntetsz, ahogy te akarsz, \u00e9n meg \u00edgy&#8221; &#8211; v\u00e1laszolta egy rendbont\u00f3 egy b\u00e9k\u00e9s t\u00fcntet\u0151nek, aki r\u00e1sz\u00f3lt.<br \/>\n    Francois Hollande francia \u00e1llamf\u0151 botr\u00e1nyosnak nevezte, hogy &#8222;rendbont\u00f3 elemek&#8221; vettek \u00e1t a szerepet az \u00e9l\u0151l\u00e1nc ut\u00e1n a R\u00e9publique t\u00e9ren, ott ahol &#8222;vir\u00e1gok \u00e9s gyerty\u00e1k vannak a terrorist\u00e1k goly\u00f3i \u00e1ltal meg\u00f6ltek eml\u00e9k\u00e9re&#8221;, \u00e9s &#8222;botr\u00e1nyos a kl\u00edmacs\u00facs jelent\u0151s\u00e9ge szempontj\u00e1b\u00f3l is&#8221; &#8211; tette hozz\u00e1 a Br\u00fcsszelben tart\u00f3zkod\u00f3 francia eln\u00f6k.<br \/>\n    &#8222;Tudtuk, hogy vannak rendbont\u00f3 elemek, akiknek semmi k\u00f6z\u00fck a k\u00f6rnyezetv\u00e9d\u0151kh\u00f6z&#8221; &#8211; hangs\u00falyozta Francois Hollande.<br \/>\n    Manuel Valls minisztereln\u00f6k m\u00e9ltatlannak nevezte az incidenst, s azt k\u00e9rte mindenkit\u0151l, hogy tartsa tiszteletben ezen a helyen a terrort\u00e1mad\u00e1sok \u00e1ldozatainak eml\u00e9k\u00e9t.<br \/>\n    A nem enged\u00e9lyezett menetek helyett egy\u00e9bk\u00e9nt orsz\u00e1gszerte sz\u00e1mos \u00e9l\u0151l\u00e1ncot szervezetek francia k\u00f6rnyezetv\u00e9d\u0151k. A bel\u00fcgyminiszt\u00e9rium \u00fcdv\u00f6z\u00f6lte, hogy a h\u00e9tv\u00e9g\u00e9n 58 b\u00e9k\u00e9s megmozdul\u00e1s volt Franciaorsz\u00e1gban a kl\u00edmacs\u00facs sikeress\u00e9ge \u00e9rdek\u00e9ben.(MTI)<\/p>\n","protected":false},"excerpt":{"rendered":"<p>A francia rend\u0151rs\u00e9g 208 embert el\u0151\u00e1ll\u00edtott \u00e9s k\u00f6z\u00fcl\u00fck 174-et \u0151rizetbe vett, miut\u00e1n \u00f6sszecsap\u00e1sok t\u00f6rtek ki vas\u00e1rnap d\u00e9lut\u00e1n P\u00e1rizs belv\u00e1ros\u00e1ban a rendfenntart\u00f3 er\u0151k \u00e9s a kl\u00edmacs\u00facs ellen t\u00fcntet\u0151 aktivist\u00e1k k\u00f6z\u00f6tt &#8211; k\u00f6z\u00f6lte vas\u00e1rnap este a francia bel\u00fcgyminiszt\u00e9rium.<\/p>\n","protected":false},"author":1,"featured_media":0,"comment_status":"open","ping_status":"closed","sticky":false,"template":"","format":"standard","meta":[],"categories":[12],"tags":[],"_links":{"self":[{"href":"https:\/\/gazdasagportal.hu\/index.php\/wp-json\/wp\/v2\/posts\/71206"}],"collection":[{"href":"https:\/\/gazdasagportal.hu\/index.php\/wp-json\/wp\/v2\/posts"}],"about":[{"href":"https:\/\/gazdasagportal.hu\/index.php\/wp-json\/wp\/v2\/types\/post"}],"author":[{"embeddable":true,"href":"https:\/\/gazdasagportal.hu\/index.php\/wp-json\/wp\/v2\/users\/1"}],"replies":[{"embeddable":true,"href":"https:\/\/gazdasagportal.hu\/index.php\/wp-json\/wp\/v2\/comments?post=71206"}],"version-history":[{"count":1,"href":"https:\/\/gazdasagportal.hu\/index.php\/wp-json\/wp\/v2\/posts\/71206\/revisions"}],"predecessor-version":[{"id":71207,"href":"https:\/\/gazdasagportal.hu\/index.php\/wp-json\/wp\/v2\/posts\/71206\/revisions\/71207"}],"wp:attachment":[{"href":"https:\/\/gazdasagportal.hu\/index.php\/wp-json\/wp\/v2\/media?parent=71206"}],"wp:term":[{"taxonomy":"category","embeddable":true,"href":"https:\/\/gazdasagportal.hu\/index.php\/wp-json\/wp\/v2\/categories?post=71206"},{"taxonomy":"post_tag","embeddable":true,"href":"https:\/\/gazdasagportal.hu\/index.php\/wp-json\/wp\/v2\/tags?post=71206"}],"curies":[{"name":"wp","href":"https:\/\/api.w.org\/{rel}","templated":true}]}}