{"id":71200,"date":"2015-11-29T17:02:23","date_gmt":"2015-11-29T16:02:23","guid":{"rendered":"http:\/\/gazdasagportal.hu\/?p=71200"},"modified":"2015-11-29T13:40:39","modified_gmt":"2015-11-29T12:40:39","slug":"illegalis-bevandorlas-az-eu-nak-segitenie-kell-macedoniat","status":"publish","type":"post","link":"https:\/\/gazdasagportal.hu\/index.php\/illegalis-bevandorlas-az-eu-nak-segitenie-kell-macedoniat\/","title":{"rendered":"Illeg\u00e1lis bev\u00e1ndorl\u00e1s &#8211; Az EU-nak seg\u00edtenie kell Maced\u00f3ni\u00e1t"},"content":{"rendered":"<p><strong>Az Eur\u00f3pai Uni\u00f3nak seg\u00edtenie kell Maced\u00f3ni\u00e1t a migr\u00e1ci\u00f3s helyzet kezel\u00e9s\u00e9ben &#8211; mondta Horv\u00e1th J\u00f3zsef titkosszolg\u00e1lati szak\u00e9rt\u0151 az M1 aktu\u00e1lis csatorna vas\u00e1rnap reggeli m\u0171sor\u00e1ban.<\/strong><!--more--><\/p>\n<div class=\"ads-in-post1\"><div id=\"gazdasagportal.hu_fullbanner_wideboard\"><\/div>\r\n<\/div>\n<p>    A katonai titkosszolg\u00e1lat volt f\u0151igazgat\u00f3-helyettese hangs\u00falyozta: Maced\u00f3nia mindent megtesz a hat\u00e1rai v\u00e9delm\u00e9ben, viszont egy nagyon kicsi orsz\u00e1gr\u00f3l van sz\u00f3, \u00edgy egyed\u00fcl nem tudja majd feltart\u00f3ztatni a menek\u00fcltek t\u00f6megeit.<br \/>\n    Hozz\u00e1tette, hogy az uni\u00f3nak annak ellen\u00e9re seg\u00edtenie kell Maced\u00f3ni\u00e1nak, hogy az orsz\u00e1g nem tagja a k\u00f6z\u00f6ss\u00e9gnek.<br \/>\n    Horv\u00e1th J\u00f3zsef a vas\u00e1rnapi EU-T\u00f6r\u00f6korsz\u00e1g cs\u00facstal\u00e1lkoz\u00f3val kapcsolatban megjegyezte: a migr\u00e1ci\u00f3s helyzet megold\u00e1sa T\u00f6r\u00f6korsz\u00e1g kez\u00e9ben van, \u00e9s a t\u00f6r\u00f6k-orosz konfliktus miatt sz\u00e1m\u00e1ra is fel\u00e9rt\u00e9kel\u0151d\u00f6tt a j\u00f3 viszony jelent\u0151s\u00e9ge az Eur\u00f3pai Uni\u00f3val.(MTI)<\/p>\n","protected":false},"excerpt":{"rendered":"<p>Az Eur\u00f3pai Uni\u00f3nak seg\u00edtenie kell Maced\u00f3ni\u00e1t a migr\u00e1ci\u00f3s helyzet kezel\u00e9s\u00e9ben &#8211; mondta Horv\u00e1th J\u00f3zsef titkosszolg\u00e1lati szak\u00e9rt\u0151 az M1 aktu\u00e1lis csatorna vas\u00e1rnap reggeli m\u0171sor\u00e1ban.<\/p>\n","protected":false},"author":1,"featured_media":0,"comment_status":"open","ping_status":"closed","sticky":false,"template":"","format":"standard","meta":[],"categories":[12],"tags":[],"_links":{"self":[{"href":"https:\/\/gazdasagportal.hu\/index.php\/wp-json\/wp\/v2\/posts\/71200"}],"collection":[{"href":"https:\/\/gazdasagportal.hu\/index.php\/wp-json\/wp\/v2\/posts"}],"about":[{"href":"https:\/\/gazdasagportal.hu\/index.php\/wp-json\/wp\/v2\/types\/post"}],"author":[{"embeddable":true,"href":"https:\/\/gazdasagportal.hu\/index.php\/wp-json\/wp\/v2\/users\/1"}],"replies":[{"embeddable":true,"href":"https:\/\/gazdasagportal.hu\/index.php\/wp-json\/wp\/v2\/comments?post=71200"}],"version-history":[{"count":1,"href":"https:\/\/gazdasagportal.hu\/index.php\/wp-json\/wp\/v2\/posts\/71200\/revisions"}],"predecessor-version":[{"id":71201,"href":"https:\/\/gazdasagportal.hu\/index.php\/wp-json\/wp\/v2\/posts\/71200\/revisions\/71201"}],"wp:attachment":[{"href":"https:\/\/gazdasagportal.hu\/index.php\/wp-json\/wp\/v2\/media?parent=71200"}],"wp:term":[{"taxonomy":"category","embeddable":true,"href":"https:\/\/gazdasagportal.hu\/index.php\/wp-json\/wp\/v2\/categories?post=71200"},{"taxonomy":"post_tag","embeddable":true,"href":"https:\/\/gazdasagportal.hu\/index.php\/wp-json\/wp\/v2\/tags?post=71200"}],"curies":[{"name":"wp","href":"https:\/\/api.w.org\/{rel}","templated":true}]}}