{"id":71196,"date":"2015-11-30T04:46:21","date_gmt":"2015-11-30T03:46:21","guid":{"rendered":"http:\/\/gazdasagportal.hu\/?p=71196"},"modified":"2015-11-29T13:37:32","modified_gmt":"2015-11-29T12:37:32","slug":"brit-vedelmi-miniszter-rendkivul-magas-a-terrorfenyegetettseg-nagy-britanniaban","status":"publish","type":"post","link":"https:\/\/gazdasagportal.hu\/index.php\/brit-vedelmi-miniszter-rendkivul-magas-a-terrorfenyegetettseg-nagy-britanniaban\/","title":{"rendered":"Brit v\u00e9delmi miniszter: rendk\u00edv\u00fcl magas a terrorfenyegetetts\u00e9g Nagy-Britanni\u00e1ban"},"content":{"rendered":"<p><strong>A brit v\u00e9delmi miniszter szerint &#8222;rendk\u00edv\u00fcl magas&#8221; a terrorfenyegetetts\u00e9g Nagy-Britanni\u00e1ban, \u00e9s &#8222;k\u00f6nnyen&#8221; elk\u00e9pzelhet\u0151 a p\u00e1rizsi mer\u00e9nyletsorozathoz hasonl\u00f3 terrorcselekm\u00e9ny Londonban \u00e9s m\u00e1s brit nagyv\u00e1rosokban is.<\/strong><!--more--><\/p>\n<div class=\"ads-in-post1\"><div id=\"gazdasagportal.hu_fullbanner_wideboard\"><\/div>\r\n<\/div>\n<p>    Michael Fallon a The Sunday Telegraph c\u00edm\u0171 tekint\u00e9lyes vas\u00e1rnapi konzervat\u00edv brit lapnak, majd a BBC telev\u00edzi\u00f3 vas\u00e1rnapi politikai magazinm\u0171sor\u00e1nak adott, j\u00f3r\u00e9szt azonos tartalm\u00fa interj\u00fakban kijelentette: &#8222;igen nagy a val\u00f3sz\u00edn\u0171s\u00e9ge&#8221; egy mer\u00e9nyk\u00eds\u00e9rletnek Nagy-Britanni\u00e1ban is, ez\u00e9rt erre a fenyegetetts\u00e9gre a korm\u00e1nynak v\u00e1laszolnia kell.<br \/>\n    A brit korm\u00e1ny ezekben a napokban igyekszik r\u00e1venni a meglehet\u0151sen vonakod\u00f3 parlamentet annak j\u00f3v\u00e1hagy\u00e1s\u00e1ra, hogy a brit kir\u00e1lyi l\u00e9gier\u0151 (RAF) bekapcsol\u00f3dhasson az Iszl\u00e1m \u00c1llam nev\u0171 dzsihadista terrorszervezet sz\u00edriai \u00e1ll\u00e1sai elleni l\u00e9gi hadm\u0171veletekbe. Fallon ezzel \u00f6sszef\u00fcgg\u00e9sben nyilatkozott vas\u00e1rnap.<br \/>\n    Meger\u0151s\u00edtette azt a kor\u00e1bban m\u00e1r elhangzott \u00e9rtes\u00fcl\u00e9st, hogy a brit biztons\u00e1gi szolg\u00e1latok az elm\u00falt egy \u00e9vben h\u00e9t olyan nagy-britanniai terrort\u00e1mad\u00e1si k\u00eds\u00e9rletet hi\u00fas\u00edtottak meg, amelyek k\u00f6zvetlen\u00fcl az Iszl\u00e1m \u00c1llamhoz k\u00f6t\u0151dtek. Hozz\u00e1tette: ennek r\u00e9szleteibe nem mehet bele, de &#8222;az Iszl\u00e1m \u00c1llam jelentette fenyeget\u00e9s ugyanolyan er\u0151teljes Nagy-Britanni\u00e1ban, mint amennyire re\u00e1lis volt P\u00e1rizsban (&#8230;) ugyanez megt\u00f6rt\u00e9nhet Londonban, Manchesterben, Glasgowban is&#8221;.<br \/>\n    Fallon szerint az Iszl\u00e1m \u00c1llam nem t\u00e1maszt k\u00f6vetel\u00e9seket, nem ejt t\u00faszokat, egyetlen c\u00e9lja az automata fegyverekkel v\u00e9grehajtott m\u00e9sz\u00e1rl\u00e1s. &#8222;Ez egy hal\u00e1lszekta, \u00e9s ennek megfelel\u0151en kell b\u00e1nni vele&#8221; &#8211; tette hozz\u00e1.<br \/>\n    A brit v\u00e9delmi miniszter szerint a h\u00e1bor\u00fanak vannak kock\u00e1zatai, de enn\u00e9l nagyobb a kock\u00e1zata annak, ha az Iszl\u00e1m \u00c1llamot hagyj\u00e1k b\u00fcntetlen\u00fcl tev\u00e9kenykedni.<br \/>\n    Fallon szerint a dzsihadista szervezet egyre nagyobb glob\u00e1lis vesz\u00e9lyt jelent; ezt mutatja, hogy tavaly 15, az id\u00e9n eddig m\u00e1r 150 olyan mer\u00e9nylet t\u00f6rt\u00e9nt vil\u00e1gszerte, amely az Iszl\u00e1m \u00c1llamhoz k\u00f6thet\u0151.<br \/>\n    Arra a k\u00e9rd\u00e9sre, hogy a k\u00f6zelj\u00f6v\u0151ben v\u00e1rhat\u00f3-e szavaz\u00e1s a londoni als\u00f3h\u00e1zban az RAF sz\u00edriai hadm\u0171veleteinek enged\u00e9lyez\u00e9s\u00e9r\u0151l, a brit v\u00e9delmi miniszter a BBC-interj\u00faban kit\u00e9r\u0151en azt mondta: m\u00e9g folytatni kell a k\u00e9pvisel\u0151k meggy\u0151z\u00e9s\u00e9t, hogy meglegyen a konszenzusos t\u00f6bbs\u00e9g. Hozz\u00e1tette: egy esetleges elutas\u00edt\u00f3 d\u00f6nt\u00e9s s\u00falyosan k\u00e1ros\u00edtan\u00e1 Nagy-Britannia nemzetk\u00f6zi tekint\u00e9ly\u00e9t.<br \/>\n    Az RAF r\u00e9szt vesz az Iszl\u00e1m \u00c1llam iraki \u00e1ll\u00e1sai elleni t\u00e1mad\u00e1sokban, \u00e1m a sz\u00edriai l\u00e9gi hadm\u0171veletekben nem, mivel ehhez a brit parlament eddig nem adta hozz\u00e1j\u00e1rul\u00e1s\u00e1t. A brit korm\u00e1ny 2013-ban m\u00e1r beterjesztett az als\u00f3h\u00e1z el\u00e9 egy olyan ind\u00edtv\u00e1nyt, amelyben k\u00e9rte, hogy a l\u00e9gier\u0151 r\u00e9szt vehessen sz\u00edriai hadm\u0171veletekben. London akkor Bass\u00e1r el-Aszad sz\u00edriai eln\u00f6k rezsimje ellen akarta bevetni az RAF harci g\u00e9peit, miut\u00e1n olyan \u00e9rtes\u00fcl\u00e9sekhez jutott, hogy a sz\u00edriai korm\u00e1nyer\u0151k vegyi fegyvereket vetettek be a felkel\u0151k ellen.<br \/>\n    A korm\u00e1ny azonban annak idej\u00e9n v\u00e1ratlan \u00e9s k\u00ednos veres\u00e9get szenvedett az RAF sz\u00edriai bevet\u00e9s\u00e9r\u0151l tartott parlamenti szavaz\u00e1son, \u00e9s a Downing Street hivatalos \u00e1ll\u00e1spontja az\u00f3ta az, hogy csak akkor terjeszt ism\u00e9t az als\u00f3h\u00e1z el\u00e9 ilyen ind\u00edtv\u00e1nyt, ha biztos abban, hogy el\u00e9rhet\u0151 a konszenzusos &#8211; teh\u00e1t az ellenz\u00e9k z\u00f6me \u00e1ltal is t\u00e1mogatott &#8211; j\u00f3v\u00e1hagy\u00e1s.<br \/>\n    Az \u00fcgyben a legnagyobb brit ellenz\u00e9ki er\u0151, a Munk\u00e1sp\u00e1rt soraiban is komoly bels\u0151 fesz\u00fclts\u00e9g alakult ki, mivel Jeremy Corbyn, a p\u00e1rt vezet\u0151je ellenzi, ugyanakkor az als\u00f3h\u00e1zi Labour-frakci\u00f3b\u00f3l, s\u0151t az \u00e1rny\u00e9kkorm\u00e1ny tagjai k\u00f6z\u00fcl is sokan t\u00e1mogatj\u00e1k a sz\u00edriai beavatkoz\u00e1st.(MTI)<\/p>\n","protected":false},"excerpt":{"rendered":"<p>A brit v\u00e9delmi miniszter szerint &#8222;rendk\u00edv\u00fcl magas&#8221; a terrorfenyegetetts\u00e9g Nagy-Britanni\u00e1ban, \u00e9s &#8222;k\u00f6nnyen&#8221; elk\u00e9pzelhet\u0151 a p\u00e1rizsi mer\u00e9nyletsorozathoz hasonl\u00f3 terrorcselekm\u00e9ny Londonban \u00e9s m\u00e1s brit nagyv\u00e1rosokban is.<\/p>\n","protected":false},"author":1,"featured_media":0,"comment_status":"open","ping_status":"closed","sticky":false,"template":"","format":"standard","meta":[],"categories":[12],"tags":[],"_links":{"self":[{"href":"https:\/\/gazdasagportal.hu\/index.php\/wp-json\/wp\/v2\/posts\/71196"}],"collection":[{"href":"https:\/\/gazdasagportal.hu\/index.php\/wp-json\/wp\/v2\/posts"}],"about":[{"href":"https:\/\/gazdasagportal.hu\/index.php\/wp-json\/wp\/v2\/types\/post"}],"author":[{"embeddable":true,"href":"https:\/\/gazdasagportal.hu\/index.php\/wp-json\/wp\/v2\/users\/1"}],"replies":[{"embeddable":true,"href":"https:\/\/gazdasagportal.hu\/index.php\/wp-json\/wp\/v2\/comments?post=71196"}],"version-history":[{"count":1,"href":"https:\/\/gazdasagportal.hu\/index.php\/wp-json\/wp\/v2\/posts\/71196\/revisions"}],"predecessor-version":[{"id":71197,"href":"https:\/\/gazdasagportal.hu\/index.php\/wp-json\/wp\/v2\/posts\/71196\/revisions\/71197"}],"wp:attachment":[{"href":"https:\/\/gazdasagportal.hu\/index.php\/wp-json\/wp\/v2\/media?parent=71196"}],"wp:term":[{"taxonomy":"category","embeddable":true,"href":"https:\/\/gazdasagportal.hu\/index.php\/wp-json\/wp\/v2\/categories?post=71196"},{"taxonomy":"post_tag","embeddable":true,"href":"https:\/\/gazdasagportal.hu\/index.php\/wp-json\/wp\/v2\/tags?post=71196"}],"curies":[{"name":"wp","href":"https:\/\/api.w.org\/{rel}","templated":true}]}}