{"id":71186,"date":"2015-11-29T04:00:54","date_gmt":"2015-11-29T03:00:54","guid":{"rendered":"http:\/\/gazdasagportal.hu\/?p=71186"},"modified":"2015-11-28T22:01:49","modified_gmt":"2015-11-28T21:01:49","slug":"eu-csucs-kosa-mindent-meg-kell-tenni-hogy-az-unio-ujragondolja-bevandorlaspolitikajat","status":"publish","type":"post","link":"https:\/\/gazdasagportal.hu\/index.php\/eu-csucs-kosa-mindent-meg-kell-tenni-hogy-az-unio-ujragondolja-bevandorlaspolitikajat\/","title":{"rendered":"EU-cs\u00facs &#8211; K\u00f3sa: mindent meg kell tenni, hogy az uni\u00f3 \u00fajragondolja bev\u00e1ndorl\u00e1spolitik\u00e1j\u00e1t"},"content":{"rendered":"<p><strong>A Fidesz parlamenti frakci\u00f3j\u00e1nak vezet\u0151je szerint mindent meg kell tenni az\u00e9rt, hogy az Eur\u00f3pai Uni\u00f3 \u00e1tgondolja bev\u00e1ndorl\u00e1spolitik\u00e1j\u00e1t \u00e9s a k\u00f6telez\u0151 kv\u00f3tarendszerrel kapcsolatos \u00e1ll\u00e1spontj\u00e1t.<br \/>\n<\/strong><!--more--><\/p>\n<div class=\"ads-in-post1\"><div id=\"gazdasagportal.hu_fullbanner_wideboard\"><\/div>\r\n<\/div>\n    K\u00f3sa Lajos azut\u00e1n nyilatkozott az M1 aktu\u00e1lis csatorna szombat d\u00e9lut\u00e1ni m\u0171sor\u00e1ban, hogy d\u00e9lel\u0151tt az Orsz\u00e1gh\u00e1zban egyeztettek a minisztereln\u00f6kkel a parlamenti frakci\u00f3k vezet\u0151i. A tal\u00e1lkoz\u00f3t Orb\u00e1n Viktor h\u00edvta \u00f6ssze, hogy a vas\u00e1rnapi rendk\u00edv\u00fcli t\u00f6r\u00f6k-EU-cs\u00facs el\u0151tt t\u00e1j\u00e9koztassa a parlamenti k\u00e9pvisel\u0151csoportok vezet\u0151it, \u00e9s kik\u00e9rje a v\u00e9lem\u00e9ny\u00fcket.<br \/>\n    K\u00f3sa Lajos a h\u00edrm\u0171sorban azt mondta, az Eur\u00f3pai Uni\u00f3 \u00e9s T\u00f6r\u00f6korsz\u00e1g k\u00f6z\u00f6tti meg\u00e1llapod\u00e1s-tervezet mag\u00e1ban hordozza, hogy m\u00e9g t\u00f6bb illeg\u00e1lis bev\u00e1ndorl\u00f3 j\u00f6het Eur\u00f3p\u00e1ba. A parlamenti p\u00e1rtok vezet\u0151ivel folytatott megbesz\u00e9l\u00e9sen &#8211; amelyen az MSZP a kongresszus\u00e1ra hivatkozva nem vett r\u00e9szt &#8211; egyet\u00e9rtettek abban, hogy a tov\u00e1bbi betelep\u00edt\u00e9seket nem lehet elfogadni &#8211; hangs\u00falyozta.<br \/>\n    A cs\u00facstal\u00e1lkoz\u00f3val kapcsolatban elmondta, hogy az uni\u00f3 &#8222;beleman\u0151verezte&#8221; mag\u00e1t egy olyan helyzetbe, amelyben n\u00e9mileg kiszolg\u00e1ltatott lett a t\u00f6r\u00f6k k\u00e9r\u00e9seknek. Szerinte az uni\u00f3nak el\u0151sz\u00f6r egys\u00e9ges \u00e1ll\u00e1spontot kellett volna kialak\u00edtania \u00e9s csak ut\u00e1na t\u00e1rgyalni Ankar\u00e1val.<br \/>\n    A Fidesz frakci\u00f3vezet\u0151je besz\u00e9lt arr\u00f3l is, hogy \u00e1ll\u00e1spontjuk v\u00e1ltozatlan: az uni\u00f3nak meg kell v\u00e9denie k\u00fcls\u0151 hat\u00e1rait, ha nem lehet a g\u00f6r\u00f6g-t\u00f6r\u00f6k hat\u00e1ron, akkor Bulg\u00e1ri\u00e1n\u00e1l \u00e9s Maced\u00f3ni\u00e1n\u00e1l.<br \/>\n    Havasi Bertalan, a Minisztereln\u00f6ki Sajt\u00f3iroda vezet\u0151je a tal\u00e1lkoz\u00f3 ut\u00e1n az MTI-nek elmondta, az egyeztet\u00e9sen a frakci\u00f3vezet\u0151k egyet\u00e9rtettek abban, hogy olyan meg\u00e1llapod\u00e1sra van sz\u00fcks\u00e9g Br\u00fcsszelben, amely a bev\u00e1ndorl\u00e1s \u00fcgy\u00e9ben szem el\u0151tt tartja az Orsz\u00e1ggy\u0171l\u00e9s kor\u00e1bbi d\u00f6nt\u00e9seit, valamint az eur\u00f3pai \u00e9s a magyar \u00e9rdekeket.<br \/>\n(MTI)<\/p>\n","protected":false},"excerpt":{"rendered":"<p>A Fidesz parlamenti frakci\u00f3j\u00e1nak vezet\u0151je szerint mindent meg kell tenni az\u00e9rt, hogy az Eur\u00f3pai Uni\u00f3 \u00e1tgondolja bev\u00e1ndorl\u00e1spolitik\u00e1j\u00e1t \u00e9s a k\u00f6telez\u0151 kv\u00f3tarendszerrel kapcsolatos \u00e1ll\u00e1spontj\u00e1t.<\/p>\n","protected":false},"author":1,"featured_media":0,"comment_status":"open","ping_status":"closed","sticky":false,"template":"","format":"standard","meta":[],"categories":[4],"tags":[],"_links":{"self":[{"href":"https:\/\/gazdasagportal.hu\/index.php\/wp-json\/wp\/v2\/posts\/71186"}],"collection":[{"href":"https:\/\/gazdasagportal.hu\/index.php\/wp-json\/wp\/v2\/posts"}],"about":[{"href":"https:\/\/gazdasagportal.hu\/index.php\/wp-json\/wp\/v2\/types\/post"}],"author":[{"embeddable":true,"href":"https:\/\/gazdasagportal.hu\/index.php\/wp-json\/wp\/v2\/users\/1"}],"replies":[{"embeddable":true,"href":"https:\/\/gazdasagportal.hu\/index.php\/wp-json\/wp\/v2\/comments?post=71186"}],"version-history":[{"count":1,"href":"https:\/\/gazdasagportal.hu\/index.php\/wp-json\/wp\/v2\/posts\/71186\/revisions"}],"predecessor-version":[{"id":71187,"href":"https:\/\/gazdasagportal.hu\/index.php\/wp-json\/wp\/v2\/posts\/71186\/revisions\/71187"}],"wp:attachment":[{"href":"https:\/\/gazdasagportal.hu\/index.php\/wp-json\/wp\/v2\/media?parent=71186"}],"wp:term":[{"taxonomy":"category","embeddable":true,"href":"https:\/\/gazdasagportal.hu\/index.php\/wp-json\/wp\/v2\/categories?post=71186"},{"taxonomy":"post_tag","embeddable":true,"href":"https:\/\/gazdasagportal.hu\/index.php\/wp-json\/wp\/v2\/tags?post=71186"}],"curies":[{"name":"wp","href":"https:\/\/api.w.org\/{rel}","templated":true}]}}