{"id":71170,"date":"2015-11-28T16:31:39","date_gmt":"2015-11-28T15:31:39","guid":{"rendered":"http:\/\/gazdasagportal.hu\/?p=71170"},"modified":"2015-11-28T14:31:49","modified_gmt":"2015-11-28T13:31:49","slug":"illegalis-bevandorlas-ismet-osszetuztek-migransok-a-macedon-rohamrendorokkel","status":"publish","type":"post","link":"https:\/\/gazdasagportal.hu\/index.php\/illegalis-bevandorlas-ismet-osszetuztek-migransok-a-macedon-rohamrendorokkel\/","title":{"rendered":"Illeg\u00e1lis bev\u00e1ndorl\u00e1s &#8211; Ism\u00e9t \u00f6sszet\u0171ztek migr\u00e1nsok a maced\u00f3n rohamrend\u0151r\u00f6kkel"},"content":{"rendered":"<p><strong>Szombat kora d\u00e9lut\u00e1n ism\u00e9t \u00f6sszet\u0171ztek a migr\u00e1nsok a maced\u00f3n rohamrend\u0151r\u00f6kkel a g\u00f6r\u00f6g-maced\u00f3n hat\u00e1rn\u00e1l &#8211; jelentette az M1 aktu\u00e1lis csatorna tud\u00f3s\u00edt\u00f3ja a helysz\u00ednr\u0151l.<\/strong><!--more--><\/p>\n<div class=\"ads-in-post1\"><div id=\"gazdasagportal.hu_fullbanner_wideboard\"><\/div>\r\n<\/div>\n<p>    Besz\u00e1mol\u00f3ja szerint mintegy \u00f6tven maced\u00f3n rohamrend\u0151r nyomult be a g\u00f6r\u00f6g ter\u00fcleten l\u00e9v\u0151 konfliktusz\u00f3n\u00e1ba, mivel a migr\u00e1nsok egy kisebb csoportja k\u00f6vekkel, botokkal, t\u00e9gladarabokkal dob\u00e1lta a rend\u0151r\u00f6ket. A t\u00e1mad\u00e1sban t\u00f6bb rend\u0151r is megs\u00e9r\u00fclt.<br \/>\n    A tud\u00f3s\u00edt\u00e1s szerint a migr\u00e1nsok folyamatosan pr\u00f3b\u00e1lnak a z\u00f6ldhat\u00e1ron \u00e1t Maced\u00f3ni\u00e1ba jutni, de amikor a befogad\u00f3 k\u00f6zpontokba \u00e9rkeznek, akkor a rend\u0151r\u00f6k \u0151ket visszaviszik G\u00f6r\u00f6gorsz\u00e1gba. A hat\u00f3s\u00e1gok m\u00e1r egy \u00f6t kilom\u00e9teres szakaszon \u00e9p\u00edtettek h\u00e1rom m\u00e9ter magas dr\u00f3tker\u00edt\u00e9st, de arr\u00f3l egyel\u0151re nem kaptak hivatalos t\u00e1j\u00e9koztat\u00e1st, hogy mekkora szakaszon \u00e9p\u00fclhet tov\u00e1bb a m\u0171szaki hat\u00e1rz\u00e1r.<br \/>\n    A maced\u00f3n hat\u00f3s\u00e1gok november 19. \u00f3ta csak az afg\u00e1n, az iraki \u00e9s a sz\u00edr mened\u00e9kk\u00e9r\u0151ket engedik be az orsz\u00e1gba, a t\u00f6bbieket gazdas\u00e1gi bev\u00e1ndorl\u00f3nak tekintik, \u00e9s elutas\u00edtj\u00e1k tov\u00e1bbhalad\u00e1sukat. Ez\u00e9rt m\u00e1r mintegy k\u00e9tezren rekedtek a hat\u00e1r g\u00f6r\u00f6g oldal\u00e1n fekv\u0151 Idomeni telep\u00fcl\u00e9s k\u00f6zel\u00e9ben.(MTI)<\/p>\n","protected":false},"excerpt":{"rendered":"<p>Szombat kora d\u00e9lut\u00e1n ism\u00e9t \u00f6sszet\u0171ztek a migr\u00e1nsok a maced\u00f3n rohamrend\u0151r\u00f6kkel a g\u00f6r\u00f6g-maced\u00f3n hat\u00e1rn\u00e1l &#8211; jelentette az M1 aktu\u00e1lis csatorna tud\u00f3s\u00edt\u00f3ja a helysz\u00ednr\u0151l.<\/p>\n","protected":false},"author":1,"featured_media":0,"comment_status":"open","ping_status":"closed","sticky":false,"template":"","format":"standard","meta":[],"categories":[12],"tags":[],"_links":{"self":[{"href":"https:\/\/gazdasagportal.hu\/index.php\/wp-json\/wp\/v2\/posts\/71170"}],"collection":[{"href":"https:\/\/gazdasagportal.hu\/index.php\/wp-json\/wp\/v2\/posts"}],"about":[{"href":"https:\/\/gazdasagportal.hu\/index.php\/wp-json\/wp\/v2\/types\/post"}],"author":[{"embeddable":true,"href":"https:\/\/gazdasagportal.hu\/index.php\/wp-json\/wp\/v2\/users\/1"}],"replies":[{"embeddable":true,"href":"https:\/\/gazdasagportal.hu\/index.php\/wp-json\/wp\/v2\/comments?post=71170"}],"version-history":[{"count":1,"href":"https:\/\/gazdasagportal.hu\/index.php\/wp-json\/wp\/v2\/posts\/71170\/revisions"}],"predecessor-version":[{"id":71171,"href":"https:\/\/gazdasagportal.hu\/index.php\/wp-json\/wp\/v2\/posts\/71170\/revisions\/71171"}],"wp:attachment":[{"href":"https:\/\/gazdasagportal.hu\/index.php\/wp-json\/wp\/v2\/media?parent=71170"}],"wp:term":[{"taxonomy":"category","embeddable":true,"href":"https:\/\/gazdasagportal.hu\/index.php\/wp-json\/wp\/v2\/categories?post=71170"},{"taxonomy":"post_tag","embeddable":true,"href":"https:\/\/gazdasagportal.hu\/index.php\/wp-json\/wp\/v2\/tags?post=71170"}],"curies":[{"name":"wp","href":"https:\/\/api.w.org\/{rel}","templated":true}]}}