{"id":71168,"date":"2015-11-28T14:30:41","date_gmt":"2015-11-28T13:30:41","guid":{"rendered":"http:\/\/gazdasagportal.hu\/?p=71168"},"modified":"2015-11-28T14:30:41","modified_gmt":"2015-11-28T13:30:41","slug":"eu-csucs-schiffer-nem-lehet-vegtelenitett-a-bevandorlasi-hullam","status":"publish","type":"post","link":"https:\/\/gazdasagportal.hu\/index.php\/eu-csucs-schiffer-nem-lehet-vegtelenitett-a-bevandorlasi-hullam\/","title":{"rendered":"EU-cs\u00facs &#8211; Schiffer: nem lehet v\u00e9gtelen\u00edtett a bev\u00e1ndorl\u00e1si hull\u00e1m"},"content":{"rendered":"<p><strong>Nem lehet megh\u00edv\u00f3levelet adni egy v\u00e9gtelen\u00edtett bev\u00e1ndorl\u00e1si hull\u00e1mnak &#8211; jelentette ki Schiffer Andr\u00e1s a korm\u00e1nyf\u0151 \u00e9s a parlamenti frakci\u00f3k k\u00e9pvisel\u0151inek szombati egyeztet\u00e9se ut\u00e1n sajt\u00f3t\u00e1j\u00e9koztat\u00f3n.<\/strong><!--more--><\/p>\n<div class=\"ads-in-post1\"><div id=\"gazdasagportal.hu_fullbanner_wideboard\"><\/div>\r\n<\/div>\n<p>    A tal\u00e1lkoz\u00f3t Orb\u00e1n Viktor minisztereln\u00f6k h\u00edvta \u00f6ssze, hogy a vas\u00e1rnapi rendk\u00edv\u00fcli t\u00f6r\u00f6k-EU-cs\u00facs el\u0151tt t\u00e1j\u00e9koztassa a magyar parlamenti k\u00e9pvisel\u0151csoportok vezet\u0151it, \u00e9s kik\u00e9rje a v\u00e9lem\u00e9ny\u00fcket.<br \/>\n    Az LMP t\u00e1rseln\u00f6ke a megbesz\u00e9l\u00e9s ut\u00e1ni t\u00e1j\u00e9koztat\u00f3j\u00e1n kiemelte, nyilv\u00e1nval\u00f3, hogy az Eur\u00f3pai Uni\u00f3nak \u00e9s Magyarorsz\u00e1gnak humanit\u00e1rius k\u00f6telezetts\u00e9gei vannak a hat\u00e1rain\u00e1l d\u00fal\u00f3 h\u00e1bor\u00fas \u00e9s terrorcselekm\u00e9nyek \u00fcld\u00f6z\u00f6ttei fel\u00e9.     Hangs\u00falyozta ugyanakkor, sem az uni\u00f3nak, sem Magyarorsz\u00e1gnak nem \u00e9rdeke, hogy a vas\u00e1rnapi cs\u00facstal\u00e1lkoz\u00f3n olyan meg\u00e1llapod\u00e1s sz\u00fclessen T\u00f6r\u00f6korsz\u00e1ggal, amely nincs tekintettel &#8222;az Eur\u00f3pai Uni\u00f3 integr\u00e1ci\u00f3s kapacit\u00e1sainak v\u00e9gess\u00e9g\u00e9re&#8221; \u00e9s a k\u00f6z\u00f6ss\u00e9g, valamint tag\u00e1llamai biztons\u00e1gi \u00e9rdekeire. \u00c1ll\u00e1spontja szerint Orb\u00e1n Viktor minisztereln\u00f6k e k\u00e9t k\u00f6vetelm\u00e9nynek megfelel\u0151 \u00e1ll\u00e1spontot fog k\u00e9pviselni a tal\u00e1lkoz\u00f3n.<br \/>\n    Mint mondta, az eur\u00f3pai hat\u00f3s\u00e1goknak k\u00e9pesnek kell arra lenni\u00fck, hogy k\u00fcl\u00f6nbs\u00e9get tegyenek a t\u00e9nyleges menek\u00fcltek, a gazdas\u00e1gi bev\u00e1ndorl\u00f3k \u00e9s a potenci\u00e1lis terrorist\u00e1k k\u00f6z\u00f6tt, ez\u00e9rt is szorgalmazt\u00e1k a tag\u00e1llamok m\u00e9lyebb belbiztons\u00e1gi egy\u00fcttm\u0171k\u00f6d\u00e9s\u00e9t.<br \/>\n    Eml\u00e9keztetett r\u00e1: az LMP m\u00e1r augusztusban a legfontosabb l\u00e9p\u00e9sek k\u00f6z\u00f6tt eml\u00edtette, hogy az Eur\u00f3pai Uni\u00f3 T\u00f6r\u00f6korsz\u00e1got, Libanont \u00e9s Jord\u00e1ni\u00e1t seg\u00edtse, hogy ezek az \u00e1llamok a nemzetk\u00f6zi egyezm\u00e9nyekben foglaltaknak megfelel\u0151 ell\u00e1t\u00e1st ny\u00fajthassanak a h\u00e1bor\u00fas menek\u00fclteknek.<br \/>\n    Egy ilyen meg\u00e1llapod\u00e1s kapcs\u00e1n ki kell tenni az asztalra azt is, hogy egy\u00e9bk\u00e9nt T\u00f6r\u00f6korsz\u00e1gnak milyen felel\u0151ss\u00e9ge van abban, hogy az iszl\u00e1m \u00e1llam ut\u00e1np\u00f3tl\u00e1si vonalait eddig nem siker\u00fclt elv\u00e1gni &#8211; jelentette ki a politikus, utalva arra, hogy T\u00f6r\u00f6korsz\u00e1g a NATO tagja \u00e9s az EU-ba t\u00f6rekszik.<br \/>\n    Hozz\u00e1tette: vil\u00e1goss\u00e1 kell tenni, hogy a t\u00f6r\u00f6korsz\u00e1gi menek\u00fcltt\u00e1borok helyzete &#8222;nem f\u00fcggetlen\u00edthet\u0151 att\u00f3l, amit ez a terrorszervezet m\u0171vel Irak, illetve Sz\u00edria ter\u00fclet\u00e9n&#8221;, utalva arra, hogy az LMP az elm\u00falt \u00e9vekben b\u00edr\u00e1lta a korm\u00e1ny \u00e9s a Jobbik t\u00f6r\u00f6k politik\u00e1j\u00e1t.<br \/>\n    &#8222;Nem lehet amellett elmenni sz\u00f3 n\u00e9lk\u00fcl, hogy T\u00f6r\u00f6korsz\u00e1g egy olyan \u00f6n\u00e1ll\u00f3 \u00e9p\u00edtkez\u00e9st folytat a mediterr\u00e1n t\u00e9rs\u00e9gben, ami nem felt\u00e9tlen\u00fcl van tekintettel p\u00e9ld\u00e1ul az eur\u00f3pai \u00e9rdekekre&#8221; &#8211; fogalmazott Schiffer Andr\u00e1s. Azt is hangs\u00falyozta: ki kell mondani, hogy &#8222;a demokr\u00e1ciaexport doktrin\u00e1ja cs\u0151d\u00f6t mondott&#8221;, a migr\u00e1ci\u00f3s v\u00e1ls\u00e1g megold\u00e1s\u00e1ra pedig akkor van es\u00e9ly, ha Sz\u00edria t\u00f6bb\u00e9 nem lesz Orosz- \u00e9s T\u00f6r\u00f6korsz\u00e1g, valamint a Nyugat &#8222;nagyhatalmi j\u00e1tsz\u00f3tere&#8221;.(MTI)<\/p>\n","protected":false},"excerpt":{"rendered":"<p>Nem lehet megh\u00edv\u00f3levelet adni egy v\u00e9gtelen\u00edtett bev\u00e1ndorl\u00e1si hull\u00e1mnak &#8211; jelentette ki Schiffer Andr\u00e1s a korm\u00e1nyf\u0151 \u00e9s a parlamenti frakci\u00f3k k\u00e9pvisel\u0151inek szombati egyeztet\u00e9se ut\u00e1n sajt\u00f3t\u00e1j\u00e9koztat\u00f3n.<\/p>\n","protected":false},"author":1,"featured_media":0,"comment_status":"open","ping_status":"closed","sticky":false,"template":"","format":"standard","meta":[],"categories":[4,18],"tags":[],"_links":{"self":[{"href":"https:\/\/gazdasagportal.hu\/index.php\/wp-json\/wp\/v2\/posts\/71168"}],"collection":[{"href":"https:\/\/gazdasagportal.hu\/index.php\/wp-json\/wp\/v2\/posts"}],"about":[{"href":"https:\/\/gazdasagportal.hu\/index.php\/wp-json\/wp\/v2\/types\/post"}],"author":[{"embeddable":true,"href":"https:\/\/gazdasagportal.hu\/index.php\/wp-json\/wp\/v2\/users\/1"}],"replies":[{"embeddable":true,"href":"https:\/\/gazdasagportal.hu\/index.php\/wp-json\/wp\/v2\/comments?post=71168"}],"version-history":[{"count":1,"href":"https:\/\/gazdasagportal.hu\/index.php\/wp-json\/wp\/v2\/posts\/71168\/revisions"}],"predecessor-version":[{"id":71169,"href":"https:\/\/gazdasagportal.hu\/index.php\/wp-json\/wp\/v2\/posts\/71168\/revisions\/71169"}],"wp:attachment":[{"href":"https:\/\/gazdasagportal.hu\/index.php\/wp-json\/wp\/v2\/media?parent=71168"}],"wp:term":[{"taxonomy":"category","embeddable":true,"href":"https:\/\/gazdasagportal.hu\/index.php\/wp-json\/wp\/v2\/categories?post=71168"},{"taxonomy":"post_tag","embeddable":true,"href":"https:\/\/gazdasagportal.hu\/index.php\/wp-json\/wp\/v2\/tags?post=71168"}],"curies":[{"name":"wp","href":"https:\/\/api.w.org\/{rel}","templated":true}]}}